{"id":89587,"date":"2018-03-10T00:14:46","date_gmt":"2018-03-10T00:14:46","guid":{"rendered":"https:\/\/www.deberes.net\/tesis\/sin-categoria\/la-evaluacion-de-la-pola%c2%adtica-regional-propuestas-para-evaluar-las-neuvas-pola%c2%adticas-regionales\/"},"modified":"2018-03-10T00:14:46","modified_gmt":"2018-03-10T00:14:46","slug":"la-evaluacion-de-la-pola%c2%adtica-regional-propuestas-para-evaluar-las-neuvas-pola%c2%adticas-regionales","status":"publish","type":"post","link":"https:\/\/www.deberes.net\/tesis\/ciencias-economicas\/la-evaluacion-de-la-pola%c2%adtica-regional-propuestas-para-evaluar-las-neuvas-pola%c2%adticas-regionales\/","title":{"rendered":"La evaluaci\u00f3n de la pol\u00edtica regional: propuestas para evaluar las neuvas pol\u00edticas regionales"},"content":{"rendered":"<h2>Tesis doctoral de <strong> Mar\u00eda  Angeles Diez Lopez <\/strong><\/h2>\n<p>El objetivo de la tesis doctoral es investigar nuevos enfoques de evaluaci\u00f3n que puedan ser aplicados a las nuevas pol\u00edticas regionales. La investigaci\u00f3n se construye, por tanto, a partir de la confluencia de dos disciplinas acad\u00e9micas que, hasta fechas muy recientes, han evolucionado como dos \u00e1mbitos separados de estudio: la ciencia econ\u00f3mica regional y la evaluaci\u00f3n de las acciones p\u00fablicas. El tratamientoi ntegrado y complementario a ambas \u00e1reas, junto a un revisi\u00f3n en detalle de estudios de caso de evaluaciones previamente seleccionados para representar las pr\u00e1cticas evaluadoras m\u00e1s habituales, han permitido obtener recomendaciones generales y propuestas operativas concretas que facilitar\u00e1n el reconocimiento de los efectos reales y el impacto sobre la econom\u00eda regional, as\u00ed como los beneficios obtenidos por las empresas que participan en las estrategias de innovaci\u00f3n regional y\/o en las de competitividad.<\/p>\n<p>&nbsp;<\/p>\n<h3>Datos acad\u00e9micos de la tesis doctoral \u00ab<strong>La evaluaci\u00f3n de la pol\u00edtica regional: propuestas para evaluar las neuvas pol\u00edticas regionales<\/strong>\u00ab<\/h3>\n<ul>\n<li><strong>T\u00edtulo de la tesis:<\/strong>\u00a0 La evaluaci\u00f3n de la pol\u00edtica regional: propuestas para evaluar las neuvas pol\u00edticas regionales <\/li>\n<li><strong>Autor:<\/strong>\u00a0 Mar\u00eda  Angeles Diez Lopez <\/li>\n<li><strong>Universidad:<\/strong>\u00a0 Pa\u00eds vasco\/euskal herriko unibertsitatea<\/li>\n<li><strong>Fecha de lectura de la tesis:<\/strong>\u00a0 30\/03\/2001<\/li>\n<\/ul>\n<p>&nbsp;<\/p>\n<h3>Direcci\u00f3n y tribunal<\/h3>\n<ul>\n<li><strong>Director de la tesis<\/strong>\n<ul>\n<li> Esteban Galarza M. Soledad<\/li>\n<\/ul>\n<\/li>\n<li><strong>Tribunal<\/strong>\n<ul>\n<li>Presidente del tribunal: Juan  ramon Cuadrado roura <\/li>\n<li>roberto Velasco barroetabe\u00f1a (vocal)<\/li>\n<li> Scheifler alacano M\u00aa antonia (vocal)<\/li>\n<li>joan Subirats humet (vocal)<\/li>\n<\/ul>\n<\/li>\n<\/ul>\n<p>&nbsp;<\/p>\n","protected":false},"excerpt":{"rendered":"<p>Tesis doctoral de Mar\u00eda Angeles Diez Lopez El objetivo de la tesis doctoral es investigar nuevos enfoques de evaluaci\u00f3n que [&hellip;]<\/p>\n","protected":false},"author":1,"featured_media":0,"comment_status":"open","ping_status":"open","sticky":false,"template":"","format":"standard","meta":{"site-sidebar-layout":"default","site-content-layout":"","ast-site-content-layout":"","site-content-style":"default","site-sidebar-style":"default","ast-global-header-display":"","ast-banner-title-visibility":"","ast-main-header-display":"","ast-hfb-above-header-display":"","ast-hfb-below-header-display":"","ast-hfb-mobile-header-display":"","site-post-title":"","ast-breadcrumbs-content":"","ast-featured-img":"","footer-sml-layout":"","theme-transparent-header-meta":"","adv-header-id-meta":"","stick-header-meta":"","header-above-stick-meta":"","header-main-stick-meta":"","header-below-stick-meta":"","astra-migrate-meta-layouts":"default","ast-page-background-enabled":"default","ast-page-background-meta":{"desktop":{"background-color":"var(--ast-global-color-4)","background-image":"","background-repeat":"repeat","background-position":"center center","background-size":"auto","background-attachment":"scroll","background-type":"","background-media":"","overlay-type":"","overlay-color":"","overlay-gradient":""},"tablet":{"background-color":"","background-image":"","background-repeat":"repeat","background-position":"center center","background-size":"auto","background-attachment":"scroll","background-type":"","background-media":"","overlay-type":"","overlay-color":"","overlay-gradient":""},"mobile":{"background-color":"","background-image":"","background-repeat":"repeat","background-position":"center center","background-size":"auto","background-attachment":"scroll","background-type":"","background-media":"","overlay-type":"","overlay-color":"","overlay-gradient":""}},"ast-content-background-meta":{"desktop":{"background-color":"var(--ast-global-color-5)","background-image":"","background-repeat":"repeat","background-position":"center center","background-size":"auto","background-attachment":"scroll","background-type":"","background-media":"","overlay-type":"","overlay-color":"","overlay-gradient":""},"tablet":{"background-color":"var(--ast-global-color-5)","background-image":"","background-repeat":"repeat","background-position":"center center","background-size":"auto","background-attachment":"scroll","background-type":"","background-media":"","overlay-type":"","overlay-color":"","overlay-gradient":""},"mobile":{"background-color":"var(--ast-global-color-5)","background-image":"","background-repeat":"repeat","background-position":"center center","background-size":"auto","background-attachment":"scroll","background-type":"","background-media":"","overlay-type":"","overlay-color":"","overlay-gradient":""}},"footnotes":""},"categories":[82,14991,963,2825,12909],"tags":[106348,4177,11760,145137,54548,186329],"class_list":["post-89587","post","type-post","status-publish","format-standard","hentry","category-ciencias-economicas","category-desarrollo-regional","category-economia-sectorial","category-organizacion-industrial-y-sector-publico","category-pais-vasco-euskal-herriko-unibertsitatea","tag-esteban-galarza-m-soledad","tag-joan-subirats-humet","tag-juan-ramon-cuadrado-roura","tag-maria-angeles-diez-lopez","tag-roberto-velasco-barroetabena","tag-scheifler-alacano-ma-antonia"],"_links":{"self":[{"href":"https:\/\/www.deberes.net\/tesis\/wp-json\/wp\/v2\/posts\/89587","targetHints":{"allow":["GET"]}}],"collection":[{"href":"https:\/\/www.deberes.net\/tesis\/wp-json\/wp\/v2\/posts"}],"about":[{"href":"https:\/\/www.deberes.net\/tesis\/wp-json\/wp\/v2\/types\/post"}],"author":[{"embeddable":true,"href":"https:\/\/www.deberes.net\/tesis\/wp-json\/wp\/v2\/users\/1"}],"replies":[{"embeddable":true,"href":"https:\/\/www.deberes.net\/tesis\/wp-json\/wp\/v2\/comments?post=89587"}],"version-history":[{"count":0,"href":"https:\/\/www.deberes.net\/tesis\/wp-json\/wp\/v2\/posts\/89587\/revisions"}],"wp:attachment":[{"href":"https:\/\/www.deberes.net\/tesis\/wp-json\/wp\/v2\/media?parent=89587"}],"wp:term":[{"taxonomy":"category","embeddable":true,"href":"https:\/\/www.deberes.net\/tesis\/wp-json\/wp\/v2\/categories?post=89587"},{"taxonomy":"post_tag","embeddable":true,"href":"https:\/\/www.deberes.net\/tesis\/wp-json\/wp\/v2\/tags?post=89587"}],"curies":[{"name":"wp","href":"https:\/\/api.w.org\/{rel}","templated":true}]}}