{"id":89637,"date":"2001-02-04T00:00:00","date_gmt":"2001-02-04T00:00:00","guid":{"rendered":"https:\/\/www.deberes.net\/tesis\/sin-categoria\/la-evolucion-en-el-area-de-didactica-de-la-expresion-plastica\/"},"modified":"2001-02-04T00:00:00","modified_gmt":"2001-02-04T00:00:00","slug":"la-evolucion-en-el-area-de-didactica-de-la-expresion-plastica","status":"publish","type":"post","link":"https:\/\/www.deberes.net\/tesis\/pedagogia\/la-evolucion-en-el-area-de-didactica-de-la-expresion-plastica\/","title":{"rendered":"La evoluci\u00f3n en el \u00e1rea de did\u00e1ctica de la expresi\u00f3n pl\u00e1stica"},"content":{"rendered":"<h2>Tesis doctoral de <strong>  Vicente Borrego Juan  Jos\u00e9 <\/strong><\/h2>\n<p>En la tesis que se presenta se plantean como objetivos fundamentales el conocer el grado de coincidencia entre las numeros\u00edsimas deminesiones que conforma el marco te\u00f3rico sobre evaluaci\u00f3n y algunas realidades evaluativas existentes en el \u00e1rea de did\u00e1ctica de la expresi\u00f3n pl\u00e1stica y comprobar que no se basan \u00fanica y exclusivamente en cr\u00edtica de arte o en juicio de experto, as\u00ed como conocer lo que hacen y piensan, en relaci\u00f3n con la evaluaci\u00f3n, el profesorado que imparte docencia en el \u00e1rea dentro de la comunidad aut\u00f3noma de andaluc\u00eda.  para ello, se han realizado triangulaciones de los datos provenientes de estudios anal\u00edticos a programaciones educativas; observaciones preliminares exploratorias, entrevistas no formales, observaciones directas con m\u00e9todos estructurados sobre la pr\u00e1ctica evaluativa de ocho profesores de las universidades de sevilla y c\u00f3rdoba, a lo largo de tres cursos acad\u00e9micos, entrevistas focalizadas a informantes claves, encuestas, por medio de escalas de estimaci\u00f3n num\u00e9ricas, enviadas a todo el profesorado de andaluc\u00eda, seg\u00fan listado proprocionado por la secretar\u00eda general del consejo de universidades, y respondidas por el cincuenta por ciento de \u00e9ste.<\/p>\n<p>&nbsp;<\/p>\n<h3>Datos acad\u00e9micos de la tesis doctoral \u00ab<strong>La evoluci\u00f3n en el \u00e1rea de did\u00e1ctica de la expresi\u00f3n pl\u00e1stica<\/strong>\u00ab<\/h3>\n<ul>\n<li><strong>T\u00edtulo de la tesis:<\/strong>\u00a0 La evoluci\u00f3n en el \u00e1rea de did\u00e1ctica de la expresi\u00f3n pl\u00e1stica <\/li>\n<li><strong>Autor:<\/strong>\u00a0  Vicente Borrego Juan  Jos\u00e9 <\/li>\n<li><strong>Universidad:<\/strong>\u00a0 Sevilla<\/li>\n<li><strong>Fecha de lectura de la tesis:<\/strong>\u00a0 02\/04\/2001<\/li>\n<\/ul>\n<p>&nbsp;<\/p>\n<h3>Direcci\u00f3n y tribunal<\/h3>\n<ul>\n<li><strong>Director de la tesis<\/strong>\n<ul>\n<li>Amalia Ortega Rodas<\/li>\n<\/ul>\n<\/li>\n<li><strong>Tribunal<\/strong>\n<ul>\n<li>Presidente del tribunal:  Ara\u00f1\u00f3 gisbert Juan  Carlos <\/li>\n<li>aureliano S\u00e1inz mart\u00edn (vocal)<\/li>\n<li>Francisco Maeso rubio (vocal)<\/li>\n<li>Alberto Ma\u00f1ero guti\u00e9rrez (vocal)<\/li>\n<\/ul>\n<\/li>\n<\/ul>\n<p>&nbsp;<\/p>\n","protected":false},"excerpt":{"rendered":"<p>Tesis doctoral de Vicente Borrego Juan Jos\u00e9 En la tesis que se presenta se plantean como objetivos fundamentales el conocer [&hellip;]<\/p>\n","protected":false},"author":1,"featured_media":0,"comment_status":"open","ping_status":"open","sticky":false,"template":"","format":"standard","meta":{"site-sidebar-layout":"default","site-content-layout":"","ast-site-content-layout":"","site-content-style":"default","site-sidebar-style":"default","ast-global-header-display":"","ast-banner-title-visibility":"","ast-main-header-display":"","ast-hfb-above-header-display":"","ast-hfb-below-header-display":"","ast-hfb-mobile-header-display":"","site-post-title":"","ast-breadcrumbs-content":"","ast-featured-img":"","footer-sml-layout":"","theme-transparent-header-meta":"","adv-header-id-meta":"","stick-header-meta":"","header-above-stick-meta":"","header-main-stick-meta":"","header-below-stick-meta":"","astra-migrate-meta-layouts":"default","ast-page-background-enabled":"default","ast-page-background-meta":{"desktop":{"background-color":"var(--ast-global-color-4)","background-image":"","background-repeat":"repeat","background-position":"center center","background-size":"auto","background-attachment":"scroll","background-type":"","background-media":"","overlay-type":"","overlay-color":"","overlay-gradient":""},"tablet":{"background-color":"","background-image":"","background-repeat":"repeat","background-position":"center center","background-size":"auto","background-attachment":"scroll","background-type":"","background-media":"","overlay-type":"","overlay-color":"","overlay-gradient":""},"mobile":{"background-color":"","background-image":"","background-repeat":"repeat","background-position":"center center","background-size":"auto","background-attachment":"scroll","background-type":"","background-media":"","overlay-type":"","overlay-color":"","overlay-gradient":""}},"ast-content-background-meta":{"desktop":{"background-color":"var(--ast-global-color-5)","background-image":"","background-repeat":"repeat","background-position":"center center","background-size":"auto","background-attachment":"scroll","background-type":"","background-media":"","overlay-type":"","overlay-color":"","overlay-gradient":""},"tablet":{"background-color":"var(--ast-global-color-5)","background-image":"","background-repeat":"repeat","background-position":"center center","background-size":"auto","background-attachment":"scroll","background-type":"","background-media":"","overlay-type":"","overlay-color":"","overlay-gradient":""},"mobile":{"background-color":"var(--ast-global-color-5)","background-image":"","background-repeat":"repeat","background-position":"center center","background-size":"auto","background-attachment":"scroll","background-type":"","background-media":"","overlay-type":"","overlay-color":"","overlay-gradient":""}},"footnotes":""},"categories":[6020,1141,10715,1341],"tags":[11166,11164,4105,43033,35713,186412],"class_list":["post-89637","post","type-post","status-publish","format-standard","hentry","category-evaluacion-de-alumnos","category-pedagogia","category-sevilla","category-teoria-y-metodos-educativos","tag-alberto-manero-gutierrez","tag-amalia-ortega-rodas","tag-arano-gisbert-juan-carlos","tag-aureliano-sainz-martin","tag-francisco-maeso-rubio","tag-vicente-borrego-juan-jose"],"_links":{"self":[{"href":"https:\/\/www.deberes.net\/tesis\/wp-json\/wp\/v2\/posts\/89637","targetHints":{"allow":["GET"]}}],"collection":[{"href":"https:\/\/www.deberes.net\/tesis\/wp-json\/wp\/v2\/posts"}],"about":[{"href":"https:\/\/www.deberes.net\/tesis\/wp-json\/wp\/v2\/types\/post"}],"author":[{"embeddable":true,"href":"https:\/\/www.deberes.net\/tesis\/wp-json\/wp\/v2\/users\/1"}],"replies":[{"embeddable":true,"href":"https:\/\/www.deberes.net\/tesis\/wp-json\/wp\/v2\/comments?post=89637"}],"version-history":[{"count":0,"href":"https:\/\/www.deberes.net\/tesis\/wp-json\/wp\/v2\/posts\/89637\/revisions"}],"wp:attachment":[{"href":"https:\/\/www.deberes.net\/tesis\/wp-json\/wp\/v2\/media?parent=89637"}],"wp:term":[{"taxonomy":"category","embeddable":true,"href":"https:\/\/www.deberes.net\/tesis\/wp-json\/wp\/v2\/categories?post=89637"},{"taxonomy":"post_tag","embeddable":true,"href":"https:\/\/www.deberes.net\/tesis\/wp-json\/wp\/v2\/tags?post=89637"}],"curies":[{"name":"wp","href":"https:\/\/api.w.org\/{rel}","templated":true}]}}