{"id":89656,"date":"2001-03-04T00:00:00","date_gmt":"2001-03-04T00:00:00","guid":{"rendered":"https:\/\/www.deberes.net\/tesis\/sin-categoria\/el-discurso-de-la-libertad-en-el-pensamiento-de-martin-heidegger\/"},"modified":"2001-03-04T00:00:00","modified_gmt":"2001-03-04T00:00:00","slug":"el-discurso-de-la-libertad-en-el-pensamiento-de-martin-heidegger","status":"publish","type":"post","link":"https:\/\/www.deberes.net\/tesis\/filosofia\/el-discurso-de-la-libertad-en-el-pensamiento-de-martin-heidegger\/","title":{"rendered":"El discurso de la libertad en el pensamiento de mart\u00edn heidegger"},"content":{"rendered":"<h2>Tesis doctoral de <strong> Paz Perez Encinas <\/strong><\/h2>\n<p>Nos acercamos a la obra del autor admitiendo la estructura tripartita en el desarrollo de su pensamiento, prouesta por \u00e9l. El primer estadio (1912-1929), es caracterizado por la indagaci\u00f3n por el sentido del ser (sinn des seins). El dasein, definido por suplena apertura a la realidad a trav\u00e9s de su s\u00f3lo \u00abser posible\u00bb se erigir\u00e1 como horizonte de la comprensi\u00f3n del ser, jugando por lo tanto su estructura abierta y liberadora, soportada por la temporalidad.  1930-1946 comprende la etapa dedicada a la pregunta por la verdad del ser. Aqu\u00ed ya no ser\u00e1 \u00abproyecci\u00f3n del ser\u00bb la que atrae nuestra atenci\u00f3n al enfrentarnos con el tema de la libertad, sino la \u00abyecci\u00f3n\u00bb del ser en la que el mimso dasein est\u00e1 arrojado como apertura previa a cualquier ulterior proyecci\u00f3n. La libertad, en este sentido, se erigir\u00e1 en el centro del sistema al ubicarse en el coraz\u00f3n del despliegue de la verdad del ser.  la localidad del ser (ortschaft des seins) (1974-1976) de finales de la d\u00e9cada de los a\u00f1os 40, nos inagura la tercera etapa: topolog\u00eda del ser. la libertad de ubicar\u00e1 en esta tercera parte tambi\u00e9n en el fondo del sistema que abrir\u00e1 el \u00abjuego\u00bb que nos ha tocado vivir. Este juego, carente de reglas extra\u00f1as a nuestro mismo apostar, permanece mudo ante los \u00faltimos \u00abporqu\u00e9s\u00bb. la libertad del hombre y el destino del ser se apropiar\u00e1n en la realidad del ereignis (evento) intentando salvar su reconocida icompatibilidad.<\/p>\n<p>&nbsp;<\/p>\n<h3>Datos acad\u00e9micos de la tesis doctoral \u00ab<strong>El discurso de la libertad en el pensamiento de mart\u00edn heidegger<\/strong>\u00ab<\/h3>\n<ul>\n<li><strong>T\u00edtulo de la tesis:<\/strong>\u00a0 El discurso de la libertad en el pensamiento de mart\u00edn heidegger <\/li>\n<li><strong>Autor:<\/strong>\u00a0 Paz Perez Encinas <\/li>\n<li><strong>Universidad:<\/strong>\u00a0 Oviedo<\/li>\n<li><strong>Fecha de lectura de la tesis:<\/strong>\u00a0 03\/04\/2001<\/li>\n<\/ul>\n<p>&nbsp;<\/p>\n<h3>Direcci\u00f3n y tribunal<\/h3>\n<ul>\n<li><strong>Director de la tesis<\/strong>\n<ul>\n<li>Modesto Berciano Villalibre<\/li>\n<\/ul>\n<\/li>\n<li><strong>Tribunal<\/strong>\n<ul>\n<li>Presidente del tribunal: eudaldo Forment giralt <\/li>\n<li>carmen Segura peralta (vocal)<\/li>\n<li>Jos\u00e9 Luis Rodriguez molinero (vocal)<\/li>\n<li>teresa Aizp\u00fan bobadilla (vocal)<\/li>\n<\/ul>\n<\/li>\n<\/ul>\n<p>&nbsp;<\/p>\n","protected":false},"excerpt":{"rendered":"<p>Tesis doctoral de Paz Perez Encinas Nos acercamos a la obra del autor admitiendo la estructura tripartita en el desarrollo [&hellip;]<\/p>\n","protected":false},"author":1,"featured_media":0,"comment_status":"open","ping_status":"open","sticky":false,"template":"","format":"standard","meta":{"site-sidebar-layout":"default","site-content-layout":"","ast-site-content-layout":"","site-content-style":"default","site-sidebar-style":"default","ast-global-header-display":"","ast-banner-title-visibility":"","ast-main-header-display":"","ast-hfb-above-header-display":"","ast-hfb-below-header-display":"","ast-hfb-mobile-header-display":"","site-post-title":"","ast-breadcrumbs-content":"","ast-featured-img":"","footer-sml-layout":"","theme-transparent-header-meta":"","adv-header-id-meta":"","stick-header-meta":"","header-above-stick-meta":"","header-main-stick-meta":"","header-below-stick-meta":"","astra-migrate-meta-layouts":"default","ast-page-background-enabled":"default","ast-page-background-meta":{"desktop":{"background-color":"var(--ast-global-color-4)","background-image":"","background-repeat":"repeat","background-position":"center center","background-size":"auto","background-attachment":"scroll","background-type":"","background-media":"","overlay-type":"","overlay-color":"","overlay-gradient":""},"tablet":{"background-color":"","background-image":"","background-repeat":"repeat","background-position":"center center","background-size":"auto","background-attachment":"scroll","background-type":"","background-media":"","overlay-type":"","overlay-color":"","overlay-gradient":""},"mobile":{"background-color":"","background-image":"","background-repeat":"repeat","background-position":"center center","background-size":"auto","background-attachment":"scroll","background-type":"","background-media":"","overlay-type":"","overlay-color":"","overlay-gradient":""}},"ast-content-background-meta":{"desktop":{"background-color":"var(--ast-global-color-5)","background-image":"","background-repeat":"repeat","background-position":"center center","background-size":"auto","background-attachment":"scroll","background-type":"","background-media":"","overlay-type":"","overlay-color":"","overlay-gradient":""},"tablet":{"background-color":"var(--ast-global-color-5)","background-image":"","background-repeat":"repeat","background-position":"center center","background-size":"auto","background-attachment":"scroll","background-type":"","background-media":"","overlay-type":"","overlay-color":"","overlay-gradient":""},"mobile":{"background-color":"var(--ast-global-color-5)","background-image":"","background-repeat":"repeat","background-position":"center center","background-size":"auto","background-attachment":"scroll","background-type":"","background-media":"","overlay-type":"","overlay-color":"","overlay-gradient":""}},"footnotes":""},"categories":[960,165,18046,5342,6428,8846],"tags":[186442,1188,25711,9814,186441,186443],"class_list":["post-89656","post","type-post","status-publish","format-standard","hentry","category-antropologia-filosofica","category-filosofia","category-filosofia-de-la-voluntad","category-filosofia-general","category-metafisica-y-ontologia","category-oviedo","tag-carmen-segura-peralta","tag-eudaldo-forment-giralt","tag-jose-luis-rodriguez-molinero","tag-modesto-berciano-villalibre","tag-paz-perez-encinas","tag-teresa-aizpun-bobadilla"],"_links":{"self":[{"href":"https:\/\/www.deberes.net\/tesis\/wp-json\/wp\/v2\/posts\/89656","targetHints":{"allow":["GET"]}}],"collection":[{"href":"https:\/\/www.deberes.net\/tesis\/wp-json\/wp\/v2\/posts"}],"about":[{"href":"https:\/\/www.deberes.net\/tesis\/wp-json\/wp\/v2\/types\/post"}],"author":[{"embeddable":true,"href":"https:\/\/www.deberes.net\/tesis\/wp-json\/wp\/v2\/users\/1"}],"replies":[{"embeddable":true,"href":"https:\/\/www.deberes.net\/tesis\/wp-json\/wp\/v2\/comments?post=89656"}],"version-history":[{"count":0,"href":"https:\/\/www.deberes.net\/tesis\/wp-json\/wp\/v2\/posts\/89656\/revisions"}],"wp:attachment":[{"href":"https:\/\/www.deberes.net\/tesis\/wp-json\/wp\/v2\/media?parent=89656"}],"wp:term":[{"taxonomy":"category","embeddable":true,"href":"https:\/\/www.deberes.net\/tesis\/wp-json\/wp\/v2\/categories?post=89656"},{"taxonomy":"post_tag","embeddable":true,"href":"https:\/\/www.deberes.net\/tesis\/wp-json\/wp\/v2\/tags?post=89656"}],"curies":[{"name":"wp","href":"https:\/\/api.w.org\/{rel}","templated":true}]}}