{"id":89699,"date":"2001-05-04T00:00:00","date_gmt":"2001-05-04T00:00:00","guid":{"rendered":"https:\/\/www.deberes.net\/tesis\/sin-categoria\/formacion-para-el-trabajo-en-contextos-de-inmigracion-un-analisis-antropologico-sobre-la-construccion-de-la-diferencia-en-el-ambito-de-la-eduacion-no-formal\/"},"modified":"2001-05-04T00:00:00","modified_gmt":"2001-05-04T00:00:00","slug":"formacion-para-el-trabajo-en-contextos-de-inmigracion-un-analisis-antropologico-sobre-la-construccion-de-la-diferencia-en-el-ambito-de-la-eduacion-no-formal","status":"publish","type":"post","link":"https:\/\/www.deberes.net\/tesis\/antropologia-cultural\/formacion-para-el-trabajo-en-contextos-de-inmigracion-un-analisis-antropologico-sobre-la-construccion-de-la-diferencia-en-el-ambito-de-la-eduacion-no-formal\/","title":{"rendered":"Formaci\u00f3n para el trabajo en contextos de inmigraci\u00f3n. un an\u00e1lisis antropol\u00f3gico sobre la construcci\u00f3n de la diferencia en el \u00e1mbito de la eduaci\u00f3n no formal"},"content":{"rendered":"<h2>Tesis doctoral de <strong> Mar\u00eda Garc\u00eda-cano Torrico <\/strong><\/h2>\n<p>La investigacion desarrollada es un estudio etnogr\u00e1fico en el que se propone un an\u00e1lisis de las programaiones de formaci\u00f3n para el trabajo en un marco de diversidad cultura. La hip\u00f3tesis que propongo es la siguiente: tanto las pol\u00edticas de formaci\u00f3n ocupacional existentes en el estado espa\u00f1ol y dirigidas a la poblaci\u00f3n trabajadora en general, como las programaciones de formaci\u00f3n dise\u00f1adas y desarrolladas, en particular, para la poblaci\u00f3n inmigraci\u00f3n extranjera son una muestra de la desigualdad social (que deriva hasta la exclusi\u00f3hn) de dicho colectivo en el estado espa\u00f1ol. Esta desigualdad se refiere por un lado al no reconocimiento de derechos, en tanto que no ciudadanos, y a las dificultades de acceso -en igualdad de conocimientos que la poblaci\u00f3n nacional- a los recursos sociales. la metodolog\u00eda utilizada en la tesis doctoral ha pretendido desde una perspectiva antropol\u00f3gica presentar un an\u00e1lisis hol\u00edstico e integral de la realidad de estudio. As\u00ed, la investigaci\u00f3n identifica tres niveles de an\u00e1lisis que de manera interconexa pone de relive c\u00f3mo los efectos que las programaciones de formaci\u00f3n tienen para los sujetos a nivel individual y grupal (nivel micro) est\u00e1n significativamente condicionados por factores macro sociales (de orden legislativo, economicos y sociodemogr\u00e1ficos), a la vez que mediatizados por los discursos, pol\u00edticas y programaciones institucionalizadas (nivel de an\u00e1lisis medio). Las t\u00e9cnicas de recogida de datos han sido: entrevistas (realizadas a poblaci\u00f3n inmigrante, t\u00e9cnicos de programas de formaci\u00f3n, responsables pol\u00edticos y representantes de ongs y sindicales), observaci\u00f3n participaci\u00f3n, an\u00e1lisis documentales, estad\u00edsticos y la utilizacion de cuestionarios.  las conclusiones de este estudio demuestran c\u00f3mo el dise\u00f1o y desarrollo de programaciones formativas dirigidas de manera especifica a la poblaci\u00f3n inmigrante da muestras de una construcci\u00f3n social que convierte las diferencias culturales en front<\/p>\n<p>&nbsp;<\/p>\n<h3>Datos acad\u00e9micos de la tesis doctoral \u00ab<strong>Formaci\u00f3n para el trabajo en contextos de inmigraci\u00f3n. un an\u00e1lisis antropol\u00f3gico sobre la construcci\u00f3n de la diferencia en el \u00e1mbito de la eduaci\u00f3n no formal<\/strong>\u00ab<\/h3>\n<ul>\n<li><strong>T\u00edtulo de la tesis:<\/strong>\u00a0 Formaci\u00f3n para el trabajo en contextos de inmigraci\u00f3n. un an\u00e1lisis antropol\u00f3gico sobre la construcci\u00f3n de la diferencia en el \u00e1mbito de la eduaci\u00f3n no formal <\/li>\n<li><strong>Autor:<\/strong>\u00a0 Mar\u00eda Garc\u00eda-cano Torrico <\/li>\n<li><strong>Universidad:<\/strong>\u00a0 Granada<\/li>\n<li><strong>Fecha de lectura de la tesis:<\/strong>\u00a0 05\/04\/2001<\/li>\n<\/ul>\n<p>&nbsp;<\/p>\n<h3>Direcci\u00f3n y tribunal<\/h3>\n<ul>\n<li><strong>Director de la tesis<\/strong>\n<ul>\n<li>Francisco Javier Garc\u00eda Casta\u00f1o<\/li>\n<\/ul>\n<\/li>\n<li><strong>Tribunal<\/strong>\n<ul>\n<li>Presidente del tribunal:  Garcia garcia Jos\u00e9 Luis <\/li>\n<li>lorenzo Cach\u00f3n (vocal)<\/li>\n<li> Diaz de rada angel (vocal)<\/li>\n<li>gunther Dietz (vocal)<\/li>\n<\/ul>\n<\/li>\n<\/ul>\n<p>&nbsp;<\/p>\n","protected":false},"excerpt":{"rendered":"<p>Tesis doctoral de Mar\u00eda Garc\u00eda-cano Torrico La investigacion desarrollada es un estudio etnogr\u00e1fico en el que se propone un an\u00e1lisis [&hellip;]<\/p>\n","protected":false},"author":1,"featured_media":0,"comment_status":"open","ping_status":"open","sticky":false,"template":"","format":"standard","meta":{"site-sidebar-layout":"default","site-content-layout":"","ast-site-content-layout":"","site-content-style":"default","site-sidebar-style":"default","ast-global-header-display":"","ast-banner-title-visibility":"","ast-main-header-display":"","ast-hfb-above-header-display":"","ast-hfb-below-header-display":"","ast-hfb-mobile-header-display":"","site-post-title":"","ast-breadcrumbs-content":"","ast-featured-img":"","footer-sml-layout":"","theme-transparent-header-meta":"","adv-header-id-meta":"","stick-header-meta":"","header-above-stick-meta":"","header-main-stick-meta":"","header-below-stick-meta":"","astra-migrate-meta-layouts":"default","ast-page-background-enabled":"default","ast-page-background-meta":{"desktop":{"background-color":"var(--ast-global-color-4)","background-image":"","background-repeat":"repeat","background-position":"center center","background-size":"auto","background-attachment":"scroll","background-type":"","background-media":"","overlay-type":"","overlay-color":"","overlay-gradient":""},"tablet":{"background-color":"","background-image":"","background-repeat":"repeat","background-position":"center center","background-size":"auto","background-attachment":"scroll","background-type":"","background-media":"","overlay-type":"","overlay-color":"","overlay-gradient":""},"mobile":{"background-color":"","background-image":"","background-repeat":"repeat","background-position":"center center","background-size":"auto","background-attachment":"scroll","background-type":"","background-media":"","overlay-type":"","overlay-color":"","overlay-gradient":""}},"ast-content-background-meta":{"desktop":{"background-color":"var(--ast-global-color-5)","background-image":"","background-repeat":"repeat","background-position":"center center","background-size":"auto","background-attachment":"scroll","background-type":"","background-media":"","overlay-type":"","overlay-color":"","overlay-gradient":""},"tablet":{"background-color":"var(--ast-global-color-5)","background-image":"","background-repeat":"repeat","background-position":"center center","background-size":"auto","background-attachment":"scroll","background-type":"","background-media":"","overlay-type":"","overlay-color":"","overlay-gradient":""},"mobile":{"background-color":"var(--ast-global-color-5)","background-image":"","background-repeat":"repeat","background-position":"center center","background-size":"auto","background-attachment":"scroll","background-type":"","background-media":"","overlay-type":"","overlay-color":"","overlay-gradient":""}},"footnotes":""},"categories":[983],"tags":[101751,68254,2495,74482,186506,186505],"class_list":["post-89699","post","type-post","status-publish","format-standard","hentry","category-antropologia-cultural","tag-diaz-de-rada-angel","tag-francisco-javier-garcia-castano","tag-garcia-garcia-jose-luis","tag-gunther-dietz","tag-lorenzo-cachon","tag-maria-garcia-cano-torrico"],"_links":{"self":[{"href":"https:\/\/www.deberes.net\/tesis\/wp-json\/wp\/v2\/posts\/89699","targetHints":{"allow":["GET"]}}],"collection":[{"href":"https:\/\/www.deberes.net\/tesis\/wp-json\/wp\/v2\/posts"}],"about":[{"href":"https:\/\/www.deberes.net\/tesis\/wp-json\/wp\/v2\/types\/post"}],"author":[{"embeddable":true,"href":"https:\/\/www.deberes.net\/tesis\/wp-json\/wp\/v2\/users\/1"}],"replies":[{"embeddable":true,"href":"https:\/\/www.deberes.net\/tesis\/wp-json\/wp\/v2\/comments?post=89699"}],"version-history":[{"count":0,"href":"https:\/\/www.deberes.net\/tesis\/wp-json\/wp\/v2\/posts\/89699\/revisions"}],"wp:attachment":[{"href":"https:\/\/www.deberes.net\/tesis\/wp-json\/wp\/v2\/media?parent=89699"}],"wp:term":[{"taxonomy":"category","embeddable":true,"href":"https:\/\/www.deberes.net\/tesis\/wp-json\/wp\/v2\/categories?post=89699"},{"taxonomy":"post_tag","embeddable":true,"href":"https:\/\/www.deberes.net\/tesis\/wp-json\/wp\/v2\/tags?post=89699"}],"curies":[{"name":"wp","href":"https:\/\/api.w.org\/{rel}","templated":true}]}}