{"id":89733,"date":"2001-06-04T00:00:00","date_gmt":"2001-06-04T00:00:00","guid":{"rendered":"https:\/\/www.deberes.net\/tesis\/sin-categoria\/regimen-jura%c2%addico-de-la-television-local-por-ondas\/"},"modified":"2001-06-04T00:00:00","modified_gmt":"2001-06-04T00:00:00","slug":"regimen-jura%c2%addico-de-la-television-local-por-ondas","status":"publish","type":"post","link":"https:\/\/www.deberes.net\/tesis\/ciencias-juridicas-y-derecho\/regimen-jura%c2%addico-de-la-television-local-por-ondas\/","title":{"rendered":"Regimen jur\u00eddico de la televisi\u00f3n local por ondas"},"content":{"rendered":"<h2>Tesis doctoral de <strong>  Rozados Oliva Manuel Jes\u00fas <\/strong><\/h2>\n<p>El objeto de este trabajo se centra en llevar a cabo un estudio momogr\u00e1fico de la televisi\u00f3n local por ondas sobre la base del derecho vigente, tanto estatal, constituido por la ley 41\/1995, de 22 de diciembre ltlot, como auton\u00f3mico, a traves de los decretos reguladores aprobados en las comunidades aut\u00f3nomas que han desarrollado sus competencias en la materia (hasta la fecha navarra, catalu\u00f1a, castilla-la mancha y andaluc\u00eda). Para ello, se estructura el estudio en tres partes:  en la primera se abordan los conceptos jur\u00eddicos y vigentes de telecomunciaciones y televisi\u00f3n, sistematizando este \u00faltimo en atenci\u00f3n a diferentes criterios delimitadores (\u00e1mbito de cobertura, tipo de se\u00f1al, medio de emisi\u00f3n, contenidos, etc.), El nacimiento de la televisi\u00f3n local por ondas en nuestro pa\u00eds y la delimitaci\u00f3n del marco jur\u00eddico regulador de la misma, con especial atenci\u00f3n al reparto de competencias en la materia.  la segunda y tercera partes se dedican, respectivamente, al an\u00e1lisis de la articulaci\u00f3n de las dos instituciones del derecho administrativo presentes en la ordenaci\u00f3n de esta modalidad televisiva: el dominio p\u00fablico y el servicio p\u00fablico. En relaci\u00f3n al dominio p\u00fablico radioel\u00e9ctrico el an\u00e1lisis conduce a una postura cr\u00edtica en torno a su formulaci\u00f3n, que se acent\u00faa al poner en relaci\u00f3n el r\u00e9gimen de utilizaci\u00f3n de las frecuencias radioel\u00e9ctricas dise\u00f1ado en la ley 41\/1995, de 22 de diciembre, de la televisi\u00f3n local por ondas, con el dispuesto en la ley 11\/1998, de 24 de abril, general de telecomunciaciones y observar c\u00f3mo aqu\u00e9lla norma se aparta del esquema demanial seguido por esta \u00faltima, introduciendo con ello un tratamiento novedoso de la cuesti\u00f3n en nuestro derecho.  en la tercera parte, dedicada al servicio p\u00fablico de televisi\u00f3n local por ondas, se se\u00f1ala la compleja adecuaci\u00f3n del presente caso a los perfiles tradicionales de la instituci\u00f3n srvicial, lo cual ha de conectarse, necesariam<\/p>\n<p>&nbsp;<\/p>\n<h3>Datos acad\u00e9micos de la tesis doctoral \u00ab<strong>Regimen jur\u00eddico de la televisi\u00f3n local por ondas<\/strong>\u00ab<\/h3>\n<ul>\n<li><strong>T\u00edtulo de la tesis:<\/strong>\u00a0 Regimen jur\u00eddico de la televisi\u00f3n local por ondas <\/li>\n<li><strong>Autor:<\/strong>\u00a0  Rozados Oliva Manuel Jes\u00fas <\/li>\n<li><strong>Universidad:<\/strong>\u00a0 C\u00e1diz<\/li>\n<li><strong>Fecha de lectura de la tesis:<\/strong>\u00a0 06\/04\/2001<\/li>\n<\/ul>\n<p>&nbsp;<\/p>\n<h3>Direcci\u00f3n y tribunal<\/h3>\n<ul>\n<li><strong>Director de la tesis<\/strong>\n<ul>\n<li>velarde Perez Morillo<\/li>\n<\/ul>\n<\/li>\n<li><strong>Tribunal<\/strong>\n<ul>\n<li>Presidente del tribunal: manuel Clavero arevalo <\/li>\n<li>Jos\u00e9 Esteve pardo (vocal)<\/li>\n<li>Juan  Miguel De la cuetara Martinez (vocal)<\/li>\n<li>Jos\u00e9 Mar\u00eda Souvir\u00f3n morenilla (vocal)<\/li>\n<\/ul>\n<\/li>\n<\/ul>\n<p>&nbsp;<\/p>\n","protected":false},"excerpt":{"rendered":"<p>Tesis doctoral de Rozados Oliva Manuel Jes\u00fas El objeto de este trabajo se centra en llevar a cabo un estudio [&hellip;]<\/p>\n","protected":false},"author":1,"featured_media":0,"comment_status":"open","ping_status":"open","sticky":false,"template":"","format":"standard","meta":{"site-sidebar-layout":"default","site-content-layout":"","ast-site-content-layout":"","site-content-style":"default","site-sidebar-style":"default","ast-global-header-display":"","ast-banner-title-visibility":"","ast-main-header-display":"","ast-hfb-above-header-display":"","ast-hfb-below-header-display":"","ast-hfb-mobile-header-display":"","site-post-title":"","ast-breadcrumbs-content":"","ast-featured-img":"","footer-sml-layout":"","theme-transparent-header-meta":"","adv-header-id-meta":"","stick-header-meta":"","header-above-stick-meta":"","header-main-stick-meta":"","header-below-stick-meta":"","astra-migrate-meta-layouts":"default","ast-page-background-enabled":"default","ast-page-background-meta":{"desktop":{"background-color":"var(--ast-global-color-4)","background-image":"","background-repeat":"repeat","background-position":"center center","background-size":"auto","background-attachment":"scroll","background-type":"","background-media":"","overlay-type":"","overlay-color":"","overlay-gradient":""},"tablet":{"background-color":"","background-image":"","background-repeat":"repeat","background-position":"center center","background-size":"auto","background-attachment":"scroll","background-type":"","background-media":"","overlay-type":"","overlay-color":"","overlay-gradient":""},"mobile":{"background-color":"","background-image":"","background-repeat":"repeat","background-position":"center center","background-size":"auto","background-attachment":"scroll","background-type":"","background-media":"","overlay-type":"","overlay-color":"","overlay-gradient":""}},"ast-content-background-meta":{"desktop":{"background-color":"var(--ast-global-color-5)","background-image":"","background-repeat":"repeat","background-position":"center center","background-size":"auto","background-attachment":"scroll","background-type":"","background-media":"","overlay-type":"","overlay-color":"","overlay-gradient":""},"tablet":{"background-color":"var(--ast-global-color-5)","background-image":"","background-repeat":"repeat","background-position":"center center","background-size":"auto","background-attachment":"scroll","background-type":"","background-media":"","overlay-type":"","overlay-color":"","overlay-gradient":""},"mobile":{"background-color":"var(--ast-global-color-5)","background-image":"","background-repeat":"repeat","background-position":"center center","background-size":"auto","background-attachment":"scroll","background-type":"","background-media":"","overlay-type":"","overlay-color":"","overlay-gradient":""}},"footnotes":""},"categories":[1506,612,1442,979],"tags":[46910,52489,12614,1919,186563,71390],"class_list":["post-89733","post","type-post","status-publish","format-standard","hentry","category-cadiz","category-ciencias-juridicas-y-derecho","category-derecho-administrativo","category-derecho-y-legislacion-nacionales","tag-jose-esteve-pardo","tag-jose-maria-souviron-morenilla","tag-juan-miguel-de-la-cuetara-Martinez","tag-manuel-clavero-arevalo","tag-rozados-oliva-manuel-jesus","tag-velarde-perez-morillo"],"_links":{"self":[{"href":"https:\/\/www.deberes.net\/tesis\/wp-json\/wp\/v2\/posts\/89733","targetHints":{"allow":["GET"]}}],"collection":[{"href":"https:\/\/www.deberes.net\/tesis\/wp-json\/wp\/v2\/posts"}],"about":[{"href":"https:\/\/www.deberes.net\/tesis\/wp-json\/wp\/v2\/types\/post"}],"author":[{"embeddable":true,"href":"https:\/\/www.deberes.net\/tesis\/wp-json\/wp\/v2\/users\/1"}],"replies":[{"embeddable":true,"href":"https:\/\/www.deberes.net\/tesis\/wp-json\/wp\/v2\/comments?post=89733"}],"version-history":[{"count":0,"href":"https:\/\/www.deberes.net\/tesis\/wp-json\/wp\/v2\/posts\/89733\/revisions"}],"wp:attachment":[{"href":"https:\/\/www.deberes.net\/tesis\/wp-json\/wp\/v2\/media?parent=89733"}],"wp:term":[{"taxonomy":"category","embeddable":true,"href":"https:\/\/www.deberes.net\/tesis\/wp-json\/wp\/v2\/categories?post=89733"},{"taxonomy":"post_tag","embeddable":true,"href":"https:\/\/www.deberes.net\/tesis\/wp-json\/wp\/v2\/tags?post=89733"}],"curies":[{"name":"wp","href":"https:\/\/api.w.org\/{rel}","templated":true}]}}