{"id":89790,"date":"2018-03-10T00:15:04","date_gmt":"2018-03-10T00:15:04","guid":{"rendered":"https:\/\/www.deberes.net\/tesis\/sin-categoria\/estudio-y-analisis-de-toponimos-de-jaen\/"},"modified":"2018-03-10T00:15:04","modified_gmt":"2018-03-10T00:15:04","slug":"estudio-y-analisis-de-toponimos-de-jaen","status":"publish","type":"post","link":"https:\/\/www.deberes.net\/tesis\/linguistica\/estudio-y-analisis-de-toponimos-de-jaen\/","title":{"rendered":"Estudio y an\u00e1lisis de toponimos de jaen"},"content":{"rendered":"<h2>Tesis doctoral de <strong> Gaspar S\u00e1nchez Salas <\/strong><\/h2>\n<p>La tesis supone la recogida, estudio y an\u00e1lisis de los dictados t\u00f3picos de la provincia de ja\u00e9n en su totalidad y en todas sus variantes (gentilicios, seudogentilicios, top\u00f3nimos y seudotop\u00f3nimos por un lado, y refranes, chascarrillos, cantares, frases significantes, etc., Por otro, con alusi\u00f3n expl\u00edcita o impl\u00edcita a gentilicio, seudogentilicio, top\u00f3nimo o seudotop\u00f3nimo). Los datos que se han recabado en este sentido han sido tratados desde el punto de vista de su formaci\u00f3n, no solamente ling\u00ed\u00bc\u00edstica sino tambi\u00e9n hist\u00f3rica, idiosincr\u00e1tica, etc., Y cuya teorizaci\u00f3n con base en el material recogido aparece reflejada en un primer apartado (corpus te\u00f3rico) y habiendo dispuesto y presentado el material propiamente dicho en un segundo apartado (diccionario).<\/p>\n<p>&nbsp;<\/p>\n<h3>Datos acad\u00e9micos de la tesis doctoral \u00ab<strong>Estudio y an\u00e1lisis de toponimos de jaen<\/strong>\u00ab<\/h3>\n<ul>\n<li><strong>T\u00edtulo de la tesis:<\/strong>\u00a0 Estudio y an\u00e1lisis de toponimos de jaen <\/li>\n<li><strong>Autor:<\/strong>\u00a0 Gaspar S\u00e1nchez Salas <\/li>\n<li><strong>Universidad:<\/strong>\u00a0 Alcal\u00e1<\/li>\n<li><strong>Fecha de lectura de la tesis:<\/strong>\u00a0 17\/04\/2001<\/li>\n<\/ul>\n<p>&nbsp;<\/p>\n<h3>Direcci\u00f3n y tribunal<\/h3>\n<ul>\n<li><strong>Director de la tesis<\/strong>\n<ul>\n<li>J. Cela Camilo<\/li>\n<\/ul>\n<\/li>\n<li><strong>Tribunal<\/strong>\n<ul>\n<li>Presidente del tribunal: benjamin Garc\u00eda fern\u00e1ndez <\/li>\n<li>angel Gomez moreno (vocal)<\/li>\n<li>Mar\u00eda no Andr\u00e9s de (vocal)<\/li>\n<li>Jos\u00e9 Manvel luc\u00eda (vocal)<\/li>\n<\/ul>\n<\/li>\n<\/ul>\n<p>&nbsp;<\/p>\n","protected":false},"excerpt":{"rendered":"<p>Tesis doctoral de Gaspar S\u00e1nchez Salas La tesis supone la recogida, estudio y an\u00e1lisis de los dictados t\u00f3picos de la [&hellip;]<\/p>\n","protected":false},"author":1,"featured_media":0,"comment_status":"open","ping_status":"open","sticky":false,"template":"","format":"standard","meta":{"site-sidebar-layout":"default","site-content-layout":"","ast-site-content-layout":"","site-content-style":"default","site-sidebar-style":"default","ast-global-header-display":"","ast-banner-title-visibility":"","ast-main-header-display":"","ast-hfb-above-header-display":"","ast-hfb-below-header-display":"","ast-hfb-mobile-header-display":"","site-post-title":"","ast-breadcrumbs-content":"","ast-featured-img":"","footer-sml-layout":"","theme-transparent-header-meta":"","adv-header-id-meta":"","stick-header-meta":"","header-above-stick-meta":"","header-main-stick-meta":"","header-below-stick-meta":"","astra-migrate-meta-layouts":"default","ast-page-background-enabled":"default","ast-page-background-meta":{"desktop":{"background-color":"var(--ast-global-color-4)","background-image":"","background-repeat":"repeat","background-position":"center center","background-size":"auto","background-attachment":"scroll","background-type":"","background-media":"","overlay-type":"","overlay-color":"","overlay-gradient":""},"tablet":{"background-color":"","background-image":"","background-repeat":"repeat","background-position":"center center","background-size":"auto","background-attachment":"scroll","background-type":"","background-media":"","overlay-type":"","overlay-color":"","overlay-gradient":""},"mobile":{"background-color":"","background-image":"","background-repeat":"repeat","background-position":"center center","background-size":"auto","background-attachment":"scroll","background-type":"","background-media":"","overlay-type":"","overlay-color":"","overlay-gradient":""}},"ast-content-background-meta":{"desktop":{"background-color":"var(--ast-global-color-5)","background-image":"","background-repeat":"repeat","background-position":"center center","background-size":"auto","background-attachment":"scroll","background-type":"","background-media":"","overlay-type":"","overlay-color":"","overlay-gradient":""},"tablet":{"background-color":"var(--ast-global-color-5)","background-image":"","background-repeat":"repeat","background-position":"center center","background-size":"auto","background-attachment":"scroll","background-type":"","background-media":"","overlay-type":"","overlay-color":"","overlay-gradient":""},"mobile":{"background-color":"var(--ast-global-color-5)","background-image":"","background-repeat":"repeat","background-position":"center center","background-size":"auto","background-attachment":"scroll","background-type":"","background-media":"","overlay-type":"","overlay-color":"","overlay-gradient":""}},"footnotes":""},"categories":[17426,636,59,60,12985],"tags":[6018,186662,186660,186661,186664,186663],"class_list":["post-89790","post","type-post","status-publish","format-standard","hentry","category-alcala","category-lengua-y-literatura","category-linguistica","category-linguistica-aplicada","category-linguistica-geografica","tag-angel-gomez-moreno","tag-benjamin-garcia-fernandez","tag-gaspar-sanchez-salas","tag-j-cela-camilo","tag-jose-manvel-lucia","tag-maria-no-andres-de"],"_links":{"self":[{"href":"https:\/\/www.deberes.net\/tesis\/wp-json\/wp\/v2\/posts\/89790","targetHints":{"allow":["GET"]}}],"collection":[{"href":"https:\/\/www.deberes.net\/tesis\/wp-json\/wp\/v2\/posts"}],"about":[{"href":"https:\/\/www.deberes.net\/tesis\/wp-json\/wp\/v2\/types\/post"}],"author":[{"embeddable":true,"href":"https:\/\/www.deberes.net\/tesis\/wp-json\/wp\/v2\/users\/1"}],"replies":[{"embeddable":true,"href":"https:\/\/www.deberes.net\/tesis\/wp-json\/wp\/v2\/comments?post=89790"}],"version-history":[{"count":0,"href":"https:\/\/www.deberes.net\/tesis\/wp-json\/wp\/v2\/posts\/89790\/revisions"}],"wp:attachment":[{"href":"https:\/\/www.deberes.net\/tesis\/wp-json\/wp\/v2\/media?parent=89790"}],"wp:term":[{"taxonomy":"category","embeddable":true,"href":"https:\/\/www.deberes.net\/tesis\/wp-json\/wp\/v2\/categories?post=89790"},{"taxonomy":"post_tag","embeddable":true,"href":"https:\/\/www.deberes.net\/tesis\/wp-json\/wp\/v2\/tags?post=89790"}],"curies":[{"name":"wp","href":"https:\/\/api.w.org\/{rel}","templated":true}]}}