{"id":89795,"date":"2018-03-10T00:15:04","date_gmt":"2018-03-10T00:15:04","guid":{"rendered":"https:\/\/www.deberes.net\/tesis\/sin-categoria\/politicas-de-inmigracion-la-regularizacion-de-los-no-regulados\/"},"modified":"2018-03-10T00:15:04","modified_gmt":"2018-03-10T00:15:04","slug":"politicas-de-inmigracion-la-regularizacion-de-los-no-regulados","status":"publish","type":"post","link":"https:\/\/www.deberes.net\/tesis\/sociologia\/politicas-de-inmigracion-la-regularizacion-de-los-no-regulados\/","title":{"rendered":"Politicas de inmigracion: la regularizacion de los no regulados"},"content":{"rendered":"<h2>Tesis doctoral de <strong>  Mancebo Garcia Jos\u00e9 M. <\/strong><\/h2>\n<p>Explica el fen\u00f3meno migratorio habido en la provincia de girona desde el a\u00f1o hasta el 2000, haciendo especial enfasis en los distintos procesos de regularizacion que se han sucedido en dicho periodo. En funcion de las zonas de procedencia, considera una multiplicidad de migraciones de modo sincr\u00f3nico: magrebi, gambiana, senegalesa, argentina,dominicana, india y china. A traves de un marco conceptual derivado de la teoria de sistemas de explicita el origen y posterior evolucion del fenomeno migratorio en las comarcas de girona. El analisis de sistemas interdependientes, tales como, la reagrupaci\u00f3n familiar, la segunda generacion, los inmigrados acogidos a los distintos contingentes habidos hasta la fecha, y los extranjeros documentados con la regularizacion del a\u00f1o 1991, ha permitido configurar a lo largo del trabajo la estructura latente del proceso migratorio hacia la provincia de girona. En este sentido, la teis, recoge, con referencia, al a\u00f1o 2000, las caracteristicas poblaciones m\u00e1s destacables de los extranjeros no comunitarios asentados en la citada zona: distribucion geografica, grados de concentracion, piramides de edades, etc. Asimismo, a traves de una sintesis de los sistemas de acceso a la residencia y, por tanto, de los procedimientos de obtencion de status de \u00abresidente legal\u00bb, que incluye diferentes analisis de regresion, se verifica la existencia de un modelo migratorio definido por la rapida consolidacion de las estructuras familiares, y que refleja el continuo progreso de la poblaci\u00f3n no activa. Igualmente, mediante un an\u00e1lisis multivariante, demuestra que, a corto plazo, la variable explicativa determinante de un proceso migratorio es la coyuntura socioeconomica del municipio de asentamiento: su evolucion constituir\u00eda pues,el factor limitante\/incentivador m\u00e1s decisivo.<\/p>\n<p>&nbsp;<\/p>\n<h3>Datos acad\u00e9micos de la tesis doctoral \u00ab<strong>Politicas de inmigracion: la regularizacion de los no regulados<\/strong>\u00ab<\/h3>\n<ul>\n<li><strong>T\u00edtulo de la tesis:<\/strong>\u00a0 Politicas de inmigracion: la regularizacion de los no regulados <\/li>\n<li><strong>Autor:<\/strong>\u00a0  Mancebo Garcia Jos\u00e9 M. <\/li>\n<li><strong>Universidad:<\/strong>\u00a0 Aut\u00f3noma de barcelona<\/li>\n<li><strong>Fecha de lectura de la tesis:<\/strong>\u00a0 18\/04\/2001<\/li>\n<\/ul>\n<p>&nbsp;<\/p>\n<h3>Direcci\u00f3n y tribunal<\/h3>\n<ul>\n<li><strong>Director de la tesis<\/strong>\n<ul>\n<li>Carlota Sole Puig<\/li>\n<\/ul>\n<\/li>\n<li><strong>Tribunal<\/strong>\n<ul>\n<li>Presidente del tribunal: Carlos Lozares colina <\/li>\n<li> Morell i blanch antoni (vocal)<\/li>\n<li>jordi Garreta bochaca (vocal)<\/li>\n<li>ignacio Brunet icart (vocal)<\/li>\n<\/ul>\n<\/li>\n<\/ul>\n<p>&nbsp;<\/p>\n","protected":false},"excerpt":{"rendered":"<p>Tesis doctoral de Mancebo Garcia Jos\u00e9 M. Explica el fen\u00f3meno migratorio habido en la provincia de girona desde el a\u00f1o [&hellip;]<\/p>\n","protected":false},"author":1,"featured_media":0,"comment_status":"open","ping_status":"open","sticky":false,"template":"","format":"standard","meta":{"site-sidebar-layout":"default","site-content-layout":"","ast-site-content-layout":"","site-content-style":"default","site-sidebar-style":"default","ast-global-header-display":"","ast-banner-title-visibility":"","ast-main-header-display":"","ast-hfb-above-header-display":"","ast-hfb-below-header-display":"","ast-hfb-mobile-header-display":"","site-post-title":"","ast-breadcrumbs-content":"","ast-featured-img":"","footer-sml-layout":"","theme-transparent-header-meta":"","adv-header-id-meta":"","stick-header-meta":"","header-above-stick-meta":"","header-main-stick-meta":"","header-below-stick-meta":"","astra-migrate-meta-layouts":"default","ast-page-background-enabled":"default","ast-page-background-meta":{"desktop":{"background-color":"var(--ast-global-color-4)","background-image":"","background-repeat":"repeat","background-position":"center center","background-size":"auto","background-attachment":"scroll","background-type":"","background-media":"","overlay-type":"","overlay-color":"","overlay-gradient":""},"tablet":{"background-color":"","background-image":"","background-repeat":"repeat","background-position":"center center","background-size":"auto","background-attachment":"scroll","background-type":"","background-media":"","overlay-type":"","overlay-color":"","overlay-gradient":""},"mobile":{"background-color":"","background-image":"","background-repeat":"repeat","background-position":"center center","background-size":"auto","background-attachment":"scroll","background-type":"","background-media":"","overlay-type":"","overlay-color":"","overlay-gradient":""}},"ast-content-background-meta":{"desktop":{"background-color":"var(--ast-global-color-5)","background-image":"","background-repeat":"repeat","background-position":"center center","background-size":"auto","background-attachment":"scroll","background-type":"","background-media":"","overlay-type":"","overlay-color":"","overlay-gradient":""},"tablet":{"background-color":"var(--ast-global-color-5)","background-image":"","background-repeat":"repeat","background-position":"center center","background-size":"auto","background-attachment":"scroll","background-type":"","background-media":"","overlay-type":"","overlay-color":"","overlay-gradient":""},"mobile":{"background-color":"var(--ast-global-color-5)","background-image":"","background-repeat":"repeat","background-position":"center center","background-size":"auto","background-attachment":"scroll","background-type":"","background-media":"","overlay-type":"","overlay-color":"","overlay-gradient":""}},"footnotes":""},"categories":[1066,1353,291,7689,1354,269],"tags":[45765,22300,48067,53394,186670,186671],"class_list":["post-89795","post","type-post","status-publish","format-standard","hentry","category-demografia","category-demografia-geografica","category-grupos-sociales","category-movilidad-social","category-movilidad-y-migraciones-internacionales","category-sociologia","tag-carlos-lozares-colina","tag-carlota-sole-puig","tag-ignacio-brunet-icart","tag-jordi-garreta-bochaca","tag-mancebo-garcia-jose-m","tag-morell-i-blanch-antoni"],"_links":{"self":[{"href":"https:\/\/www.deberes.net\/tesis\/wp-json\/wp\/v2\/posts\/89795","targetHints":{"allow":["GET"]}}],"collection":[{"href":"https:\/\/www.deberes.net\/tesis\/wp-json\/wp\/v2\/posts"}],"about":[{"href":"https:\/\/www.deberes.net\/tesis\/wp-json\/wp\/v2\/types\/post"}],"author":[{"embeddable":true,"href":"https:\/\/www.deberes.net\/tesis\/wp-json\/wp\/v2\/users\/1"}],"replies":[{"embeddable":true,"href":"https:\/\/www.deberes.net\/tesis\/wp-json\/wp\/v2\/comments?post=89795"}],"version-history":[{"count":0,"href":"https:\/\/www.deberes.net\/tesis\/wp-json\/wp\/v2\/posts\/89795\/revisions"}],"wp:attachment":[{"href":"https:\/\/www.deberes.net\/tesis\/wp-json\/wp\/v2\/media?parent=89795"}],"wp:term":[{"taxonomy":"category","embeddable":true,"href":"https:\/\/www.deberes.net\/tesis\/wp-json\/wp\/v2\/categories?post=89795"},{"taxonomy":"post_tag","embeddable":true,"href":"https:\/\/www.deberes.net\/tesis\/wp-json\/wp\/v2\/tags?post=89795"}],"curies":[{"name":"wp","href":"https:\/\/api.w.org\/{rel}","templated":true}]}}