{"id":89831,"date":"2018-03-10T00:15:04","date_gmt":"2018-03-10T00:15:04","guid":{"rendered":"https:\/\/www.deberes.net\/tesis\/sin-categoria\/aspectos-epidemiologicos-del-cancer-de-cuello-uterino\/"},"modified":"2018-03-10T00:15:04","modified_gmt":"2018-03-10T00:15:04","slug":"aspectos-epidemiologicos-del-cancer-de-cuello-uterino","status":"publish","type":"post","link":"https:\/\/www.deberes.net\/tesis\/ciencias-medicas\/aspectos-epidemiologicos-del-cancer-de-cuello-uterino\/","title":{"rendered":"Aspectos epidemiologicos del c\u00e1ncer de cuello uterino"},"content":{"rendered":"<h2>Tesis doctoral de <strong>  L\u00f3pez G\u00f3mez Adolfo Jos\u00e9 <\/strong><\/h2>\n<p>El presente estudio se ha realizado sobre las pacientes diagnosticadas de c\u00e1ncer de cervix uteriono en el area sanitaria virgen del rocio de sevilla incluyendo en el mismo a 282 pacientes, de las cu\u00e1les 174 coorespond\u00edan a carcinomas \u00abin situ\u00bb y 108 a carcinomas epidermoides invasores.  sobre ellas se han analizado numerosas variables socio-demogr\u00e1ficas y cl\u00ednicas, destacando que el carcionma \u00abin situ\u00bb predomina en el grupo de edad entre los 31 y 40 a\u00f1os, de estado civil casadas, con residencia en el \u00e1rea urbana y diagnosticadas mediante citolog\u00eda control, mientras que el carcinoma invasor predomina en el grupo de edad entre los 41 y 50 a\u00f1os, de estado civil casadas, residentes en el \u00e1rea urbana y diagn\u00f3sticadas en fase cl\u00ednica de la enfermedad.  del an\u00e1lisis de los datos de los distintos intervalos de demora, se deduce que son necesarias las campa\u00f1as de screening y que su eficacia sea mayor para la detecci\u00f3n de las lesiones en fases precoces.<\/p>\n<p>&nbsp;<\/p>\n<h3>Datos acad\u00e9micos de la tesis doctoral \u00ab<strong>Aspectos epidemiologicos del c\u00e1ncer de cuello uterino<\/strong>\u00ab<\/h3>\n<ul>\n<li><strong>T\u00edtulo de la tesis:<\/strong>\u00a0 Aspectos epidemiologicos del c\u00e1ncer de cuello uterino <\/li>\n<li><strong>Autor:<\/strong>\u00a0  L\u00f3pez G\u00f3mez Adolfo Jos\u00e9 <\/li>\n<li><strong>Universidad:<\/strong>\u00a0 Sevilla<\/li>\n<li><strong>Fecha de lectura de la tesis:<\/strong>\u00a0 20\/04\/2001<\/li>\n<\/ul>\n<p>&nbsp;<\/p>\n<h3>Direcci\u00f3n y tribunal<\/h3>\n<ul>\n<li><strong>Director de la tesis<\/strong>\n<ul>\n<li>Ana Fern\u00e1ndez Rodr\u00edguez<\/li>\n<\/ul>\n<\/li>\n<li><strong>Tribunal<\/strong>\n<ul>\n<li>Presidente del tribunal: verena Garc\u00eda-lomas jung <\/li>\n<li>concepci\u00f3n Parrado romero (vocal)<\/li>\n<li>alicia Villena garcia-cabrera (vocal)<\/li>\n<li>aurelio Cayuela dom\u00ednguez (vocal)<\/li>\n<\/ul>\n<\/li>\n<\/ul>\n<p>&nbsp;<\/p>\n","protected":false},"excerpt":{"rendered":"<p>Tesis doctoral de L\u00f3pez G\u00f3mez Adolfo Jos\u00e9 El presente estudio se ha realizado sobre las pacientes diagnosticadas de c\u00e1ncer de [&hellip;]<\/p>\n","protected":false},"author":1,"featured_media":0,"comment_status":"open","ping_status":"open","sticky":false,"template":"","format":"standard","meta":{"site-sidebar-layout":"default","site-content-layout":"","ast-site-content-layout":"","site-content-style":"default","site-sidebar-style":"default","ast-global-header-display":"","ast-banner-title-visibility":"","ast-main-header-display":"","ast-hfb-above-header-display":"","ast-hfb-below-header-display":"","ast-hfb-mobile-header-display":"","site-post-title":"","ast-breadcrumbs-content":"","ast-featured-img":"","footer-sml-layout":"","theme-transparent-header-meta":"","adv-header-id-meta":"","stick-header-meta":"","header-above-stick-meta":"","header-main-stick-meta":"","header-below-stick-meta":"","astra-migrate-meta-layouts":"default","ast-page-background-enabled":"default","ast-page-background-meta":{"desktop":{"background-color":"var(--ast-global-color-4)","background-image":"","background-repeat":"repeat","background-position":"center center","background-size":"auto","background-attachment":"scroll","background-type":"","background-media":"","overlay-type":"","overlay-color":"","overlay-gradient":""},"tablet":{"background-color":"","background-image":"","background-repeat":"repeat","background-position":"center center","background-size":"auto","background-attachment":"scroll","background-type":"","background-media":"","overlay-type":"","overlay-color":"","overlay-gradient":""},"mobile":{"background-color":"","background-image":"","background-repeat":"repeat","background-position":"center center","background-size":"auto","background-attachment":"scroll","background-type":"","background-media":"","overlay-type":"","overlay-color":"","overlay-gradient":""}},"ast-content-background-meta":{"desktop":{"background-color":"var(--ast-global-color-5)","background-image":"","background-repeat":"repeat","background-position":"center center","background-size":"auto","background-attachment":"scroll","background-type":"","background-media":"","overlay-type":"","overlay-color":"","overlay-gradient":""},"tablet":{"background-color":"var(--ast-global-color-5)","background-image":"","background-repeat":"repeat","background-position":"center center","background-size":"auto","background-attachment":"scroll","background-type":"","background-media":"","overlay-type":"","overlay-color":"","overlay-gradient":""},"mobile":{"background-color":"var(--ast-global-color-5)","background-image":"","background-repeat":"repeat","background-position":"center center","background-size":"auto","background-attachment":"scroll","background-type":"","background-media":"","overlay-type":"","overlay-color":"","overlay-gradient":""}},"footnotes":""},"categories":[212,155,35,9,3153,52,1027,347,156,10715],"tags":[47263,11201,37593,47264,186723,103274],"class_list":["post-89831","post","type-post","status-publish","format-standard","hentry","category-biologia-humana","category-ciencias-clinicas","category-ciencias-de-la-vida","category-ciencias-medicas","category-histologia-humana","category-histopatologia","category-oncologia","category-oncologia-clinica","category-patologia","category-sevilla","tag-alicia-villena-garcia-cabrera","tag-ana-fernandez-rodriguez","tag-aurelio-cayuela-dominguez","tag-concepcion-parrado-romero","tag-lopez-gomez-adolfo-jose","tag-verena-garcia-lomas-jung"],"_links":{"self":[{"href":"https:\/\/www.deberes.net\/tesis\/wp-json\/wp\/v2\/posts\/89831","targetHints":{"allow":["GET"]}}],"collection":[{"href":"https:\/\/www.deberes.net\/tesis\/wp-json\/wp\/v2\/posts"}],"about":[{"href":"https:\/\/www.deberes.net\/tesis\/wp-json\/wp\/v2\/types\/post"}],"author":[{"embeddable":true,"href":"https:\/\/www.deberes.net\/tesis\/wp-json\/wp\/v2\/users\/1"}],"replies":[{"embeddable":true,"href":"https:\/\/www.deberes.net\/tesis\/wp-json\/wp\/v2\/comments?post=89831"}],"version-history":[{"count":0,"href":"https:\/\/www.deberes.net\/tesis\/wp-json\/wp\/v2\/posts\/89831\/revisions"}],"wp:attachment":[{"href":"https:\/\/www.deberes.net\/tesis\/wp-json\/wp\/v2\/media?parent=89831"}],"wp:term":[{"taxonomy":"category","embeddable":true,"href":"https:\/\/www.deberes.net\/tesis\/wp-json\/wp\/v2\/categories?post=89831"},{"taxonomy":"post_tag","embeddable":true,"href":"https:\/\/www.deberes.net\/tesis\/wp-json\/wp\/v2\/tags?post=89831"}],"curies":[{"name":"wp","href":"https:\/\/api.w.org\/{rel}","templated":true}]}}