{"id":89853,"date":"2018-03-10T00:15:09","date_gmt":"2018-03-10T00:15:09","guid":{"rendered":"https:\/\/www.deberes.net\/tesis\/sin-categoria\/aportacion-al-estudio-de-los-marcadores-conversacionales-que-intervienen-en-el-desarrollo-del-dialogo\/"},"modified":"2018-03-10T00:15:09","modified_gmt":"2018-03-10T00:15:09","slug":"aportacion-al-estudio-de-los-marcadores-conversacionales-que-intervienen-en-el-desarrollo-del-dialogo","status":"publish","type":"post","link":"https:\/\/www.deberes.net\/tesis\/linguistica\/aportacion-al-estudio-de-los-marcadores-conversacionales-que-intervienen-en-el-desarrollo-del-dialogo\/","title":{"rendered":"Aportaci\u00f3n al estudio de los marcadores conversacionales que intervienen en el desarrollo del di\u00e1logo"},"content":{"rendered":"<h2>Tesis doctoral de <strong>  Boyero Rodr\u00edguez M. Jose <\/strong><\/h2>\n<p>El trabajo realizado se distribuye en ocho cap\u00edtulos. Los tres primeros abordan a modo de introducci\u00f3n, conceptos fundamentales que todo marcador posee, como veh\u00edculo de expresi\u00f3n enf\u00e1tica, tales como: el gesto, la palabra, el tipo de acto, la intenci\u00f3n, la actitud, el sentimiento, la complicidad y la persuasi\u00f3n. En dichos cap\u00edtulos se analizan di\u00e1logos vinculados a estos conceptos para tratar de dar cuenta de c\u00f3mo se generan dentro del marcador conversacional.  en este estudios e concibe al marcador conversacional como un fen\u00f3meno ling\u00ed\u00bc\u00edstico interactivo con entonaci\u00f3n independiente, funcionamiento en cadena de interacci\u00f3n circular abierta, definido en relaci\u00f3n a la modalidad de imperaci\u00f3n, que da cuenta de las internci\u00f3n\/es y actitud\/es de los interlocutores.Incidiendo cada uno de ellos sobre el contenido de lo enunciado, dejando de ser meros elementos conectores para convertirse en recodificadores de m\u00faltiples funciones dialogales.  el estudio de los marcadores se realiza a partir del cap\u00edtulo iv, donde se presentan los rasgos fundamentales que lo definen.  en el cap\u00edtulo v, se ofrece un panorama general de las propuestas y definiciones mantenidas hasta este momento. Y dentro de este cap\u00edtulo, se da paso al estudio de los marcadores conversacionales que son el objeto principal en nuestro estudio.  entendemos que conversar es crear y este proceso de creaci\u00f3n se lleva a cabo por tres clases de marcadores, a los que hemos denominado: marcadores conversacionales tipo, marcadores conversacionales subtipo y marcadores conversacionales estereotipo.  se definen, se clasifican y analizan sistem\u00e1ticamente los marcadores en los cap\u00edtulos v, vi, viii.  parte del cap\u00edtulo v est\u00e1 destinado a los maracadores tipo. Al ser \u00e9stos un grupo muy amllio, su estudio se reduce a :  1,- marcadores tipo de saludo, encuentro y despedida.  2,- marcadores tipo confirmativo, reactivo, de aclaraci\u00f3n, correci\u00f3n, reformulaci\u00f3n,<\/p>\n<p>&nbsp;<\/p>\n<h3>Datos acad\u00e9micos de la tesis doctoral \u00ab<strong>Aportaci\u00f3n al estudio de los marcadores conversacionales que intervienen en el desarrollo del di\u00e1logo<\/strong>\u00ab<\/h3>\n<ul>\n<li><strong>T\u00edtulo de la tesis:<\/strong>\u00a0 Aportaci\u00f3n al estudio de los marcadores conversacionales que intervienen en el desarrollo del di\u00e1logo <\/li>\n<li><strong>Autor:<\/strong>\u00a0  Boyero Rodr\u00edguez M. Jose <\/li>\n<li><strong>Universidad:<\/strong>\u00a0 Complutense de Madrid<\/li>\n<li><strong>Fecha de lectura de la tesis:<\/strong>\u00a0 23\/04\/2001<\/li>\n<\/ul>\n<p>&nbsp;<\/p>\n<h3>Direcci\u00f3n y tribunal<\/h3>\n<ul>\n<li><strong>Director de la tesis<\/strong>\n<ul>\n<li>Jos\u00e9 Jes\u00fas Bustos Tovar<\/li>\n<\/ul>\n<\/li>\n<li><strong>Tribunal<\/strong>\n<ul>\n<li>Presidente del tribunal: manuel Alvar ezquerra <\/li>\n<li>Antonio Narbona jim\u00e9nez (vocal)<\/li>\n<li> M\u00e9ndez Garc\u00eda de pereda Elena (vocal)<\/li>\n<li>Luis Cort\u00e9s rodr\u00edguez (vocal)<\/li>\n<\/ul>\n<\/li>\n<\/ul>\n<p>&nbsp;<\/p>\n","protected":false},"excerpt":{"rendered":"<p>Tesis doctoral de Boyero Rodr\u00edguez M. Jose El trabajo realizado se distribuye en ocho cap\u00edtulos. Los tres primeros abordan a [&hellip;]<\/p>\n","protected":false},"author":1,"featured_media":0,"comment_status":"open","ping_status":"open","sticky":false,"template":"","format":"standard","meta":{"site-sidebar-layout":"default","site-content-layout":"","ast-site-content-layout":"","site-content-style":"default","site-sidebar-style":"default","ast-global-header-display":"","ast-banner-title-visibility":"","ast-main-header-display":"","ast-hfb-above-header-display":"","ast-hfb-below-header-display":"","ast-hfb-mobile-header-display":"","site-post-title":"","ast-breadcrumbs-content":"","ast-featured-img":"","footer-sml-layout":"","theme-transparent-header-meta":"","adv-header-id-meta":"","stick-header-meta":"","header-above-stick-meta":"","header-main-stick-meta":"","header-below-stick-meta":"","astra-migrate-meta-layouts":"default","ast-page-background-enabled":"default","ast-page-background-meta":{"desktop":{"background-color":"var(--ast-global-color-4)","background-image":"","background-repeat":"repeat","background-position":"center center","background-size":"auto","background-attachment":"scroll","background-type":"","background-media":"","overlay-type":"","overlay-color":"","overlay-gradient":""},"tablet":{"background-color":"","background-image":"","background-repeat":"repeat","background-position":"center center","background-size":"auto","background-attachment":"scroll","background-type":"","background-media":"","overlay-type":"","overlay-color":"","overlay-gradient":""},"mobile":{"background-color":"","background-image":"","background-repeat":"repeat","background-position":"center center","background-size":"auto","background-attachment":"scroll","background-type":"","background-media":"","overlay-type":"","overlay-color":"","overlay-gradient":""}},"ast-content-background-meta":{"desktop":{"background-color":"var(--ast-global-color-5)","background-image":"","background-repeat":"repeat","background-position":"center center","background-size":"auto","background-attachment":"scroll","background-type":"","background-media":"","overlay-type":"","overlay-color":"","overlay-gradient":""},"tablet":{"background-color":"var(--ast-global-color-5)","background-image":"","background-repeat":"repeat","background-position":"center center","background-size":"auto","background-attachment":"scroll","background-type":"","background-media":"","overlay-type":"","overlay-color":"","overlay-gradient":""},"mobile":{"background-color":"var(--ast-global-color-5)","background-image":"","background-repeat":"repeat","background-position":"center center","background-size":"auto","background-attachment":"scroll","background-type":"","background-media":"","overlay-type":"","overlay-color":"","overlay-gradient":""}},"footnotes":""},"categories":[61,59,62],"tags":[21472,186765,56772,69500,5467,186766],"class_list":["post-89853","post","type-post","status-publish","format-standard","hentry","category-lexicologia","category-linguistica","category-linguistica-sincronica","tag-antonio-narbona-jimenez","tag-boyero-rodriguez-m-jose","tag-jose-jesus-bustos-tovar","tag-luis-cortes-rodriguez","tag-manuel-alvar-ezquerra","tag-mendez-garcia-de-pereda-elena"],"_links":{"self":[{"href":"https:\/\/www.deberes.net\/tesis\/wp-json\/wp\/v2\/posts\/89853","targetHints":{"allow":["GET"]}}],"collection":[{"href":"https:\/\/www.deberes.net\/tesis\/wp-json\/wp\/v2\/posts"}],"about":[{"href":"https:\/\/www.deberes.net\/tesis\/wp-json\/wp\/v2\/types\/post"}],"author":[{"embeddable":true,"href":"https:\/\/www.deberes.net\/tesis\/wp-json\/wp\/v2\/users\/1"}],"replies":[{"embeddable":true,"href":"https:\/\/www.deberes.net\/tesis\/wp-json\/wp\/v2\/comments?post=89853"}],"version-history":[{"count":0,"href":"https:\/\/www.deberes.net\/tesis\/wp-json\/wp\/v2\/posts\/89853\/revisions"}],"wp:attachment":[{"href":"https:\/\/www.deberes.net\/tesis\/wp-json\/wp\/v2\/media?parent=89853"}],"wp:term":[{"taxonomy":"category","embeddable":true,"href":"https:\/\/www.deberes.net\/tesis\/wp-json\/wp\/v2\/categories?post=89853"},{"taxonomy":"post_tag","embeddable":true,"href":"https:\/\/www.deberes.net\/tesis\/wp-json\/wp\/v2\/tags?post=89853"}],"curies":[{"name":"wp","href":"https:\/\/api.w.org\/{rel}","templated":true}]}}