{"id":89860,"date":"2018-03-10T00:15:09","date_gmt":"2018-03-10T00:15:09","guid":{"rendered":"https:\/\/www.deberes.net\/tesis\/sin-categoria\/tecnicismos-lexicos-en-la-teoria-de-la-persuasion-conceptista\/"},"modified":"2018-03-10T00:15:09","modified_gmt":"2018-03-10T00:15:09","slug":"tecnicismos-lexicos-en-la-teoria-de-la-persuasion-conceptista","status":"publish","type":"post","link":"https:\/\/www.deberes.net\/tesis\/linguistica\/tecnicismos-lexicos-en-la-teoria-de-la-persuasion-conceptista\/","title":{"rendered":"Tecnicismos l\u00e9xicos en la teor\u00eda de la persuasi\u00f3n conceptista"},"content":{"rendered":"<h2>Tesis doctoral de <strong> Antonio  Pedro Garcia Berrio  Hernandez <\/strong><\/h2>\n<p>La tesis tiene un perfil predominante hist\u00f3rico donde se traza la evoluci\u00f3n de los tecnicismos po\u00e9tico-ret\u00f3ricos en la teor\u00eda del conceptismo en los siglos xvi y xvii. Siendo el conceptismo una de las manifestaciones decisivas en la est\u00e9tica del barroco espa\u00f1ol y europeo.  se atiende de forma y muy especial al periodo de or\u00edgenes de lo que fue en realidad una moda cultural dominante desde los \u00faltimos dos decenios del siglo xvi y sobre todo a partir de la fecha de 1615, tanto en la oratoria religiosa como en la literatura, con figuras culminantes en las obras de quevedo y de baltasar graci\u00e1n.  esta investigaci\u00f3n concreta se enmarca dentro de una teor\u00eda general de la persuasi\u00f3n, aunque no deje testimonios actuales en el desarrollo de la tesis. Sin embargo, el estudio de la aportaci\u00f3n hist\u00f3rica realizada para el \u00e1mbito de la literatura, se abre a una proyecci\u00f3n posible, como lo muestra la bibliograf\u00eda, a las \u00e1reas de la persuasi\u00f3n jur\u00eddica y propagand\u00edstica actuales.<\/p>\n<p>&nbsp;<\/p>\n<h3>Datos acad\u00e9micos de la tesis doctoral \u00ab<strong>Tecnicismos l\u00e9xicos en la teor\u00eda de la persuasi\u00f3n conceptista<\/strong>\u00ab<\/h3>\n<ul>\n<li><strong>T\u00edtulo de la tesis:<\/strong>\u00a0 Tecnicismos l\u00e9xicos en la teor\u00eda de la persuasi\u00f3n conceptista <\/li>\n<li><strong>Autor:<\/strong>\u00a0 Antonio  Pedro Garcia Berrio  Hernandez <\/li>\n<li><strong>Universidad:<\/strong>\u00a0 Aut\u00f3noma de Madrid<\/li>\n<li><strong>Fecha de lectura de la tesis:<\/strong>\u00a0 23\/04\/2001<\/li>\n<\/ul>\n<p>&nbsp;<\/p>\n<h3>Direcci\u00f3n y tribunal<\/h3>\n<ul>\n<li><strong>Director de la tesis<\/strong>\n<ul>\n<li>Tomas Albaladejo Mayordomo<\/li>\n<\/ul>\n<\/li>\n<li><strong>Tribunal<\/strong>\n<ul>\n<li>Presidente del tribunal: guillermo Carnero arbat <\/li>\n<li>Manuel Mart\u00ednez arnaldos (vocal)<\/li>\n<li>isabel Para\u00edso almansa (vocal)<\/li>\n<li> Villar d\u00e9cano Juan  felipe (vocal)<\/li>\n<\/ul>\n<\/li>\n<\/ul>\n<p>&nbsp;<\/p>\n","protected":false},"excerpt":{"rendered":"<p>Tesis doctoral de Antonio Pedro Garcia Berrio Hernandez La tesis tiene un perfil predominante hist\u00f3rico donde se traza la evoluci\u00f3n [&hellip;]<\/p>\n","protected":false},"author":1,"featured_media":0,"comment_status":"open","ping_status":"open","sticky":false,"template":"","format":"standard","meta":{"site-sidebar-layout":"default","site-content-layout":"","ast-site-content-layout":"","site-content-style":"default","site-sidebar-style":"default","ast-global-header-display":"","ast-banner-title-visibility":"","ast-main-header-display":"","ast-hfb-above-header-display":"","ast-hfb-below-header-display":"","ast-hfb-mobile-header-display":"","site-post-title":"","ast-breadcrumbs-content":"","ast-featured-img":"","footer-sml-layout":"","theme-transparent-header-meta":"","adv-header-id-meta":"","stick-header-meta":"","header-above-stick-meta":"","header-main-stick-meta":"","header-below-stick-meta":"","astra-migrate-meta-layouts":"default","ast-page-background-enabled":"default","ast-page-background-meta":{"desktop":{"background-color":"var(--ast-global-color-4)","background-image":"","background-repeat":"repeat","background-position":"center center","background-size":"auto","background-attachment":"scroll","background-type":"","background-media":"","overlay-type":"","overlay-color":"","overlay-gradient":""},"tablet":{"background-color":"","background-image":"","background-repeat":"repeat","background-position":"center center","background-size":"auto","background-attachment":"scroll","background-type":"","background-media":"","overlay-type":"","overlay-color":"","overlay-gradient":""},"mobile":{"background-color":"","background-image":"","background-repeat":"repeat","background-position":"center center","background-size":"auto","background-attachment":"scroll","background-type":"","background-media":"","overlay-type":"","overlay-color":"","overlay-gradient":""}},"ast-content-background-meta":{"desktop":{"background-color":"var(--ast-global-color-5)","background-image":"","background-repeat":"repeat","background-position":"center center","background-size":"auto","background-attachment":"scroll","background-type":"","background-media":"","overlay-type":"","overlay-color":"","overlay-gradient":""},"tablet":{"background-color":"var(--ast-global-color-5)","background-image":"","background-repeat":"repeat","background-position":"center center","background-size":"auto","background-attachment":"scroll","background-type":"","background-media":"","overlay-type":"","overlay-color":"","overlay-gradient":""},"mobile":{"background-color":"var(--ast-global-color-5)","background-image":"","background-repeat":"repeat","background-position":"center center","background-size":"auto","background-attachment":"scroll","background-type":"","background-media":"","overlay-type":"","overlay-color":"","overlay-gradient":""}},"footnotes":""},"categories":[147,59,628,3016,6185],"tags":[14762,18160,14763,25110,4759,186778],"class_list":["post-89860","post","type-post","status-publish","format-standard","hentry","category-ciencias-de-las-artes-y-las-letras","category-linguistica","category-teoria-analisis-y-critica-literarios","category-teoria-linguistica","category-vocabulario-literario","tag-antonio-pedro-garcia-berrio-hernandez","tag-guillermo-carnero-arbat","tag-isabel-paraiso-almansa","tag-manuel-Martinez-arnaldos","tag-tomas-albaladejo-mayordomo","tag-villar-decano-juan-felipe"],"_links":{"self":[{"href":"https:\/\/www.deberes.net\/tesis\/wp-json\/wp\/v2\/posts\/89860","targetHints":{"allow":["GET"]}}],"collection":[{"href":"https:\/\/www.deberes.net\/tesis\/wp-json\/wp\/v2\/posts"}],"about":[{"href":"https:\/\/www.deberes.net\/tesis\/wp-json\/wp\/v2\/types\/post"}],"author":[{"embeddable":true,"href":"https:\/\/www.deberes.net\/tesis\/wp-json\/wp\/v2\/users\/1"}],"replies":[{"embeddable":true,"href":"https:\/\/www.deberes.net\/tesis\/wp-json\/wp\/v2\/comments?post=89860"}],"version-history":[{"count":0,"href":"https:\/\/www.deberes.net\/tesis\/wp-json\/wp\/v2\/posts\/89860\/revisions"}],"wp:attachment":[{"href":"https:\/\/www.deberes.net\/tesis\/wp-json\/wp\/v2\/media?parent=89860"}],"wp:term":[{"taxonomy":"category","embeddable":true,"href":"https:\/\/www.deberes.net\/tesis\/wp-json\/wp\/v2\/categories?post=89860"},{"taxonomy":"post_tag","embeddable":true,"href":"https:\/\/www.deberes.net\/tesis\/wp-json\/wp\/v2\/tags?post=89860"}],"curies":[{"name":"wp","href":"https:\/\/api.w.org\/{rel}","templated":true}]}}