{"id":89867,"date":"2018-03-10T00:15:09","date_gmt":"2018-03-10T00:15:09","guid":{"rendered":"https:\/\/www.deberes.net\/tesis\/sin-categoria\/el-moviment-federal-catala-a-les-darreries-del-segle-xix\/"},"modified":"2018-03-10T00:15:09","modified_gmt":"2018-03-10T00:15:09","slug":"el-moviment-federal-catala-a-les-darreries-del-segle-xix","status":"publish","type":"post","link":"https:\/\/www.deberes.net\/tesis\/historia\/el-moviment-federal-catala-a-les-darreries-del-segle-xix\/","title":{"rendered":"El moviment federal catala a les darreries del segle xix"},"content":{"rendered":"<h2>Tesis doctoral de <strong> Victor Cantos Bove <\/strong><\/h2>\n<p>Los cambios producidos a consecuencia de la revolucion del 68 propiciaron la puesta en marcha de diferentes experiencias, sin duda la encabezada por el partido republicano federal tendria una proyeccion muy interesantes tanto en el ambito de la i republica espa\u00f1ola como en la restauracion borbonica, precisamente el eje vertebrador sera el comprobar la capacidad de reacci\u00f3n en los diferentes ambitos de la sociedad catalana ante la frustacion de un sistema politico ajeno a los problemas y vicisitudes del pueblo catalan, en unos momentos en que la conflictividad social ensombrecian el relativo clima de paz existente en el campo y ciudad y emergia al mismo tiempo el catalanismo politico de manos de valenti almirall.  a partir especialmente de fuentes periodisticas se intenta recabar informacion de los diferentes nucleos federales acerca de las alternativas propuestas por parte del partido liderado por francesc pi i margall ante los grandes problemas: catalanismo, movimiento rabassaire y planteamientos de organizaci\u00f3n territorial, cuestiones que estuvieron claramente presentes en los programas politicos federales.<\/p>\n<p>&nbsp;<\/p>\n<h3>Datos acad\u00e9micos de la tesis doctoral \u00ab<strong>El moviment federal catala a les darreries del segle xix<\/strong>\u00ab<\/h3>\n<ul>\n<li><strong>T\u00edtulo de la tesis:<\/strong>\u00a0 El moviment federal catala a les darreries del segle xix <\/li>\n<li><strong>Autor:<\/strong>\u00a0 Victor Cantos Bove <\/li>\n<li><strong>Universidad:<\/strong>\u00a0 Barcelona<\/li>\n<li><strong>Fecha de lectura de la tesis:<\/strong>\u00a0 24\/04\/2001<\/li>\n<\/ul>\n<p>&nbsp;<\/p>\n<h3>Direcci\u00f3n y tribunal<\/h3>\n<ul>\n<li><strong>Director de la tesis<\/strong>\n<ul>\n<li>Josep Termes Ardevol<\/li>\n<\/ul>\n<\/li>\n<li><strong>Tribunal<\/strong>\n<ul>\n<li>Presidente del tribunal: jordi Casassas ymbert <\/li>\n<li> Sabate i bosch josep (vocal)<\/li>\n<li>josep Mar\u00eda Sol\u00e9  sabat\u00e9 (vocal)<\/li>\n<li>Francisco Veiga rodr\u00edguez (vocal)<\/li>\n<\/ul>\n<\/li>\n<\/ul>\n<p>&nbsp;<\/p>\n","protected":false},"excerpt":{"rendered":"<p>Tesis doctoral de Victor Cantos Bove Los cambios producidos a consecuencia de la revolucion del 68 propiciaron la puesta en [&hellip;]<\/p>\n","protected":false},"author":1,"featured_media":0,"comment_status":"open","ping_status":"open","sticky":false,"template":"","format":"standard","meta":{"site-sidebar-layout":"default","site-content-layout":"","ast-site-content-layout":"","site-content-style":"default","site-sidebar-style":"default","ast-global-header-display":"","ast-banner-title-visibility":"","ast-main-header-display":"","ast-hfb-above-header-display":"","ast-hfb-below-header-display":"","ast-hfb-mobile-header-display":"","site-post-title":"","ast-breadcrumbs-content":"","ast-featured-img":"","footer-sml-layout":"","theme-transparent-header-meta":"","adv-header-id-meta":"","stick-header-meta":"","header-above-stick-meta":"","header-main-stick-meta":"","header-below-stick-meta":"","astra-migrate-meta-layouts":"default","ast-page-background-enabled":"default","ast-page-background-meta":{"desktop":{"background-color":"var(--ast-global-color-4)","background-image":"","background-repeat":"repeat","background-position":"center center","background-size":"auto","background-attachment":"scroll","background-type":"","background-media":"","overlay-type":"","overlay-color":"","overlay-gradient":""},"tablet":{"background-color":"","background-image":"","background-repeat":"repeat","background-position":"center center","background-size":"auto","background-attachment":"scroll","background-type":"","background-media":"","overlay-type":"","overlay-color":"","overlay-gradient":""},"mobile":{"background-color":"","background-image":"","background-repeat":"repeat","background-position":"center center","background-size":"auto","background-attachment":"scroll","background-type":"","background-media":"","overlay-type":"","overlay-color":"","overlay-gradient":""}},"ast-content-background-meta":{"desktop":{"background-color":"var(--ast-global-color-5)","background-image":"","background-repeat":"repeat","background-position":"center center","background-size":"auto","background-attachment":"scroll","background-type":"","background-media":"","overlay-type":"","overlay-color":"","overlay-gradient":""},"tablet":{"background-color":"var(--ast-global-color-5)","background-image":"","background-repeat":"repeat","background-position":"center center","background-size":"auto","background-attachment":"scroll","background-type":"","background-media":"","overlay-type":"","overlay-color":"","overlay-gradient":""},"mobile":{"background-color":"var(--ast-global-color-5)","background-image":"","background-repeat":"repeat","background-position":"center center","background-size":"auto","background-attachment":"scroll","background-type":"","background-media":"","overlay-type":"","overlay-color":"","overlay-gradient":""}},"footnotes":""},"categories":[951,104,1816,3538,220,222],"tags":[175105,19127,42162,315,186791,186790],"class_list":["post-89867","post","type-post","status-publish","format-standard","hentry","category-barcelona","category-historia","category-historia-contemporanea","category-historia-de-las-ideas-politicas","category-historia-por-epocas","category-historias-especializadas","tag-francisco-veiga-rodriguez","tag-jordi-casassas-ymbert","tag-josep-maria-sole-sabate","tag-josep-termes-ardevol","tag-sabate-i-bosch-josep","tag-victor-cantos-bove"],"_links":{"self":[{"href":"https:\/\/www.deberes.net\/tesis\/wp-json\/wp\/v2\/posts\/89867","targetHints":{"allow":["GET"]}}],"collection":[{"href":"https:\/\/www.deberes.net\/tesis\/wp-json\/wp\/v2\/posts"}],"about":[{"href":"https:\/\/www.deberes.net\/tesis\/wp-json\/wp\/v2\/types\/post"}],"author":[{"embeddable":true,"href":"https:\/\/www.deberes.net\/tesis\/wp-json\/wp\/v2\/users\/1"}],"replies":[{"embeddable":true,"href":"https:\/\/www.deberes.net\/tesis\/wp-json\/wp\/v2\/comments?post=89867"}],"version-history":[{"count":0,"href":"https:\/\/www.deberes.net\/tesis\/wp-json\/wp\/v2\/posts\/89867\/revisions"}],"wp:attachment":[{"href":"https:\/\/www.deberes.net\/tesis\/wp-json\/wp\/v2\/media?parent=89867"}],"wp:term":[{"taxonomy":"category","embeddable":true,"href":"https:\/\/www.deberes.net\/tesis\/wp-json\/wp\/v2\/categories?post=89867"},{"taxonomy":"post_tag","embeddable":true,"href":"https:\/\/www.deberes.net\/tesis\/wp-json\/wp\/v2\/tags?post=89867"}],"curies":[{"name":"wp","href":"https:\/\/api.w.org\/{rel}","templated":true}]}}