{"id":89881,"date":"2018-03-10T00:15:09","date_gmt":"2018-03-10T00:15:09","guid":{"rendered":"https:\/\/www.deberes.net\/tesis\/sin-categoria\/el-hombre-ante-la-historia-en-manuel-garca%c2%ada-morente\/"},"modified":"2018-03-10T00:15:09","modified_gmt":"2018-03-10T00:15:09","slug":"el-hombre-ante-la-historia-en-manuel-garca%c2%ada-morente","status":"publish","type":"post","link":"https:\/\/www.deberes.net\/tesis\/filosofia\/el-hombre-ante-la-historia-en-manuel-garca%c2%ada-morente\/","title":{"rendered":"El hombre ante la historia en manuel garc\u00edamorente"},"content":{"rendered":"<h2>Tesis doctoral de <strong> Eduardo Pel\u00e1ez L\u00f3pez <\/strong><\/h2>\n<p>El estudio de la trayectoria intelectual y espiritual de manuel garc\u00eda morente permite mantener la tesis de que su conversi\u00f3n a la fe le condujo a un replanteamiento de su filosof\u00eda. Al relacionar ambas etapas -en su vida y obra- nos detenemos a investigar los puntos fundamentales en los que cambi\u00f3 su concepci\u00f3n de dios, su visi\u00f3n antropol\u00f3gica y su filosof\u00eda de la historia. En la primera de ellas, jos\u00e9 ortega y gasset jug\u00f3 en su pensamiento un papel catalizador.  en morente encontramos presente, ya desde el inicio, las preguntas esenciales que hacen referencia al sentido \u00faltimo de la existencia. El conflicto que encuentra entre la afirmaci\u00f3n de un dios omnipotente y la libertad humana, dentro de su sistema vitalista, es resuelto mediante la doctrina de la providencia. La fe le llevar\u00e1 a defender asimismo la verdad de la religi\u00f3n cristiana como aquella religi\u00f3n que ha entrado en la historia.  la narraci\u00f3n de su conversi\u00f3n religiosa es al mismo un documento excepcional de contenido filos\u00f3fico. En \u00e9l encontramos un \u00abbanco de pruebas\u00bb donde la cuesti\u00f3n de sentido se muestra como el lugar privilegiado del encuentro entre la filosof\u00eda que se interroga sobre el sentido de la vida y la revelaci\u00f3n aceptada por la fe, que ofrece su respuesta orientando al hombre hacia cristo. En morente descubrimos un caso paradigm\u00e1tico del fen\u00f3meno conversional de un fil\u00f3sofo espa\u00f1ol de primer orden del siglo xx.<\/p>\n<p>&nbsp;<\/p>\n<h3>Datos acad\u00e9micos de la tesis doctoral \u00ab<strong>El hombre ante la historia en manuel garc\u00edamorente<\/strong>\u00ab<\/h3>\n<ul>\n<li><strong>T\u00edtulo de la tesis:<\/strong>\u00a0 El hombre ante la historia en manuel garc\u00edamorente <\/li>\n<li><strong>Autor:<\/strong>\u00a0 Eduardo Pel\u00e1ez L\u00f3pez <\/li>\n<li><strong>Universidad:<\/strong>\u00a0 Navarra<\/li>\n<li><strong>Fecha de lectura de la tesis:<\/strong>\u00a0 24\/04\/2001<\/li>\n<\/ul>\n<p>&nbsp;<\/p>\n<h3>Direcci\u00f3n y tribunal<\/h3>\n<ul>\n<li><strong>Director de la tesis<\/strong>\n<ul>\n<li>Jos\u00e9 Angel Garc\u00eda Cuadrado<\/li>\n<\/ul>\n<\/li>\n<li><strong>Tribunal<\/strong>\n<ul>\n<li>Presidente del tribunal: Josep Ignasi Saranyana Closa <\/li>\n<li>Jos\u00e9 Angel Garc\u00eda Cuadrado (vocal)<\/li>\n<li> Lorda I\u00f1arra Juan  Luis (vocal)<\/li>\n<li>Enrique Roberto Moros Claramunt (vocal)<\/li>\n<\/ul>\n<\/li>\n<\/ul>\n<p>&nbsp;<\/p>\n","protected":false},"excerpt":{"rendered":"<p>Tesis doctoral de Eduardo Pel\u00e1ez L\u00f3pez El estudio de la trayectoria intelectual y espiritual de manuel garc\u00eda morente permite mantener [&hellip;]<\/p>\n","protected":false},"author":1,"featured_media":0,"comment_status":"open","ping_status":"open","sticky":false,"template":"","format":"standard","meta":{"site-sidebar-layout":"default","site-content-layout":"","ast-site-content-layout":"","site-content-style":"default","site-sidebar-style":"default","ast-global-header-display":"","ast-banner-title-visibility":"","ast-main-header-display":"","ast-hfb-above-header-display":"","ast-hfb-below-header-display":"","ast-hfb-mobile-header-display":"","site-post-title":"","ast-breadcrumbs-content":"","ast-featured-img":"","footer-sml-layout":"","theme-transparent-header-meta":"","adv-header-id-meta":"","stick-header-meta":"","header-above-stick-meta":"","header-main-stick-meta":"","header-below-stick-meta":"","astra-migrate-meta-layouts":"default","ast-page-background-enabled":"default","ast-page-background-meta":{"desktop":{"background-color":"var(--ast-global-color-4)","background-image":"","background-repeat":"repeat","background-position":"center center","background-size":"auto","background-attachment":"scroll","background-type":"","background-media":"","overlay-type":"","overlay-color":"","overlay-gradient":""},"tablet":{"background-color":"","background-image":"","background-repeat":"repeat","background-position":"center center","background-size":"auto","background-attachment":"scroll","background-type":"","background-media":"","overlay-type":"","overlay-color":"","overlay-gradient":""},"mobile":{"background-color":"","background-image":"","background-repeat":"repeat","background-position":"center center","background-size":"auto","background-attachment":"scroll","background-type":"","background-media":"","overlay-type":"","overlay-color":"","overlay-gradient":""}},"ast-content-background-meta":{"desktop":{"background-color":"var(--ast-global-color-5)","background-image":"","background-repeat":"repeat","background-position":"center center","background-size":"auto","background-attachment":"scroll","background-type":"","background-media":"","overlay-type":"","overlay-color":"","overlay-gradient":""},"tablet":{"background-color":"var(--ast-global-color-5)","background-image":"","background-repeat":"repeat","background-position":"center center","background-size":"auto","background-attachment":"scroll","background-type":"","background-media":"","overlay-type":"","overlay-color":"","overlay-gradient":""},"mobile":{"background-color":"var(--ast-global-color-5)","background-image":"","background-repeat":"repeat","background-position":"center center","background-size":"auto","background-attachment":"scroll","background-type":"","background-media":"","overlay-type":"","overlay-color":"","overlay-gradient":""}},"footnotes":""},"categories":[165,5276,1078,17749],"tags":[186812,36650,32991,17861,18077],"class_list":["post-89881","post","type-post","status-publish","format-standard","hentry","category-filosofia","category-filosofia-de-la-historia","category-filosofia-social","category-navarra","tag-eduardo-pelaez-lopez","tag-enrique-roberto-moros-claramunt","tag-jose-angel-garcia-cuadrado","tag-josep-ignasi-saranyana-closa","tag-lorda-inarra-juan-luis"],"_links":{"self":[{"href":"https:\/\/www.deberes.net\/tesis\/wp-json\/wp\/v2\/posts\/89881","targetHints":{"allow":["GET"]}}],"collection":[{"href":"https:\/\/www.deberes.net\/tesis\/wp-json\/wp\/v2\/posts"}],"about":[{"href":"https:\/\/www.deberes.net\/tesis\/wp-json\/wp\/v2\/types\/post"}],"author":[{"embeddable":true,"href":"https:\/\/www.deberes.net\/tesis\/wp-json\/wp\/v2\/users\/1"}],"replies":[{"embeddable":true,"href":"https:\/\/www.deberes.net\/tesis\/wp-json\/wp\/v2\/comments?post=89881"}],"version-history":[{"count":0,"href":"https:\/\/www.deberes.net\/tesis\/wp-json\/wp\/v2\/posts\/89881\/revisions"}],"wp:attachment":[{"href":"https:\/\/www.deberes.net\/tesis\/wp-json\/wp\/v2\/media?parent=89881"}],"wp:term":[{"taxonomy":"category","embeddable":true,"href":"https:\/\/www.deberes.net\/tesis\/wp-json\/wp\/v2\/categories?post=89881"},{"taxonomy":"post_tag","embeddable":true,"href":"https:\/\/www.deberes.net\/tesis\/wp-json\/wp\/v2\/tags?post=89881"}],"curies":[{"name":"wp","href":"https:\/\/api.w.org\/{rel}","templated":true}]}}