{"id":89910,"date":"2018-03-10T00:15:14","date_gmt":"2018-03-10T00:15:14","guid":{"rendered":"https:\/\/www.deberes.net\/tesis\/sin-categoria\/itinerarios-musicales-de-los-alumnos-de-las-diplomaturas-de-magisterio-de-la-comunidad-autonoma-andaluza-aficiones-y-actitudes\/"},"modified":"2018-03-10T00:15:14","modified_gmt":"2018-03-10T00:15:14","slug":"itinerarios-musicales-de-los-alumnos-de-las-diplomaturas-de-magisterio-de-la-comunidad-autonoma-andaluza-aficiones-y-actitudes","status":"publish","type":"post","link":"https:\/\/www.deberes.net\/tesis\/ciencias-de-las-artes-y-las-letras\/itinerarios-musicales-de-los-alumnos-de-las-diplomaturas-de-magisterio-de-la-comunidad-autonoma-andaluza-aficiones-y-actitudes\/","title":{"rendered":"Itinerarios musicales de los alumnos de las diplomaturas de magisterio de la comunidad autonoma andaluza aficiones y actitudes"},"content":{"rendered":"<h2>Tesis doctoral de <strong> Mery Israel Saro <\/strong><\/h2>\n<p>La estructura de la tesis refleja el recorrido hist\u00f3rico sobre la educaci\u00f3n musical a trav\u00e9s de los siglos, tratando la formaci\u00f3n musical del maestro en los distintos planes de estudio, as\u00ed como la formaci\u00f3n musical de los alumnos durante las etapas de primaria, secundaria y bachillerato, finalizando con un estuido estad\u00edstico realizado a los alumnos de las diplomaturas de magisterio de la comunidad aut\u00f3noma andaluza, en el que se investigan sus itinerarios, aficiones y actitudes musicales estableci\u00e9ndose un estudio entre un grupo de alumnos de la diplomatura de educaci\u00f3n musical y otro formado por alumnos de las restantes espcialidades de magisterio.<\/p>\n<p>&nbsp;<\/p>\n<h3>Datos acad\u00e9micos de la tesis doctoral \u00ab<strong>Itinerarios musicales de los alumnos de las diplomaturas de magisterio de la comunidad autonoma andaluza aficiones y actitudes<\/strong>\u00ab<\/h3>\n<ul>\n<li><strong>T\u00edtulo de la tesis:<\/strong>\u00a0 Itinerarios musicales de los alumnos de las diplomaturas de magisterio de la comunidad autonoma andaluza aficiones y actitudes <\/li>\n<li><strong>Autor:<\/strong>\u00a0 Mery Israel Saro <\/li>\n<li><strong>Universidad:<\/strong>\u00a0 Sevilla<\/li>\n<li><strong>Fecha de lectura de la tesis:<\/strong>\u00a0 26\/04\/2001<\/li>\n<\/ul>\n<p>&nbsp;<\/p>\n<h3>Direcci\u00f3n y tribunal<\/h3>\n<ul>\n<li><strong>Director de la tesis<\/strong>\n<ul>\n<li>Santiago Romero Granados<\/li>\n<\/ul>\n<\/li>\n<li><strong>Tribunal<\/strong>\n<ul>\n<li>Presidente del tribunal: Antonio Rodr\u00edguez dieguez <\/li>\n<li>julia Bernal  vazquez (vocal)<\/li>\n<li> D\u00edaz alcaide M\u00aa dolores (vocal)<\/li>\n<li> Garc\u00eda del moral y mora M\u00aa Jos\u00e9 (vocal)<\/li>\n<\/ul>\n<\/li>\n<\/ul>\n<p>&nbsp;<\/p>\n","protected":false},"excerpt":{"rendered":"<p>Tesis doctoral de Mery Israel Saro La estructura de la tesis refleja el recorrido hist\u00f3rico sobre la educaci\u00f3n musical a [&hellip;]<\/p>\n","protected":false},"author":1,"featured_media":0,"comment_status":"open","ping_status":"open","sticky":false,"template":"","format":"standard","meta":{"site-sidebar-layout":"default","site-content-layout":"","ast-site-content-layout":"","site-content-style":"default","site-sidebar-style":"default","ast-global-header-display":"","ast-banner-title-visibility":"","ast-main-header-display":"","ast-hfb-above-header-display":"","ast-hfb-below-header-display":"","ast-hfb-mobile-header-display":"","site-post-title":"","ast-breadcrumbs-content":"","ast-featured-img":"","footer-sml-layout":"","theme-transparent-header-meta":"","adv-header-id-meta":"","stick-header-meta":"","header-above-stick-meta":"","header-main-stick-meta":"","header-below-stick-meta":"","astra-migrate-meta-layouts":"default","ast-page-background-enabled":"default","ast-page-background-meta":{"desktop":{"background-color":"var(--ast-global-color-4)","background-image":"","background-repeat":"repeat","background-position":"center center","background-size":"auto","background-attachment":"scroll","background-type":"","background-media":"","overlay-type":"","overlay-color":"","overlay-gradient":""},"tablet":{"background-color":"","background-image":"","background-repeat":"repeat","background-position":"center center","background-size":"auto","background-attachment":"scroll","background-type":"","background-media":"","overlay-type":"","overlay-color":"","overlay-gradient":""},"mobile":{"background-color":"","background-image":"","background-repeat":"repeat","background-position":"center center","background-size":"auto","background-attachment":"scroll","background-type":"","background-media":"","overlay-type":"","overlay-color":"","overlay-gradient":""}},"ast-content-background-meta":{"desktop":{"background-color":"var(--ast-global-color-5)","background-image":"","background-repeat":"repeat","background-position":"center center","background-size":"auto","background-attachment":"scroll","background-type":"","background-media":"","overlay-type":"","overlay-color":"","overlay-gradient":""},"tablet":{"background-color":"var(--ast-global-color-5)","background-image":"","background-repeat":"repeat","background-position":"center center","background-size":"auto","background-attachment":"scroll","background-type":"","background-media":"","overlay-type":"","overlay-color":"","overlay-gradient":""},"mobile":{"background-color":"var(--ast-global-color-5)","background-image":"","background-repeat":"repeat","background-position":"center center","background-size":"auto","background-attachment":"scroll","background-type":"","background-media":"","overlay-type":"","overlay-color":"","overlay-gradient":""}},"footnotes":""},"categories":[147,1140,9132,1141,1288,10715,1111],"tags":[9939,186856,186857,52281,186855,4125],"class_list":["post-89910","post","type-post","status-publish","format-standard","hentry","category-ciencias-de-las-artes-y-las-letras","category-formacion-y-empleo-de-profesores","category-musica-y-musicologia","category-pedagogia","category-preparacion-de-profesores","category-sevilla","category-teoria-analisis-y-critica-de-las-bellas-artes","tag-antonio-rodriguez-dieguez","tag-diaz-alcaide-ma-dolores","tag-garcia-del-moral-y-mora-ma-jose","tag-julia-bernal-vazquez","tag-mery-israel-saro","tag-santiago-romero-granados"],"_links":{"self":[{"href":"https:\/\/www.deberes.net\/tesis\/wp-json\/wp\/v2\/posts\/89910","targetHints":{"allow":["GET"]}}],"collection":[{"href":"https:\/\/www.deberes.net\/tesis\/wp-json\/wp\/v2\/posts"}],"about":[{"href":"https:\/\/www.deberes.net\/tesis\/wp-json\/wp\/v2\/types\/post"}],"author":[{"embeddable":true,"href":"https:\/\/www.deberes.net\/tesis\/wp-json\/wp\/v2\/users\/1"}],"replies":[{"embeddable":true,"href":"https:\/\/www.deberes.net\/tesis\/wp-json\/wp\/v2\/comments?post=89910"}],"version-history":[{"count":0,"href":"https:\/\/www.deberes.net\/tesis\/wp-json\/wp\/v2\/posts\/89910\/revisions"}],"wp:attachment":[{"href":"https:\/\/www.deberes.net\/tesis\/wp-json\/wp\/v2\/media?parent=89910"}],"wp:term":[{"taxonomy":"category","embeddable":true,"href":"https:\/\/www.deberes.net\/tesis\/wp-json\/wp\/v2\/categories?post=89910"},{"taxonomy":"post_tag","embeddable":true,"href":"https:\/\/www.deberes.net\/tesis\/wp-json\/wp\/v2\/tags?post=89910"}],"curies":[{"name":"wp","href":"https:\/\/api.w.org\/{rel}","templated":true}]}}