{"id":89973,"date":"2018-03-10T00:15:18","date_gmt":"2018-03-10T00:15:18","guid":{"rendered":"https:\/\/www.deberes.net\/tesis\/sin-categoria\/el-discurso-directo-en-las-novelas-arturicas-de-chretien-de-troyes\/"},"modified":"2018-03-10T00:15:18","modified_gmt":"2018-03-10T00:15:18","slug":"el-discurso-directo-en-las-novelas-arturicas-de-chretien-de-troyes","status":"publish","type":"post","link":"https:\/\/www.deberes.net\/tesis\/linguistica\/el-discurso-directo-en-las-novelas-arturicas-de-chretien-de-troyes\/","title":{"rendered":"El discurso directo en las novelas arturicas de chretien de troyes"},"content":{"rendered":"<h2>Tesis doctoral de <strong>  Mendoza Ramos M. Pilar <\/strong><\/h2>\n<p>Teniendo en cuenta el contexto de oralidad en el que se inscriben las novelas medievales y partiendo de las nociones fundamentales de la pragmatica, la aplicaci\u00f3n de la teoria de la relevancia, la vision que de la comunicaci\u00f3n procura la teoria sobre el aspecto social de la comunicaci\u00f3n y el estudio del aspecto paraverbal y no verbal en la interaccion del personaje, en esta tesis se establece la tipolog\u00eda de las situaciones de interaccion verbal en las que, de acuerdo con su contenido, se organizan las escenas dramaticas en discurso directo presentes en las novelas arturicas de chretien de troyes.  de esta forma, se establece la importancia cuantitativa y cualitativa que este autor concede al discurso directo en la estructura narrativa de sus novelas, al tiempo, que, al determinar la tipolog\u00eda de las situaciones de interaccion verbal, se da una vision del discurso directo como expresion de un contenido concreto enmarcado en el macrocontexto cortes y en los episodios de caballeria, de protocolo o de amor en los que se ha organizado el relato.<\/p>\n<p>&nbsp;<\/p>\n<h3>Datos acad\u00e9micos de la tesis doctoral \u00ab<strong>El discurso directo en las novelas arturicas de chretien de troyes<\/strong>\u00ab<\/h3>\n<ul>\n<li><strong>T\u00edtulo de la tesis:<\/strong>\u00a0 El discurso directo en las novelas arturicas de chretien de troyes <\/li>\n<li><strong>Autor:<\/strong>\u00a0  Mendoza Ramos M. Pilar <\/li>\n<li><strong>Universidad:<\/strong>\u00a0 La laguna<\/li>\n<li><strong>Fecha de lectura de la tesis:<\/strong>\u00a0 30\/04\/2001<\/li>\n<\/ul>\n<p>&nbsp;<\/p>\n<h3>Direcci\u00f3n y tribunal<\/h3>\n<ul>\n<li><strong>Director de la tesis<\/strong>\n<ul>\n<li>Dulce Mar\u00eda Gonzalez Doreste<\/li>\n<\/ul>\n<\/li>\n<li><strong>Tribunal<\/strong>\n<ul>\n<li>Presidente del tribunal:  Gomez soli\u00f1o Jos\u00e9 s. <\/li>\n<li>berta Pico gra\u00f1a (vocal)<\/li>\n<li>alicia Yllera fernandez (vocal)<\/li>\n<li>Juli\u00e1n Muela ezquerra (vocal)<\/li>\n<\/ul>\n<\/li>\n<\/ul>\n<p>&nbsp;<\/p>\n","protected":false},"excerpt":{"rendered":"<p>Tesis doctoral de Mendoza Ramos M. Pilar Teniendo en cuenta el contexto de oralidad en el que se inscriben las [&hellip;]<\/p>\n","protected":false},"author":1,"featured_media":0,"comment_status":"open","ping_status":"open","sticky":false,"template":"","format":"standard","meta":{"site-sidebar-layout":"default","site-content-layout":"","ast-site-content-layout":"","site-content-style":"default","site-sidebar-style":"default","ast-global-header-display":"","ast-banner-title-visibility":"","ast-main-header-display":"","ast-hfb-above-header-display":"","ast-hfb-below-header-display":"","ast-hfb-mobile-header-display":"","site-post-title":"","ast-breadcrumbs-content":"","ast-featured-img":"","footer-sml-layout":"","theme-transparent-header-meta":"","adv-header-id-meta":"","stick-header-meta":"","header-above-stick-meta":"","header-main-stick-meta":"","header-below-stick-meta":"","astra-migrate-meta-layouts":"default","ast-page-background-enabled":"default","ast-page-background-meta":{"desktop":{"background-color":"var(--ast-global-color-4)","background-image":"","background-repeat":"repeat","background-position":"center center","background-size":"auto","background-attachment":"scroll","background-type":"","background-media":"","overlay-type":"","overlay-color":"","overlay-gradient":""},"tablet":{"background-color":"","background-image":"","background-repeat":"repeat","background-position":"center center","background-size":"auto","background-attachment":"scroll","background-type":"","background-media":"","overlay-type":"","overlay-color":"","overlay-gradient":""},"mobile":{"background-color":"","background-image":"","background-repeat":"repeat","background-position":"center center","background-size":"auto","background-attachment":"scroll","background-type":"","background-media":"","overlay-type":"","overlay-color":"","overlay-gradient":""}},"ast-content-background-meta":{"desktop":{"background-color":"var(--ast-global-color-5)","background-image":"","background-repeat":"repeat","background-position":"center center","background-size":"auto","background-attachment":"scroll","background-type":"","background-media":"","overlay-type":"","overlay-color":"","overlay-gradient":""},"tablet":{"background-color":"var(--ast-global-color-5)","background-image":"","background-repeat":"repeat","background-position":"center center","background-size":"auto","background-attachment":"scroll","background-type":"","background-media":"","overlay-type":"","overlay-color":"","overlay-gradient":""},"mobile":{"background-color":"var(--ast-global-color-5)","background-image":"","background-repeat":"repeat","background-position":"center center","background-size":"auto","background-attachment":"scroll","background-type":"","background-media":"","overlay-type":"","overlay-color":"","overlay-gradient":""}},"footnotes":""},"categories":[148,147,149,2965,9915,636,59,60,628],"tags":[1780,35067,42957,5589,28807,186946],"class_list":["post-89973","post","type-post","status-publish","format-standard","hentry","category-analisis-literario","category-ciencias-de-las-artes-y-las-letras","category-critica-de-textos","category-estilo-y-estetica-literarios","category-la-laguna","category-lengua-y-literatura","category-linguistica","category-linguistica-aplicada","category-teoria-analisis-y-critica-literarios","tag-alicia-yllera-fernandez","tag-berta-pico-grana","tag-dulce-maria-gonzalez-doreste","tag-gomez-solino-jose-s","tag-julian-muela-ezquerra","tag-mendoza-ramos-m-pilar"],"_links":{"self":[{"href":"https:\/\/www.deberes.net\/tesis\/wp-json\/wp\/v2\/posts\/89973","targetHints":{"allow":["GET"]}}],"collection":[{"href":"https:\/\/www.deberes.net\/tesis\/wp-json\/wp\/v2\/posts"}],"about":[{"href":"https:\/\/www.deberes.net\/tesis\/wp-json\/wp\/v2\/types\/post"}],"author":[{"embeddable":true,"href":"https:\/\/www.deberes.net\/tesis\/wp-json\/wp\/v2\/users\/1"}],"replies":[{"embeddable":true,"href":"https:\/\/www.deberes.net\/tesis\/wp-json\/wp\/v2\/comments?post=89973"}],"version-history":[{"count":0,"href":"https:\/\/www.deberes.net\/tesis\/wp-json\/wp\/v2\/posts\/89973\/revisions"}],"wp:attachment":[{"href":"https:\/\/www.deberes.net\/tesis\/wp-json\/wp\/v2\/media?parent=89973"}],"wp:term":[{"taxonomy":"category","embeddable":true,"href":"https:\/\/www.deberes.net\/tesis\/wp-json\/wp\/v2\/categories?post=89973"},{"taxonomy":"post_tag","embeddable":true,"href":"https:\/\/www.deberes.net\/tesis\/wp-json\/wp\/v2\/tags?post=89973"}],"curies":[{"name":"wp","href":"https:\/\/api.w.org\/{rel}","templated":true}]}}