{"id":89992,"date":"2001-03-05T00:00:00","date_gmt":"2001-03-05T00:00:00","guid":{"rendered":"https:\/\/www.deberes.net\/tesis\/sin-categoria\/el-desarrollo-cronologico-de-la-estructura-de-las-aptitudes-cognitivas-hipotesis-de-la-diferenciacion-y-la-de-diferenciacion\/"},"modified":"2001-03-05T00:00:00","modified_gmt":"2001-03-05T00:00:00","slug":"el-desarrollo-cronologico-de-la-estructura-de-las-aptitudes-cognitivas-hipotesis-de-la-diferenciacion-y-la-de-diferenciacion","status":"publish","type":"post","link":"https:\/\/www.deberes.net\/tesis\/psicologia\/el-desarrollo-cronologico-de-la-estructura-de-las-aptitudes-cognitivas-hipotesis-de-la-diferenciacion-y-la-de-diferenciacion\/","title":{"rendered":"El desarrollo cronologico de la estructura de las aptitudes cognitivas: hipotesis de la diferenciacion y la de diferenciacion."},"content":{"rendered":"<h2>Tesis doctoral de <strong> Luis Francisco Garcia Rodriguez <\/strong><\/h2>\n<p>Los cambios en la estructura de la inteligencia han sido un tema recurrente en la investigacion psicometrica sobre las aptitudes cognitivas. En este contexto, dos hip\u00f3tesis han sido planteadas para dar cuenta del papel que juega la variable edad en dichos cambios. Desde la infancia hasta la adolescencia, la hipotesis de la diferenciacion predice una creciente reducci\u00f3n en la importancia del factor g, acompa\u00f1ada de una diversificaci\u00f3n de la estructura aptitudinal. Por su parte, a partir de la tardia adolescencia y hasta la vejez,la hipotesis de la dediferenciaci\u00f3n postula el proceso inverso, es decir, un aumento de la varianza explicado por el factor g, asi como una reducci\u00f3n en n\u00famero e importancia de las aptitudes m\u00e1s especificas.  siguiendo este esquema, se realizaron dos estudios emp\u00edricos. El primero analiz\u00f3 las muestras de estandarizaci\u00f3n de las baterias wppsi (rango de edad:4-6 a\u00f1os y medio) y wisc-r (rango de edad: 6-16 a\u00f1os) en tres pa\u00edses: espa\u00f1a, ee.Uu. E italia. El segundo estudio investig\u00f3 la estandarizaci\u00f3n espa\u00f1ola del wais-iii(rango de edad: 16-94 a\u00f1os). En ambos, las aptitudes cognitivas fueron operativizadas a trav\u00e9s de un an\u00e1lisis factorial jer\u00e1rquico. paralelamente, diversos an\u00e1lisis confirmatorios aportaron luz sobre la significaci\u00f3n de los cambios observados entre los diversos grupos de edad.  los resultados obtenidos rechazan claramente ambas hipotesis. La replicaci\u00f3n anterior de este patr\u00f3n por otros autores lleva a proponer la hipotesis de la indiferenciaci\u00f3n como visi\u00f3n alternativa de la influencia de la variable edad sobre la estructura de la inteligencia. Seg\u00fan esta hipotesis, en ningun periodo vital se produce una varaici\u00f3n significativa en la estructura de las aptitudes cognitivas, manteniendo estas su naturaleza cualitativa y cuantitativa desde el nacimiento hasta la muerte.<\/p>\n<p>&nbsp;<\/p>\n<h3>Datos acad\u00e9micos de la tesis doctoral \u00ab<strong>El desarrollo cronologico de la estructura de las aptitudes cognitivas: hipotesis de la diferenciacion y la de diferenciacion.<\/strong>\u00ab<\/h3>\n<ul>\n<li><strong>T\u00edtulo de la tesis:<\/strong>\u00a0 El desarrollo cronologico de la estructura de las aptitudes cognitivas: hipotesis de la diferenciacion y la de diferenciacion. <\/li>\n<li><strong>Autor:<\/strong>\u00a0 Luis Francisco Garcia Rodriguez <\/li>\n<li><strong>Universidad:<\/strong>\u00a0 Aut\u00f3noma de Madrid<\/li>\n<li><strong>Fecha de lectura de la tesis:<\/strong>\u00a0 03\/05\/2001<\/li>\n<\/ul>\n<p>&nbsp;<\/p>\n<h3>Direcci\u00f3n y tribunal<\/h3>\n<ul>\n<li><strong>Director de la tesis<\/strong>\n<ul>\n<li> Espinosa Almendro Juan  Manuel<\/li>\n<\/ul>\n<\/li>\n<li><strong>Tribunal<\/strong>\n<ul>\n<li>Presidente del tribunal: rocio Fernandez-ballesteros garcia <\/li>\n<li>roberto Colom mara\u00f1on (vocal)<\/li>\n<li>Antonio Andres pueyo (vocal)<\/li>\n<li> Quiroga estevez M\u00aa angeles (vocal)<\/li>\n<\/ul>\n<\/li>\n<\/ul>\n<p>&nbsp;<\/p>\n","protected":false},"excerpt":{"rendered":"<p>Tesis doctoral de Luis Francisco Garcia Rodriguez Los cambios en la estructura de la inteligencia han sido un tema recurrente [&hellip;]<\/p>\n","protected":false},"author":1,"featured_media":0,"comment_status":"open","ping_status":"open","sticky":false,"template":"","format":"standard","meta":{"site-sidebar-layout":"default","site-content-layout":"","ast-site-content-layout":"","site-content-style":"default","site-sidebar-style":"default","ast-global-header-display":"","ast-banner-title-visibility":"","ast-main-header-display":"","ast-hfb-above-header-display":"","ast-hfb-below-header-display":"","ast-hfb-mobile-header-display":"","site-post-title":"","ast-breadcrumbs-content":"","ast-featured-img":"","footer-sml-layout":"","theme-transparent-header-meta":"","adv-header-id-meta":"","stick-header-meta":"","header-above-stick-meta":"","header-main-stick-meta":"","header-below-stick-meta":"","astra-migrate-meta-layouts":"default","ast-page-background-enabled":"default","ast-page-background-meta":{"desktop":{"background-color":"var(--ast-global-color-4)","background-image":"","background-repeat":"repeat","background-position":"center center","background-size":"auto","background-attachment":"scroll","background-type":"","background-media":"","overlay-type":"","overlay-color":"","overlay-gradient":""},"tablet":{"background-color":"","background-image":"","background-repeat":"repeat","background-position":"center center","background-size":"auto","background-attachment":"scroll","background-type":"","background-media":"","overlay-type":"","overlay-color":"","overlay-gradient":""},"mobile":{"background-color":"","background-image":"","background-repeat":"repeat","background-position":"center center","background-size":"auto","background-attachment":"scroll","background-type":"","background-media":"","overlay-type":"","overlay-color":"","overlay-gradient":""}},"ast-content-background-meta":{"desktop":{"background-color":"var(--ast-global-color-5)","background-image":"","background-repeat":"repeat","background-position":"center center","background-size":"auto","background-attachment":"scroll","background-type":"","background-media":"","overlay-type":"","overlay-color":"","overlay-gradient":""},"tablet":{"background-color":"var(--ast-global-color-5)","background-image":"","background-repeat":"repeat","background-position":"center center","background-size":"auto","background-attachment":"scroll","background-type":"","background-media":"","overlay-type":"","overlay-color":"","overlay-gradient":""},"mobile":{"background-color":"var(--ast-global-color-5)","background-image":"","background-repeat":"repeat","background-position":"center center","background-size":"auto","background-attachment":"scroll","background-type":"","background-media":"","overlay-type":"","overlay-color":"","overlay-gradient":""}},"footnotes":""},"categories":[1175,324,1174],"tags":[19861,24729,186977,41480,87989,68889],"class_list":["post-89992","post","type-post","status-publish","format-standard","hentry","category-evaluacion-y-diagnostico-en-psicologia","category-psicologia","category-psicologia-diferencial","tag-antonio-andres-pueyo","tag-espinosa-almendro-juan-manuel","tag-luis-francisco-garcia-rodriguez","tag-quiroga-estevez-ma-angeles","tag-roberto-colom-maranon","tag-rocio-fernandez-ballesteros-garcia"],"_links":{"self":[{"href":"https:\/\/www.deberes.net\/tesis\/wp-json\/wp\/v2\/posts\/89992","targetHints":{"allow":["GET"]}}],"collection":[{"href":"https:\/\/www.deberes.net\/tesis\/wp-json\/wp\/v2\/posts"}],"about":[{"href":"https:\/\/www.deberes.net\/tesis\/wp-json\/wp\/v2\/types\/post"}],"author":[{"embeddable":true,"href":"https:\/\/www.deberes.net\/tesis\/wp-json\/wp\/v2\/users\/1"}],"replies":[{"embeddable":true,"href":"https:\/\/www.deberes.net\/tesis\/wp-json\/wp\/v2\/comments?post=89992"}],"version-history":[{"count":0,"href":"https:\/\/www.deberes.net\/tesis\/wp-json\/wp\/v2\/posts\/89992\/revisions"}],"wp:attachment":[{"href":"https:\/\/www.deberes.net\/tesis\/wp-json\/wp\/v2\/media?parent=89992"}],"wp:term":[{"taxonomy":"category","embeddable":true,"href":"https:\/\/www.deberes.net\/tesis\/wp-json\/wp\/v2\/categories?post=89992"},{"taxonomy":"post_tag","embeddable":true,"href":"https:\/\/www.deberes.net\/tesis\/wp-json\/wp\/v2\/tags?post=89992"}],"curies":[{"name":"wp","href":"https:\/\/api.w.org\/{rel}","templated":true}]}}