{"id":90054,"date":"2001-08-05T00:00:00","date_gmt":"2001-08-05T00:00:00","guid":{"rendered":"https:\/\/www.deberes.net\/tesis\/sin-categoria\/fenomenos-transferenciales-en-psicoterapia-psicoanalitica-con-ninos-y-adolescentes\/"},"modified":"2001-08-05T00:00:00","modified_gmt":"2001-08-05T00:00:00","slug":"fenomenos-transferenciales-en-psicoterapia-psicoanalitica-con-ninos-y-adolescentes","status":"publish","type":"post","link":"https:\/\/www.deberes.net\/tesis\/psicologia\/fenomenos-transferenciales-en-psicoterapia-psicoanalitica-con-ninos-y-adolescentes\/","title":{"rendered":"Fenomenos transferenciales en psicoterapia psicoanalitica con ni\u00f1os y adolescentes"},"content":{"rendered":"<h2>Tesis doctoral de <strong> Consuelo Escudero Alvaro <\/strong><\/h2>\n<p>La presente tesis revisa, en su primera parte, las aportaciones te\u00f3ricas sobre el concepto de transferencia desde freud, pasando por las aportaciones te\u00f3rica sy t\u00e9cnicas de las psicoterapia con ni\u00f1os y adelescentes. As\u00ed como las investigaciones realizadas sobre la transferencia en sus diferentes modalidades.  la segunda parte es un estudio cl\u00ednico, realizado en un servicio de salud mental, con pacientes en tratamiento psicoterap\u00e9utico. El objetivo de la investigaci\u00f3n es el an\u00e1lisis del patr\u00f3n transferencial con el metodo del conflicto central en la relacion (ccrt) de luborsky.  el an\u00e1lisis de los resultados, partiendo del material de las sesiones, se realiza un dos niveles: individual y global. El an\u00e1lisis individual especifica el patr\u00f3n transferencial de cada paciente con sus caracter\u00edsticas particulares. El an\u00e1lisis global estudia las caracter\u00edsticas comunes y las diferencias del patr\u00f3n en funci\u00f3n de la edad, el g\u00e9nero, las conotaciones positivas y negativas del afecto, las relaciones significativas de los pacientes, los s\u00edntomas som\u00e1ticos y la configuraci\u00f3n del conflicto ed\u00edpico.<\/p>\n<p>&nbsp;<\/p>\n<h3>Datos acad\u00e9micos de la tesis doctoral \u00ab<strong>Fenomenos transferenciales en psicoterapia psicoanalitica con ni\u00f1os y adolescentes<\/strong>\u00ab<\/h3>\n<ul>\n<li><strong>T\u00edtulo de la tesis:<\/strong>\u00a0 Fenomenos transferenciales en psicoterapia psicoanalitica con ni\u00f1os y adolescentes <\/li>\n<li><strong>Autor:<\/strong>\u00a0 Consuelo Escudero Alvaro <\/li>\n<li><strong>Universidad:<\/strong>\u00a0 Complutense de Madrid<\/li>\n<li><strong>Fecha de lectura de la tesis:<\/strong>\u00a0 08\/05\/2001<\/li>\n<\/ul>\n<p>&nbsp;<\/p>\n<h3>Direcci\u00f3n y tribunal<\/h3>\n<ul>\n<li><strong>Director de la tesis<\/strong>\n<ul>\n<li>Alejandro Avila Espada<\/li>\n<\/ul>\n<\/li>\n<li><strong>Tribunal<\/strong>\n<ul>\n<li>Presidente del tribunal: lu\u00eds enrique Montiel llorente <\/li>\n<li>carmen Maganto mateo (vocal)<\/li>\n<li> Mitjavilla i Garc\u00eda merce (vocal)<\/li>\n<li>amparo Belloch fuster (vocal)<\/li>\n<\/ul>\n<\/li>\n<\/ul>\n<p>&nbsp;<\/p>\n","protected":false},"excerpt":{"rendered":"<p>Tesis doctoral de Consuelo Escudero Alvaro La presente tesis revisa, en su primera parte, las aportaciones te\u00f3ricas sobre el concepto [&hellip;]<\/p>\n","protected":false},"author":1,"featured_media":0,"comment_status":"open","ping_status":"open","sticky":false,"template":"","format":"standard","meta":{"site-sidebar-layout":"default","site-content-layout":"","ast-site-content-layout":"","site-content-style":"default","site-sidebar-style":"default","ast-global-header-display":"","ast-banner-title-visibility":"","ast-main-header-display":"","ast-hfb-above-header-display":"","ast-hfb-below-header-display":"","ast-hfb-mobile-header-display":"","site-post-title":"","ast-breadcrumbs-content":"","ast-featured-img":"","footer-sml-layout":"","theme-transparent-header-meta":"","adv-header-id-meta":"","stick-header-meta":"","header-above-stick-meta":"","header-main-stick-meta":"","header-below-stick-meta":"","astra-migrate-meta-layouts":"default","ast-page-background-enabled":"default","ast-page-background-meta":{"desktop":{"background-color":"var(--ast-global-color-4)","background-image":"","background-repeat":"repeat","background-position":"center center","background-size":"auto","background-attachment":"scroll","background-type":"","background-media":"","overlay-type":"","overlay-color":"","overlay-gradient":""},"tablet":{"background-color":"","background-image":"","background-repeat":"repeat","background-position":"center center","background-size":"auto","background-attachment":"scroll","background-type":"","background-media":"","overlay-type":"","overlay-color":"","overlay-gradient":""},"mobile":{"background-color":"","background-image":"","background-repeat":"repeat","background-position":"center center","background-size":"auto","background-attachment":"scroll","background-type":"","background-media":"","overlay-type":"","overlay-color":"","overlay-gradient":""}},"ast-content-background-meta":{"desktop":{"background-color":"var(--ast-global-color-5)","background-image":"","background-repeat":"repeat","background-position":"center center","background-size":"auto","background-attachment":"scroll","background-type":"","background-media":"","overlay-type":"","overlay-color":"","overlay-gradient":""},"tablet":{"background-color":"var(--ast-global-color-5)","background-image":"","background-repeat":"repeat","background-position":"center center","background-size":"auto","background-attachment":"scroll","background-type":"","background-media":"","overlay-type":"","overlay-color":"","overlay-gradient":""},"mobile":{"background-color":"var(--ast-global-color-5)","background-image":"","background-repeat":"repeat","background-position":"center center","background-size":"auto","background-attachment":"scroll","background-type":"","background-media":"","overlay-type":"","overlay-color":"","overlay-gradient":""}},"footnotes":""},"categories":[4264,13026,324,970],"tags":[7073,13480,13520,187072,7389,161401],"class_list":["post-90054","post","type-post","status-publish","format-standard","hentry","category-asesoramiento-y-orientacion-psicologicas","category-psicoanalisis","category-psicologia","category-psicologia-del-nino-y-del-adolescente","tag-alejandro-avila-espada","tag-amparo-belloch-fuster","tag-carmen-maganto-mateo","tag-consuelo-escudero-alvaro","tag-luis-enrique-montiel-llorente","tag-mitjavilla-i-garcia-merce"],"_links":{"self":[{"href":"https:\/\/www.deberes.net\/tesis\/wp-json\/wp\/v2\/posts\/90054","targetHints":{"allow":["GET"]}}],"collection":[{"href":"https:\/\/www.deberes.net\/tesis\/wp-json\/wp\/v2\/posts"}],"about":[{"href":"https:\/\/www.deberes.net\/tesis\/wp-json\/wp\/v2\/types\/post"}],"author":[{"embeddable":true,"href":"https:\/\/www.deberes.net\/tesis\/wp-json\/wp\/v2\/users\/1"}],"replies":[{"embeddable":true,"href":"https:\/\/www.deberes.net\/tesis\/wp-json\/wp\/v2\/comments?post=90054"}],"version-history":[{"count":0,"href":"https:\/\/www.deberes.net\/tesis\/wp-json\/wp\/v2\/posts\/90054\/revisions"}],"wp:attachment":[{"href":"https:\/\/www.deberes.net\/tesis\/wp-json\/wp\/v2\/media?parent=90054"}],"wp:term":[{"taxonomy":"category","embeddable":true,"href":"https:\/\/www.deberes.net\/tesis\/wp-json\/wp\/v2\/categories?post=90054"},{"taxonomy":"post_tag","embeddable":true,"href":"https:\/\/www.deberes.net\/tesis\/wp-json\/wp\/v2\/tags?post=90054"}],"curies":[{"name":"wp","href":"https:\/\/api.w.org\/{rel}","templated":true}]}}