{"id":90092,"date":"2001-10-05T00:00:00","date_gmt":"2001-10-05T00:00:00","guid":{"rendered":"https:\/\/www.deberes.net\/tesis\/sin-categoria\/la-tutela-de-los-derechos-fundamentales-por-la-jurisdiccion-militar-el-recurso-contencioso-disciplinario-militar-preferente-y-sumario-semejanzas-y-diferenciascon-la-jurisdiccion-ordinaria\/"},"modified":"2001-10-05T00:00:00","modified_gmt":"2001-10-05T00:00:00","slug":"la-tutela-de-los-derechos-fundamentales-por-la-jurisdiccion-militar-el-recurso-contencioso-disciplinario-militar-preferente-y-sumario-semejanzas-y-diferenciascon-la-jurisdiccion-ordinaria","status":"publish","type":"post","link":"https:\/\/www.deberes.net\/tesis\/ciencias-juridicas-y-derecho\/la-tutela-de-los-derechos-fundamentales-por-la-jurisdiccion-militar-el-recurso-contencioso-disciplinario-militar-preferente-y-sumario-semejanzas-y-diferenciascon-la-jurisdiccion-ordinaria\/","title":{"rendered":"La tutela de los derechos fundamentales por la jurisdiccion militar. el recurso contencioso-disciplinario militar preferente y sumario. semejanzas y diferenciascon la jurisdiccion ordinaria."},"content":{"rendered":"<h2>Tesis doctoral de <strong>  Bru Peral Eva M. <\/strong><\/h2>\n<p>En este trabajo original de investigacion se defiende la tesis de que la jurisdiccion militar es competente para conocer de los actos dictados para la administraci\u00f3n militar, que en el ejercicio de su potestad disciplinaria, hayan conculcado los derechos fundamentales protegicos por el articulo 53 de la constitucion.  para ello, se estudia la historia como hilo conductor de la legislaci\u00f3n procesal militar, y se profundiza en la actual regulaci\u00f3n de esta jurisdiccion, sistematizado las semejanzas y diferencias existentes entre la jurisdicci\u00f3n militar y la ordinaria. Como punto de partida para la configuraci\u00f3n del sistema de garantias se parte de la constitucion y del desarrollo legislativo que ha tenido en el sistema jurisdiccional militar. Asimismo se presta especial atencion a las sentencias que se han dictado examinado el ambito y extensi\u00f3n de esta jurisdicci\u00f3n, abordando la aplicaci\u00f3n que desde los distintos ambitos jurisdiccionales se ha hecho del recurso contencioso-disciplinario militar preferente y sumario. La doctrina,y su importante contribuci\u00f3n a la evoluci\u00f3n y perfeccionamiento del sistema de garant\u00edas, es objeto igualmente de un detenido an\u00e1lisis.  se concluye, despu\u00e9s de una explicaci\u00f3n sistem\u00e1tica de la evoluci\u00f3n legislativa del derecho vigente y un an\u00e1lisis de las jurisdicciones ordinaria y militar, que la interacci\u00f3n de ambas jurisdicciones posibilita una base doctrinal y jurisprudencial que contribuye favorablemente al desarrollo y evolucion de nuestro ordenamiento juridico, y que la defensa de los derechos fundamentales por la jurisdicci\u00f3n militar se ajusta al sistema constitucional y judicial de nuestro ordenamiento juridico.<\/p>\n<p>&nbsp;<\/p>\n<h3>Datos acad\u00e9micos de la tesis doctoral \u00ab<strong>La tutela de los derechos fundamentales por la jurisdiccion militar. el recurso contencioso-disciplinario militar preferente y sumario. semejanzas y diferenciascon la jurisdiccion ordinaria.<\/strong>\u00ab<\/h3>\n<ul>\n<li><strong>T\u00edtulo de la tesis:<\/strong>\u00a0 La tutela de los derechos fundamentales por la jurisdiccion militar. el recurso contencioso-disciplinario militar preferente y sumario. semejanzas y diferenciascon la jurisdiccion ordinaria. <\/li>\n<li><strong>Autor:<\/strong>\u00a0  Bru Peral Eva M. <\/li>\n<li><strong>Universidad:<\/strong>\u00a0 Aut\u00f3noma de Madrid<\/li>\n<li><strong>Fecha de lectura de la tesis:<\/strong>\u00a0 10\/05\/2001<\/li>\n<\/ul>\n<p>&nbsp;<\/p>\n<h3>Direcci\u00f3n y tribunal<\/h3>\n<ul>\n<li><strong>Director de la tesis<\/strong>\n<ul>\n<li>Vicente Gimeno Sendra<\/li>\n<\/ul>\n<\/li>\n<li><strong>Tribunal<\/strong>\n<ul>\n<li>Presidente del tribunal: valentin Cortes dominguez <\/li>\n<li>Juan Dami\u00e1n moreno (vocal)<\/li>\n<li>victor Moreno catena (vocal)<\/li>\n<li>raquel Castillejo manzanares (vocal)<\/li>\n<\/ul>\n<\/li>\n<\/ul>\n<p>&nbsp;<\/p>\n","protected":false},"excerpt":{"rendered":"<p>Tesis doctoral de Bru Peral Eva M. En este trabajo original de investigacion se defiende la tesis de que la [&hellip;]<\/p>\n","protected":false},"author":1,"featured_media":0,"comment_status":"open","ping_status":"open","sticky":false,"template":"","format":"standard","meta":{"site-sidebar-layout":"default","site-content-layout":"","ast-site-content-layout":"","site-content-style":"default","site-sidebar-style":"default","ast-global-header-display":"","ast-banner-title-visibility":"","ast-main-header-display":"","ast-hfb-above-header-display":"","ast-hfb-below-header-display":"","ast-hfb-mobile-header-display":"","site-post-title":"","ast-breadcrumbs-content":"","ast-featured-img":"","footer-sml-layout":"","theme-transparent-header-meta":"","adv-header-id-meta":"","stick-header-meta":"","header-above-stick-meta":"","header-main-stick-meta":"","header-below-stick-meta":"","astra-migrate-meta-layouts":"default","ast-page-background-enabled":"default","ast-page-background-meta":{"desktop":{"background-color":"var(--ast-global-color-4)","background-image":"","background-repeat":"repeat","background-position":"center center","background-size":"auto","background-attachment":"scroll","background-type":"","background-media":"","overlay-type":"","overlay-color":"","overlay-gradient":""},"tablet":{"background-color":"","background-image":"","background-repeat":"repeat","background-position":"center center","background-size":"auto","background-attachment":"scroll","background-type":"","background-media":"","overlay-type":"","overlay-color":"","overlay-gradient":""},"mobile":{"background-color":"","background-image":"","background-repeat":"repeat","background-position":"center center","background-size":"auto","background-attachment":"scroll","background-type":"","background-media":"","overlay-type":"","overlay-color":"","overlay-gradient":""}},"ast-content-background-meta":{"desktop":{"background-color":"var(--ast-global-color-5)","background-image":"","background-repeat":"repeat","background-position":"center center","background-size":"auto","background-attachment":"scroll","background-type":"","background-media":"","overlay-type":"","overlay-color":"","overlay-gradient":""},"tablet":{"background-color":"var(--ast-global-color-5)","background-image":"","background-repeat":"repeat","background-position":"center center","background-size":"auto","background-attachment":"scroll","background-type":"","background-media":"","overlay-type":"","overlay-color":"","overlay-gradient":""},"mobile":{"background-color":"var(--ast-global-color-5)","background-image":"","background-repeat":"repeat","background-position":"center center","background-size":"auto","background-attachment":"scroll","background-type":"","background-media":"","overlay-type":"","overlay-color":"","overlay-gradient":""}},"footnotes":""},"categories":[612,3894,3620,979,3621],"tags":[187120,13553,21148,9850,9702,11249],"class_list":["post-90092","post","type-post","status-publish","format-standard","hentry","category-ciencias-juridicas-y-derecho","category-derecho-privado","category-derecho-procesal","category-derecho-y-legislacion-nacionales","category-organizacion-juridica","tag-bru-peral-eva-m","tag-juan-damian-moreno","tag-raquel-castillejo-manzanares","tag-valentin-cortes-dominguez","tag-vicente-gimeno-sendra","tag-victor-moreno-catena"],"_links":{"self":[{"href":"https:\/\/www.deberes.net\/tesis\/wp-json\/wp\/v2\/posts\/90092","targetHints":{"allow":["GET"]}}],"collection":[{"href":"https:\/\/www.deberes.net\/tesis\/wp-json\/wp\/v2\/posts"}],"about":[{"href":"https:\/\/www.deberes.net\/tesis\/wp-json\/wp\/v2\/types\/post"}],"author":[{"embeddable":true,"href":"https:\/\/www.deberes.net\/tesis\/wp-json\/wp\/v2\/users\/1"}],"replies":[{"embeddable":true,"href":"https:\/\/www.deberes.net\/tesis\/wp-json\/wp\/v2\/comments?post=90092"}],"version-history":[{"count":0,"href":"https:\/\/www.deberes.net\/tesis\/wp-json\/wp\/v2\/posts\/90092\/revisions"}],"wp:attachment":[{"href":"https:\/\/www.deberes.net\/tesis\/wp-json\/wp\/v2\/media?parent=90092"}],"wp:term":[{"taxonomy":"category","embeddable":true,"href":"https:\/\/www.deberes.net\/tesis\/wp-json\/wp\/v2\/categories?post=90092"},{"taxonomy":"post_tag","embeddable":true,"href":"https:\/\/www.deberes.net\/tesis\/wp-json\/wp\/v2\/tags?post=90092"}],"curies":[{"name":"wp","href":"https:\/\/api.w.org\/{rel}","templated":true}]}}