{"id":90134,"date":"2001-11-05T00:00:00","date_gmt":"2001-11-05T00:00:00","guid":{"rendered":"https:\/\/www.deberes.net\/tesis\/sin-categoria\/la-gestion-de-las-administraciones-locales-espanolas-propuesta-de-un-modelo-integrado-de-informacion\/"},"modified":"2001-11-05T00:00:00","modified_gmt":"2001-11-05T00:00:00","slug":"la-gestion-de-las-administraciones-locales-espanolas-propuesta-de-un-modelo-integrado-de-informacion","status":"publish","type":"post","link":"https:\/\/www.deberes.net\/tesis\/ciencias-economicas\/la-gestion-de-las-administraciones-locales-espanolas-propuesta-de-un-modelo-integrado-de-informacion\/","title":{"rendered":"La gestion de las administraciones locales espa\u00f1olas: propuesta de un modelo integrado de informacion"},"content":{"rendered":"<h2>Tesis doctoral de <strong> Mar\u00eda Luisa Delgado Jal\u00f3n <\/strong><\/h2>\n<p>La b\u00fasqueda de herramientas para la consecuci\u00f3n de una gesti\u00f3n publica llevada a cabo con criterios de eficacia,eficiencia y economia, constituyen un ejercicio de vital importancia en la actualidad.  para intentar dar respuesta a estas reflexiones, se decidi\u00f3 dividir el trabajo en 2 partes diferenciadas.  la primera parte, la constituyen los capitulos del 1 al 3, y trata de poner de manifiesto la evolucion del sector publico (mas concretamente el subsector local), los problemas con los que se enfrenta y los intentos de busqueda de herramientas para la mejora de su gesti\u00f3n, asi como el papel que la contabilidad publica juega en ello.  la segunda parte, se corresponde con el capitulo 4. En ella se propone un modelo integrado para la organizaci\u00f3n de la informacion en entidades locales, como fundamento y punto de partida para la obtenci\u00f3n de datos de calidad y actualizados, que se pueden utilizar como herramientas que permitan mejorar sus tareas de planificacion y gestion.<\/p>\n<p>&nbsp;<\/p>\n<h3>Datos acad\u00e9micos de la tesis doctoral \u00ab<strong>La gestion de las administraciones locales espa\u00f1olas: propuesta de un modelo integrado de informacion<\/strong>\u00ab<\/h3>\n<ul>\n<li><strong>T\u00edtulo de la tesis:<\/strong>\u00a0 La gestion de las administraciones locales espa\u00f1olas: propuesta de un modelo integrado de informacion <\/li>\n<li><strong>Autor:<\/strong>\u00a0 Mar\u00eda Luisa Delgado Jal\u00f3n <\/li>\n<li><strong>Universidad:<\/strong>\u00a0 Rey juan carlos<\/li>\n<li><strong>Fecha de lectura de la tesis:<\/strong>\u00a0 11\/05\/2001<\/li>\n<\/ul>\n<p>&nbsp;<\/p>\n<h3>Direcci\u00f3n y tribunal<\/h3>\n<ul>\n<li><strong>Director de la tesis<\/strong>\n<ul>\n<li> Rivero Menedez M. Jose<\/li>\n<\/ul>\n<\/li>\n<li><strong>Tribunal<\/strong>\n<ul>\n<li>Presidente del tribunal: manuel Flores caballero <\/li>\n<li>daniel Carrasco d\u00edaz (vocal)<\/li>\n<li>lazaro Rodriguez ariza (vocal)<\/li>\n<li>david R\u00edos insua (vocal)<\/li>\n<\/ul>\n<\/li>\n<\/ul>\n<p>&nbsp;<\/p>\n","protected":false},"excerpt":{"rendered":"<p>Tesis doctoral de Mar\u00eda Luisa Delgado Jal\u00f3n La b\u00fasqueda de herramientas para la consecuci\u00f3n de una gesti\u00f3n publica llevada a [&hellip;]<\/p>\n","protected":false},"author":1,"featured_media":0,"comment_status":"open","ping_status":"open","sticky":false,"template":"","format":"standard","meta":{"site-sidebar-layout":"default","site-content-layout":"","ast-site-content-layout":"","site-content-style":"default","site-sidebar-style":"default","ast-global-header-display":"","ast-banner-title-visibility":"","ast-main-header-display":"","ast-hfb-above-header-display":"","ast-hfb-below-header-display":"","ast-hfb-mobile-header-display":"","site-post-title":"","ast-breadcrumbs-content":"","ast-featured-img":"","footer-sml-layout":"","theme-transparent-header-meta":"","adv-header-id-meta":"","stick-header-meta":"","header-above-stick-meta":"","header-main-stick-meta":"","header-below-stick-meta":"","astra-migrate-meta-layouts":"default","ast-page-background-enabled":"default","ast-page-background-meta":{"desktop":{"background-color":"var(--ast-global-color-4)","background-image":"","background-repeat":"repeat","background-position":"center center","background-size":"auto","background-attachment":"scroll","background-type":"","background-media":"","overlay-type":"","overlay-color":"","overlay-gradient":""},"tablet":{"background-color":"","background-image":"","background-repeat":"repeat","background-position":"center center","background-size":"auto","background-attachment":"scroll","background-type":"","background-media":"","overlay-type":"","overlay-color":"","overlay-gradient":""},"mobile":{"background-color":"","background-image":"","background-repeat":"repeat","background-position":"center center","background-size":"auto","background-attachment":"scroll","background-type":"","background-media":"","overlay-type":"","overlay-color":"","overlay-gradient":""}},"ast-content-background-meta":{"desktop":{"background-color":"var(--ast-global-color-5)","background-image":"","background-repeat":"repeat","background-position":"center center","background-size":"auto","background-attachment":"scroll","background-type":"","background-media":"","overlay-type":"","overlay-color":"","overlay-gradient":""},"tablet":{"background-color":"var(--ast-global-color-5)","background-image":"","background-repeat":"repeat","background-position":"center center","background-size":"auto","background-attachment":"scroll","background-type":"","background-media":"","overlay-type":"","overlay-color":"","overlay-gradient":""},"mobile":{"background-color":"var(--ast-global-color-5)","background-image":"","background-repeat":"repeat","background-position":"center center","background-size":"auto","background-attachment":"scroll","background-type":"","background-media":"","overlay-type":"","overlay-color":"","overlay-gradient":""}},"footnotes":""},"categories":[82,1697,836,36610],"tags":[32828,30820,10814,40535,187193,187194],"class_list":["post-90134","post","type-post","status-publish","format-standard","hentry","category-ciencias-economicas","category-contabilidad-economica","category-economia-del-cambio-tecnologico","category-rey-juan-carlos","tag-daniel-carrasco-diaz","tag-david-rios-insua","tag-lazaro-rodriguez-ariza","tag-manuel-flores-caballero","tag-maria-luisa-delgado-jalon","tag-rivero-menedez-m-jose"],"_links":{"self":[{"href":"https:\/\/www.deberes.net\/tesis\/wp-json\/wp\/v2\/posts\/90134","targetHints":{"allow":["GET"]}}],"collection":[{"href":"https:\/\/www.deberes.net\/tesis\/wp-json\/wp\/v2\/posts"}],"about":[{"href":"https:\/\/www.deberes.net\/tesis\/wp-json\/wp\/v2\/types\/post"}],"author":[{"embeddable":true,"href":"https:\/\/www.deberes.net\/tesis\/wp-json\/wp\/v2\/users\/1"}],"replies":[{"embeddable":true,"href":"https:\/\/www.deberes.net\/tesis\/wp-json\/wp\/v2\/comments?post=90134"}],"version-history":[{"count":0,"href":"https:\/\/www.deberes.net\/tesis\/wp-json\/wp\/v2\/posts\/90134\/revisions"}],"wp:attachment":[{"href":"https:\/\/www.deberes.net\/tesis\/wp-json\/wp\/v2\/media?parent=90134"}],"wp:term":[{"taxonomy":"category","embeddable":true,"href":"https:\/\/www.deberes.net\/tesis\/wp-json\/wp\/v2\/categories?post=90134"},{"taxonomy":"post_tag","embeddable":true,"href":"https:\/\/www.deberes.net\/tesis\/wp-json\/wp\/v2\/tags?post=90134"}],"curies":[{"name":"wp","href":"https:\/\/api.w.org\/{rel}","templated":true}]}}