{"id":90148,"date":"2018-03-10T00:15:33","date_gmt":"2018-03-10T00:15:33","guid":{"rendered":"https:\/\/www.deberes.net\/tesis\/sin-categoria\/la-obra-de-antoni-vila-arrufat-1894-1989-en-el-contexto-del-arte-contemporaneo-catalan\/"},"modified":"2018-03-10T00:15:33","modified_gmt":"2018-03-10T00:15:33","slug":"la-obra-de-antoni-vila-arrufat-1894-1989-en-el-contexto-del-arte-contemporaneo-catalan","status":"publish","type":"post","link":"https:\/\/www.deberes.net\/tesis\/historia\/la-obra-de-antoni-vila-arrufat-1894-1989-en-el-contexto-del-arte-contemporaneo-catalan\/","title":{"rendered":"La obra de antoni vila arrufat (1894-1989) en el contexto del arte contemporaneo catalan"},"content":{"rendered":"<h2>Tesis doctoral de <strong> Eusebio Vila Delclos <\/strong><\/h2>\n<p>Los motivos por los cuales se ha estudiado este pintor, de reconocido prestigio, son varios.  en primer lugar, por la admiraci\u00f3n personal por el pintor y su obra.  en sengudo lugar, por la posibilidad de acceder a una fuentes de informaci\u00f3n y a una documentaci\u00f3n muy proximas al artista.  en tercer lugar, por el reto y el est\u00edmulo que me ha representado la necesidad de establecer las l\u00edneas o directrices de una investigaci\u00f3n met\u00f3dica y ordenada, que he pretendido tan honesta como cr\u00edtica en las valoraciones.  a medida que este estudio crec\u00eda se me ha evidenciado la certidumbre que antoni vila arrufat (1894-1989) fue un gran y sincero artista, el inter\u00e9s sobre el cual crecer\u00e1 a medida que la perspectiva sobre el siglo que hemos dejado atr\u00e1s actue como filtro. Coet\u00e1neo del noucentisme, su obra parte de este movimiento, del cual asimila aspectos puntuales, y se desarrollar\u00e1 entre un profundo clacisismo y la contemporaneidad que le da el conocimiento de las vanguardias ente la d\u00e9cada de 1920 y 1930.  otro motivo ha radicado en el inter\u00e9s en estudiar una persona que persevera en su camino, en unos tiempos en que hubiera sido muy f\u00e1cil seguir las nuevas corrientes que se imponian o ya estaban establecidas. Un artista que domina cualquier t\u00e9cnica y sigue investigandola para buscar la m\u00e1xima expresividad. Un artista que toma el camino de la introspecci\u00f3n, de la expresividad, de la pl\u00e1stica, de la composici\u00f3n mural y se impone retos, aut\u00e9nticos retos planteados, que soluciona ejemplarmente. Un artista que, si bien fue reconocido y elogidado, vivi\u00f3 plenamente centrado en su trabajo, tal como pone en evidencia las pocas exposiciones individuales que realiz\u00f3 as\u00ed como la cantidad y la calidad de la obra que dej\u00f3.  finalmente, hemos pretendido acercarnos a este autor desde una visi\u00f3n rigorosa y met\u00f3dica, pero tambi\u00e9n desde el punto de vista de un pintor que mira hacia otro pintor. Habiendo identificado y expuesto las c<\/p>\n<p>&nbsp;<\/p>\n<h3>Datos acad\u00e9micos de la tesis doctoral \u00ab<strong>La obra de antoni vila arrufat (1894-1989) en el contexto del arte contemporaneo catalan<\/strong>\u00ab<\/h3>\n<ul>\n<li><strong>T\u00edtulo de la tesis:<\/strong>\u00a0 La obra de antoni vila arrufat (1894-1989) en el contexto del arte contemporaneo catalan <\/li>\n<li><strong>Autor:<\/strong>\u00a0 Eusebio Vila Delclos <\/li>\n<li><strong>Universidad:<\/strong>\u00a0 Barcelona<\/li>\n<li><strong>Fecha de lectura de la tesis:<\/strong>\u00a0 16\/05\/2001<\/li>\n<\/ul>\n<p>&nbsp;<\/p>\n<h3>Direcci\u00f3n y tribunal<\/h3>\n<ul>\n<li><strong>Director de la tesis<\/strong>\n<ul>\n<li>Francisco Orenes Navarro<\/li>\n<\/ul>\n<\/li>\n<li><strong>Tribunal<\/strong>\n<ul>\n<li>Presidente del tribunal: ricardo Salvat ferr\u00e9 <\/li>\n<li>antoni Pedrola (vocal)<\/li>\n<li>inmaculada Julian (vocal)<\/li>\n<li>Jos\u00e9 Luis Ros p\u00e9rez (vocal)<\/li>\n<\/ul>\n<\/li>\n<\/ul>\n<p>&nbsp;<\/p>\n","protected":false},"excerpt":{"rendered":"<p>Tesis doctoral de Eusebio Vila Delclos Los motivos por los cuales se ha estudiado este pintor, de reconocido prestigio, son [&hellip;]<\/p>\n","protected":false},"author":1,"featured_media":0,"comment_status":"open","ping_status":"open","sticky":false,"template":"","format":"standard","meta":{"site-sidebar-layout":"default","site-content-layout":"","ast-site-content-layout":"","site-content-style":"default","site-sidebar-style":"default","ast-global-header-display":"","ast-banner-title-visibility":"","ast-main-header-display":"","ast-hfb-above-header-display":"","ast-hfb-below-header-display":"","ast-hfb-mobile-header-display":"","site-post-title":"","ast-breadcrumbs-content":"","ast-featured-img":"","footer-sml-layout":"","theme-transparent-header-meta":"","adv-header-id-meta":"","stick-header-meta":"","header-above-stick-meta":"","header-main-stick-meta":"","header-below-stick-meta":"","astra-migrate-meta-layouts":"default","ast-page-background-enabled":"default","ast-page-background-meta":{"desktop":{"background-color":"var(--ast-global-color-4)","background-image":"","background-repeat":"repeat","background-position":"center center","background-size":"auto","background-attachment":"scroll","background-type":"","background-media":"","overlay-type":"","overlay-color":"","overlay-gradient":""},"tablet":{"background-color":"","background-image":"","background-repeat":"repeat","background-position":"center center","background-size":"auto","background-attachment":"scroll","background-type":"","background-media":"","overlay-type":"","overlay-color":"","overlay-gradient":""},"mobile":{"background-color":"","background-image":"","background-repeat":"repeat","background-position":"center center","background-size":"auto","background-attachment":"scroll","background-type":"","background-media":"","overlay-type":"","overlay-color":"","overlay-gradient":""}},"ast-content-background-meta":{"desktop":{"background-color":"var(--ast-global-color-5)","background-image":"","background-repeat":"repeat","background-position":"center center","background-size":"auto","background-attachment":"scroll","background-type":"","background-media":"","overlay-type":"","overlay-color":"","overlay-gradient":""},"tablet":{"background-color":"var(--ast-global-color-5)","background-image":"","background-repeat":"repeat","background-position":"center center","background-size":"auto","background-attachment":"scroll","background-type":"","background-media":"","overlay-type":"","overlay-color":"","overlay-gradient":""},"mobile":{"background-color":"var(--ast-global-color-5)","background-image":"","background-repeat":"repeat","background-position":"center center","background-size":"auto","background-attachment":"scroll","background-type":"","background-media":"","overlay-type":"","overlay-color":"","overlay-gradient":""}},"footnotes":""},"categories":[951,147,104,1014,2563,222,3806,1111],"tags":[187217,187216,34400,184879,30429,1873],"class_list":["post-90148","post","type-post","status-publish","format-standard","hentry","category-barcelona","category-ciencias-de-las-artes-y-las-letras","category-historia","category-historia-del-arte","category-historia-del-arte-de-los-siglos-xix-y-xx","category-historias-especializadas","category-pintura","category-teoria-analisis-y-critica-de-las-bellas-artes","tag-antoni-pedrola","tag-eusebio-vila-delclos","tag-francisco-orenes-navarro","tag-inmaculada-julian","tag-jose-luis-ros-perez","tag-ricardo-salvat-ferre"],"_links":{"self":[{"href":"https:\/\/www.deberes.net\/tesis\/wp-json\/wp\/v2\/posts\/90148","targetHints":{"allow":["GET"]}}],"collection":[{"href":"https:\/\/www.deberes.net\/tesis\/wp-json\/wp\/v2\/posts"}],"about":[{"href":"https:\/\/www.deberes.net\/tesis\/wp-json\/wp\/v2\/types\/post"}],"author":[{"embeddable":true,"href":"https:\/\/www.deberes.net\/tesis\/wp-json\/wp\/v2\/users\/1"}],"replies":[{"embeddable":true,"href":"https:\/\/www.deberes.net\/tesis\/wp-json\/wp\/v2\/comments?post=90148"}],"version-history":[{"count":0,"href":"https:\/\/www.deberes.net\/tesis\/wp-json\/wp\/v2\/posts\/90148\/revisions"}],"wp:attachment":[{"href":"https:\/\/www.deberes.net\/tesis\/wp-json\/wp\/v2\/media?parent=90148"}],"wp:term":[{"taxonomy":"category","embeddable":true,"href":"https:\/\/www.deberes.net\/tesis\/wp-json\/wp\/v2\/categories?post=90148"},{"taxonomy":"post_tag","embeddable":true,"href":"https:\/\/www.deberes.net\/tesis\/wp-json\/wp\/v2\/tags?post=90148"}],"curies":[{"name":"wp","href":"https:\/\/api.w.org\/{rel}","templated":true}]}}