{"id":9019,"date":"1995-01-01T00:00:00","date_gmt":"1995-01-01T00:00:00","guid":{"rendered":"https:\/\/www.deberes.net\/tesis\/1995\/01\/01\/el-diseno-grafico-y-los-entornos-informaticos\/"},"modified":"1995-01-01T00:00:00","modified_gmt":"1995-01-01T00:00:00","slug":"el-diseno-grafico-y-los-entornos-informaticos","status":"publish","type":"post","link":"https:\/\/www.deberes.net\/tesis\/matematicas\/el-diseno-grafico-y-los-entornos-informaticos\/","title":{"rendered":"El dise\u00f1o grafico y los entornos informaticos"},"content":{"rendered":"<h2>Tesis doctoral de <strong> Emilio Espi Cerda <\/strong><\/h2>\n<p>El objetivo de este estudio ha sido la busqueda de una metodolog\u00eda en la utilizacion de los sistemas informaticos en tareas de dise\u00f1o grafico; detectar cuales son todavia los puntos confusos; que nuevas situaciones se presentan, tanto en el dise\u00f1o grafico, como en la ense\u00f1anza; y relacionar las mejoras con respecto a los procesos tradicionales. En el primer capitulo se aborda la evolucion historica de la microinformatica grafica, hasta la aparicion del ordenador personal en 1984. En el segundo capitulo se define el entorno grafico de trabajo formado por los sistemas de ventanas y el interface grafico de usuario. En el capitulo tercero, se hace un recorrido por la evolucion de la composicion tradicional de textos. En el cuarto capitulo se estudia la problematica del uso de fuentes y la composicion de textos en ordenadores personales. En el capitulo quinto, se resumen algunas operaciones que realiza un programa de dibujo, y que mas se aproximan a las realizadas con medios tradicionales. En el capitulo sexto se analiza la relacion entre los colores de pantalla e impresora. En el septimo capitulo, se estudian las tecnicas tradicionales en la reproduccion de imagenes en b\/n y la tecnica digital. En el capitulo octavo se muestran las tecnicas utilizadas en la separacion de colores convencional, y en la separacion electronica. En el noveno capitulo, se evaluan los resultados de sendas encuestas dirigidas a dise\u00f1adores graficos profesionales e imprentas de la comunidad Valenciana.<\/p>\n<p>&nbsp;<\/p>\n<h3>Datos acad\u00e9micos de la tesis doctoral \u00ab<strong>El dise\u00f1o grafico y los entornos informaticos<\/strong>\u00ab<\/h3>\n<ul>\n<li><strong>T\u00edtulo de la tesis:<\/strong>\u00a0 El dise\u00f1o grafico y los entornos informaticos <\/li>\n<li><strong>Autor:<\/strong>\u00a0 Emilio Espi Cerda <\/li>\n<li><strong>Universidad:<\/strong>\u00a0 Polit\u00e9cnica de Valencia<\/li>\n<li><strong>Fecha de lectura de la tesis:<\/strong>\u00a0 01\/01\/1995<\/li>\n<\/ul>\n<p>&nbsp;<\/p>\n<h3>Direcci\u00f3n y tribunal<\/h3>\n<ul>\n<li><strong>Director de la tesis<\/strong>\n<ul>\n<li>Manuel Lecuona Lopez<\/li>\n<\/ul>\n<\/li>\n<li><strong>Tribunal<\/strong>\n<ul>\n<li>Presidente del tribunal: Enric Tormo Ballester <\/li>\n<li> Alcala Mellado Jos\u00e9 Ramon (vocal)<\/li>\n<li> Guillem Ramon Jos\u00e9 Manuel (vocal)<\/li>\n<li>Jorge Ferris Malonda (vocal)<\/li>\n<\/ul>\n<\/li>\n<\/ul>\n<p>&nbsp;<\/p>\n","protected":false},"excerpt":{"rendered":"<p>Tesis doctoral de Emilio Espi Cerda El objetivo de este estudio ha sido la busqueda de una metodolog\u00eda en la [&hellip;]<\/p>\n","protected":false},"author":1,"featured_media":0,"comment_status":"open","ping_status":"open","sticky":false,"template":"","format":"standard","meta":{"site-sidebar-layout":"default","site-content-layout":"","ast-site-content-layout":"","site-content-style":"default","site-sidebar-style":"default","ast-global-header-display":"","ast-banner-title-visibility":"","ast-main-header-display":"","ast-hfb-above-header-display":"","ast-hfb-below-header-display":"","ast-hfb-mobile-header-display":"","site-post-title":"","ast-breadcrumbs-content":"","ast-featured-img":"","footer-sml-layout":"","theme-transparent-header-meta":"","adv-header-id-meta":"","stick-header-meta":"","header-above-stick-meta":"","header-main-stick-meta":"","header-below-stick-meta":"","astra-migrate-meta-layouts":"default","ast-page-background-enabled":"default","ast-page-background-meta":{"desktop":{"background-color":"var(--ast-global-color-4)","background-image":"","background-repeat":"repeat","background-position":"center center","background-size":"auto","background-attachment":"scroll","background-type":"","background-media":"","overlay-type":"","overlay-color":"","overlay-gradient":""},"tablet":{"background-color":"","background-image":"","background-repeat":"repeat","background-position":"center center","background-size":"auto","background-attachment":"scroll","background-type":"","background-media":"","overlay-type":"","overlay-color":"","overlay-gradient":""},"mobile":{"background-color":"","background-image":"","background-repeat":"repeat","background-position":"center center","background-size":"auto","background-attachment":"scroll","background-type":"","background-media":"","overlay-type":"","overlay-color":"","overlay-gradient":""}},"ast-content-background-meta":{"desktop":{"background-color":"var(--ast-global-color-5)","background-image":"","background-repeat":"repeat","background-position":"center center","background-size":"auto","background-attachment":"scroll","background-type":"","background-media":"","overlay-type":"","overlay-color":"","overlay-gradient":""},"tablet":{"background-color":"var(--ast-global-color-5)","background-image":"","background-repeat":"repeat","background-position":"center center","background-size":"auto","background-attachment":"scroll","background-type":"","background-media":"","overlay-type":"","overlay-color":"","overlay-gradient":""},"mobile":{"background-color":"var(--ast-global-color-5)","background-image":"","background-repeat":"repeat","background-position":"center center","background-size":"auto","background-attachment":"scroll","background-type":"","background-media":"","overlay-type":"","overlay-color":"","overlay-gradient":""}},"footnotes":""},"categories":[1890,15977,126,16820],"tags":[31262,31260,31261,31263,16905,16906],"class_list":["post-9019","post","type-post","status-publish","format-standard","hentry","category-ciencia-de-los-ordenadores","category-diseno-con-ayuda-de-ordenador","category-matematicas","category-politecnica-de-valencia","tag-alcala-mellado-jose-ramon","tag-emilio-espi-cerda","tag-enric-tormo-ballester","tag-guillem-ramon-jose-manuel","tag-jorge-ferris-malonda","tag-manuel-lecuona-lopez"],"_links":{"self":[{"href":"https:\/\/www.deberes.net\/tesis\/wp-json\/wp\/v2\/posts\/9019","targetHints":{"allow":["GET"]}}],"collection":[{"href":"https:\/\/www.deberes.net\/tesis\/wp-json\/wp\/v2\/posts"}],"about":[{"href":"https:\/\/www.deberes.net\/tesis\/wp-json\/wp\/v2\/types\/post"}],"author":[{"embeddable":true,"href":"https:\/\/www.deberes.net\/tesis\/wp-json\/wp\/v2\/users\/1"}],"replies":[{"embeddable":true,"href":"https:\/\/www.deberes.net\/tesis\/wp-json\/wp\/v2\/comments?post=9019"}],"version-history":[{"count":0,"href":"https:\/\/www.deberes.net\/tesis\/wp-json\/wp\/v2\/posts\/9019\/revisions"}],"wp:attachment":[{"href":"https:\/\/www.deberes.net\/tesis\/wp-json\/wp\/v2\/media?parent=9019"}],"wp:term":[{"taxonomy":"category","embeddable":true,"href":"https:\/\/www.deberes.net\/tesis\/wp-json\/wp\/v2\/categories?post=9019"},{"taxonomy":"post_tag","embeddable":true,"href":"https:\/\/www.deberes.net\/tesis\/wp-json\/wp\/v2\/tags?post=9019"}],"curies":[{"name":"wp","href":"https:\/\/api.w.org\/{rel}","templated":true}]}}