{"id":90195,"date":"2018-03-10T00:15:33","date_gmt":"2018-03-10T00:15:33","guid":{"rendered":"https:\/\/www.deberes.net\/tesis\/sin-categoria\/el-general-polavieja-y-su-actividad-pola%c2%adtica-y-militar\/"},"modified":"2018-03-10T00:15:33","modified_gmt":"2018-03-10T00:15:33","slug":"el-general-polavieja-y-su-actividad-pola%c2%adtica-y-militar","status":"publish","type":"post","link":"https:\/\/www.deberes.net\/tesis\/historia\/el-general-polavieja-y-su-actividad-pola%c2%adtica-y-militar\/","title":{"rendered":"El general polavieja y su actividad pol\u00edtica y militar"},"content":{"rendered":"<h2>Tesis doctoral de <strong> Alfredo L\u00f3pez Serrano <\/strong><\/h2>\n<p>El estudio de la obra militar y de la personalidad pol\u00edtica del genral d. Camilo garc\u00eda de polavieja, objeto del presente estudio, se enmarca en las transformaciones pol\u00edtica e ideol\u00f3gicas que experiment\u00f3 la sociedad espa\u00f1ola en torno al cambio de siglo, en las que el general tuvo un papel breve pero muy significativo,lo que tal vez no ha sido suficientemente ponderado por la historiograf\u00eda hasta nuestros d\u00edas. Comienza el an\u00e1lisis con una prestaci\u00f3n de las redes familiares que contribuyeron a que el general reogerse el pasado prestigio de su familia, aunque fueron sus m\u00e9ritos militares en marruecos, santo domingo, cuba, en la guerra carlista y ante la insurrecci\u00f3n filipina, as\u00ed como sus cargos como capit\u00e1n general en los dominios coloniales insulares espa\u00f1oles los que le condujeron al aumento de su prestigio social (hasta llegar a ocupar la presidencia de la cruz roja espa\u00f1ola, instituci\u00f3n que prosper\u00f3 enormemente bajo su dos d\u00e9cadas de mandato) y pol\u00edtico,llegando a lanzar un manifiesto regeneracionista que tuvo gran arraigo en las clases medias, especialmente las catalanas, en la coyuntura posterior al desastre de 1898, y ocupando el ministerio de la guerra en el gabinete conservador de silvela.Su enfrentamiento con \u00e9ste y con fern\u00e1ndez villaverde le obligaron a dimitir en seis meses, y el general, desenga\u00f1ado, se retir\u00f3 casi por completo de la vida pol\u00edtica (refugi\u00e1ndose en el estudio militar e hist\u00f3rico), al igual que otros miembros del ej\u00e9rcito en la \u00e9poca, un signo m\u00e1s del divorcio entre los militares y los pol\u00edticos que tan graves consecuencias tendr\u00e1 en la espa\u00f1a de la primera mitad del siglo xx.<\/p>\n<p>&nbsp;<\/p>\n<h3>Datos acad\u00e9micos de la tesis doctoral \u00ab<strong>El general polavieja y su actividad pol\u00edtica y militar<\/strong>\u00ab<\/h3>\n<ul>\n<li><strong>T\u00edtulo de la tesis:<\/strong>\u00a0 El general polavieja y su actividad pol\u00edtica y militar <\/li>\n<li><strong>Autor:<\/strong>\u00a0 Alfredo L\u00f3pez Serrano <\/li>\n<li><strong>Universidad:<\/strong>\u00a0 Complutense de Madrid<\/li>\n<li><strong>Fecha de lectura de la tesis:<\/strong>\u00a0 18\/05\/2001<\/li>\n<\/ul>\n<p>&nbsp;<\/p>\n<h3>Direcci\u00f3n y tribunal<\/h3>\n<ul>\n<li><strong>Director de la tesis<\/strong>\n<ul>\n<li>ferrer Morant G\u00f3mez<\/li>\n<\/ul>\n<\/li>\n<li><strong>Tribunal<\/strong>\n<ul>\n<li>Presidente del tribunal: Juan  pablo Fusi aizpurua <\/li>\n<li>Manuel Espadas burgos (vocal)<\/li>\n<li>rosario De la torre del r\u00edo (vocal)<\/li>\n<li>Luis Navarro garcia (vocal)<\/li>\n<\/ul>\n<\/li>\n<\/ul>\n<p>&nbsp;<\/p>\n","protected":false},"excerpt":{"rendered":"<p>Tesis doctoral de Alfredo L\u00f3pez Serrano El estudio de la obra militar y de la personalidad pol\u00edtica del genral d. [&hellip;]<\/p>\n","protected":false},"author":1,"featured_media":0,"comment_status":"open","ping_status":"open","sticky":false,"template":"","format":"standard","meta":{"site-sidebar-layout":"default","site-content-layout":"","ast-site-content-layout":"","site-content-style":"default","site-sidebar-style":"default","ast-global-header-display":"","ast-banner-title-visibility":"","ast-main-header-display":"","ast-hfb-above-header-display":"","ast-hfb-below-header-display":"","ast-hfb-mobile-header-display":"","site-post-title":"","ast-breadcrumbs-content":"","ast-featured-img":"","footer-sml-layout":"","theme-transparent-header-meta":"","adv-header-id-meta":"","stick-header-meta":"","header-above-stick-meta":"","header-main-stick-meta":"","header-below-stick-meta":"","astra-migrate-meta-layouts":"default","ast-page-background-enabled":"default","ast-page-background-meta":{"desktop":{"background-color":"var(--ast-global-color-4)","background-image":"","background-repeat":"repeat","background-position":"center center","background-size":"auto","background-attachment":"scroll","background-type":"","background-media":"","overlay-type":"","overlay-color":"","overlay-gradient":""},"tablet":{"background-color":"","background-image":"","background-repeat":"repeat","background-position":"center center","background-size":"auto","background-attachment":"scroll","background-type":"","background-media":"","overlay-type":"","overlay-color":"","overlay-gradient":""},"mobile":{"background-color":"","background-image":"","background-repeat":"repeat","background-position":"center center","background-size":"auto","background-attachment":"scroll","background-type":"","background-media":"","overlay-type":"","overlay-color":"","overlay-gradient":""}},"ast-content-background-meta":{"desktop":{"background-color":"var(--ast-global-color-5)","background-image":"","background-repeat":"repeat","background-position":"center center","background-size":"auto","background-attachment":"scroll","background-type":"","background-media":"","overlay-type":"","overlay-color":"","overlay-gradient":""},"tablet":{"background-color":"var(--ast-global-color-5)","background-image":"","background-repeat":"repeat","background-position":"center center","background-size":"auto","background-attachment":"scroll","background-type":"","background-media":"","overlay-type":"","overlay-color":"","overlay-gradient":""},"mobile":{"background-color":"var(--ast-global-color-5)","background-image":"","background-repeat":"repeat","background-position":"center center","background-size":"auto","background-attachment":"scroll","background-type":"","background-media":"","overlay-type":"","overlay-color":"","overlay-gradient":""}},"footnotes":""},"categories":[954,104,1816,413,220,222],"tags":[187285,56883,6662,10745,7417,22845],"class_list":["post-90195","post","type-post","status-publish","format-standard","hentry","category-biografias","category-historia","category-historia-contemporanea","category-historia-de-la-guerra","category-historia-por-epocas","category-historias-especializadas","tag-alfredo-lopez-serrano","tag-ferrer-morant-gomez","tag-juan-pablo-fusi-aizpurua","tag-luis-navarro-garcia","tag-manuel-espadas-burgos","tag-rosario-de-la-torre-del-rio"],"_links":{"self":[{"href":"https:\/\/www.deberes.net\/tesis\/wp-json\/wp\/v2\/posts\/90195","targetHints":{"allow":["GET"]}}],"collection":[{"href":"https:\/\/www.deberes.net\/tesis\/wp-json\/wp\/v2\/posts"}],"about":[{"href":"https:\/\/www.deberes.net\/tesis\/wp-json\/wp\/v2\/types\/post"}],"author":[{"embeddable":true,"href":"https:\/\/www.deberes.net\/tesis\/wp-json\/wp\/v2\/users\/1"}],"replies":[{"embeddable":true,"href":"https:\/\/www.deberes.net\/tesis\/wp-json\/wp\/v2\/comments?post=90195"}],"version-history":[{"count":0,"href":"https:\/\/www.deberes.net\/tesis\/wp-json\/wp\/v2\/posts\/90195\/revisions"}],"wp:attachment":[{"href":"https:\/\/www.deberes.net\/tesis\/wp-json\/wp\/v2\/media?parent=90195"}],"wp:term":[{"taxonomy":"category","embeddable":true,"href":"https:\/\/www.deberes.net\/tesis\/wp-json\/wp\/v2\/categories?post=90195"},{"taxonomy":"post_tag","embeddable":true,"href":"https:\/\/www.deberes.net\/tesis\/wp-json\/wp\/v2\/tags?post=90195"}],"curies":[{"name":"wp","href":"https:\/\/api.w.org\/{rel}","templated":true}]}}