{"id":90203,"date":"2018-03-10T00:15:33","date_gmt":"2018-03-10T00:15:33","guid":{"rendered":"https:\/\/www.deberes.net\/tesis\/sin-categoria\/estudio-y-edicion-del-veneris-tribunal-de-ludovico-escriva\/"},"modified":"2018-03-10T00:15:33","modified_gmt":"2018-03-10T00:15:33","slug":"estudio-y-edicion-del-veneris-tribunal-de-ludovico-escriva","status":"publish","type":"post","link":"https:\/\/www.deberes.net\/tesis\/ciencias-de-las-artes-y-las-letras\/estudio-y-edicion-del-veneris-tribunal-de-ludovico-escriva\/","title":{"rendered":"Estudio y edici\u00f3n del veneris tribunal de ludovico escriv\u00e1"},"content":{"rendered":"<h2>Tesis doctoral de <strong>  L\u00f3pez Martinez Amelia Lucia <\/strong><\/h2>\n<p>La presente tesis doctoral est\u00e1 constitu\u00edda por un estudio y edici\u00f3n de la obra de ludovico escriv\u00e1, el veneris tribunal, obra fechada en 1537. la tesis se halla estructurada en dos bloques:  la introducci\u00f3n cr\u00edtica, en la que se incluye el an\u00e1lisis extr\u00ednseco (el estudio de la autor\u00eda y dataci\u00f3n de la obra, la noticia bibliogr\u00e1fica y las ediciones modernas de la obra, as\u00ed como los estudios cr\u00edticos), el an\u00e1lisis intr\u00ednseco, en el que se plantean cuestiones relativas a los problemas para la inclusi\u00f3n de la obra en el g\u00e9nero sentimental, su pertenencia al g\u00e9nero del debate literario de tema amoroso y su relaci\u00f3n con los tratados amorosos y la casu\u00edtica amorosa italiana, as\u00ed como un breve estudio sobre la concepci\u00f3n del amor en la obra.  nuestra edici\u00f3n del texto, en cuyo aparato cr\u00edtico se realiza un intento de comentario reflexionado de la obra. En la parte final de este bloque se incluye un glosario de nombre y otro de t\u00e9rminos, un \u00edndice de los grabados reproducidos, as\u00ed como la bilbiograf\u00eda empleada en la elaboraci\u00f3n de este estudio.<\/p>\n<p>&nbsp;<\/p>\n<h3>Datos acad\u00e9micos de la tesis doctoral \u00ab<strong>Estudio y edici\u00f3n del veneris tribunal de ludovico escriv\u00e1<\/strong>\u00ab<\/h3>\n<ul>\n<li><strong>T\u00edtulo de la tesis:<\/strong>\u00a0 Estudio y edici\u00f3n del veneris tribunal de ludovico escriv\u00e1 <\/li>\n<li><strong>Autor:<\/strong>\u00a0  L\u00f3pez Martinez Amelia Lucia <\/li>\n<li><strong>Universidad:<\/strong>\u00a0 Universitat de val\u00e9ncia (estudi general)<\/li>\n<li><strong>Fecha de lectura de la tesis:<\/strong>\u00a0 18\/05\/2001<\/li>\n<\/ul>\n<p>&nbsp;<\/p>\n<h3>Direcci\u00f3n y tribunal<\/h3>\n<ul>\n<li><strong>Director de la tesis<\/strong>\n<ul>\n<li>Jos\u00e9 Luis Canet Valles<\/li>\n<\/ul>\n<\/li>\n<li><strong>Tribunal<\/strong>\n<ul>\n<li>Presidente del tribunal:  P\u00e9rez priego Miguel angel <\/li>\n<li>carmen Parrilla Garc\u00eda (vocal)<\/li>\n<li>pedro Manuel C\u00e1tedra Garc\u00eda (vocal)<\/li>\n<li>josep lLuis Sirera turo (vocal)<\/li>\n<\/ul>\n<\/li>\n<\/ul>\n<p>&nbsp;<\/p>\n","protected":false},"excerpt":{"rendered":"<p>Tesis doctoral de L\u00f3pez Martinez Amelia Lucia La presente tesis doctoral est\u00e1 constitu\u00edda por un estudio y edici\u00f3n de la [&hellip;]<\/p>\n","protected":false},"author":1,"featured_media":0,"comment_status":"open","ping_status":"open","sticky":false,"template":"","format":"standard","meta":{"site-sidebar-layout":"default","site-content-layout":"","ast-site-content-layout":"","site-content-style":"default","site-sidebar-style":"default","ast-global-header-display":"","ast-banner-title-visibility":"","ast-main-header-display":"","ast-hfb-above-header-display":"","ast-hfb-below-header-display":"","ast-hfb-mobile-header-display":"","site-post-title":"","ast-breadcrumbs-content":"","ast-featured-img":"","footer-sml-layout":"","theme-transparent-header-meta":"","adv-header-id-meta":"","stick-header-meta":"","header-above-stick-meta":"","header-main-stick-meta":"","header-below-stick-meta":"","astra-migrate-meta-layouts":"default","ast-page-background-enabled":"default","ast-page-background-meta":{"desktop":{"background-color":"var(--ast-global-color-4)","background-image":"","background-repeat":"repeat","background-position":"center center","background-size":"auto","background-attachment":"scroll","background-type":"","background-media":"","overlay-type":"","overlay-color":"","overlay-gradient":""},"tablet":{"background-color":"","background-image":"","background-repeat":"repeat","background-position":"center center","background-size":"auto","background-attachment":"scroll","background-type":"","background-media":"","overlay-type":"","overlay-color":"","overlay-gradient":""},"mobile":{"background-color":"","background-image":"","background-repeat":"repeat","background-position":"center center","background-size":"auto","background-attachment":"scroll","background-type":"","background-media":"","overlay-type":"","overlay-color":"","overlay-gradient":""}},"ast-content-background-meta":{"desktop":{"background-color":"var(--ast-global-color-5)","background-image":"","background-repeat":"repeat","background-position":"center center","background-size":"auto","background-attachment":"scroll","background-type":"","background-media":"","overlay-type":"","overlay-color":"","overlay-gradient":""},"tablet":{"background-color":"var(--ast-global-color-5)","background-image":"","background-repeat":"repeat","background-position":"center center","background-size":"auto","background-attachment":"scroll","background-type":"","background-media":"","overlay-type":"","overlay-color":"","overlay-gradient":""},"mobile":{"background-color":"var(--ast-global-color-5)","background-image":"","background-repeat":"repeat","background-position":"center center","background-size":"auto","background-attachment":"scroll","background-type":"","background-media":"","overlay-type":"","overlay-color":"","overlay-gradient":""}},"footnotes":""},"categories":[148,147,628],"tags":[12292,11882,11559,187295,11880,5712],"class_list":["post-90203","post","type-post","status-publish","format-standard","hentry","category-analisis-literario","category-ciencias-de-las-artes-y-las-letras","category-teoria-analisis-y-critica-literarios","tag-carmen-parrilla-garcia","tag-jose-luis-canet-valles","tag-josep-lluis-sirera-turo","tag-lopez-Martinez-amelia-lucia","tag-pedro-manuel-catedra-garcia","tag-perez-priego-miguel-angel"],"_links":{"self":[{"href":"https:\/\/www.deberes.net\/tesis\/wp-json\/wp\/v2\/posts\/90203","targetHints":{"allow":["GET"]}}],"collection":[{"href":"https:\/\/www.deberes.net\/tesis\/wp-json\/wp\/v2\/posts"}],"about":[{"href":"https:\/\/www.deberes.net\/tesis\/wp-json\/wp\/v2\/types\/post"}],"author":[{"embeddable":true,"href":"https:\/\/www.deberes.net\/tesis\/wp-json\/wp\/v2\/users\/1"}],"replies":[{"embeddable":true,"href":"https:\/\/www.deberes.net\/tesis\/wp-json\/wp\/v2\/comments?post=90203"}],"version-history":[{"count":0,"href":"https:\/\/www.deberes.net\/tesis\/wp-json\/wp\/v2\/posts\/90203\/revisions"}],"wp:attachment":[{"href":"https:\/\/www.deberes.net\/tesis\/wp-json\/wp\/v2\/media?parent=90203"}],"wp:term":[{"taxonomy":"category","embeddable":true,"href":"https:\/\/www.deberes.net\/tesis\/wp-json\/wp\/v2\/categories?post=90203"},{"taxonomy":"post_tag","embeddable":true,"href":"https:\/\/www.deberes.net\/tesis\/wp-json\/wp\/v2\/tags?post=90203"}],"curies":[{"name":"wp","href":"https:\/\/api.w.org\/{rel}","templated":true}]}}