{"id":90247,"date":"2018-03-10T00:15:37","date_gmt":"2018-03-10T00:15:37","guid":{"rendered":"https:\/\/www.deberes.net\/tesis\/sin-categoria\/estudios-sobre-la-caracterizacion-quimica-de-carragennas-utilizadas-como-aditivos-alimentarios\/"},"modified":"2018-03-10T00:15:37","modified_gmt":"2018-03-10T00:15:37","slug":"estudios-sobre-la-caracterizacion-quimica-de-carragennas-utilizadas-como-aditivos-alimentarios","status":"publish","type":"post","link":"https:\/\/www.deberes.net\/tesis\/quimica\/estudios-sobre-la-caracterizacion-quimica-de-carragennas-utilizadas-como-aditivos-alimentarios\/","title":{"rendered":"Estudios sobre la caracterizacion quimica de carragennas utilizadas como aditivos alimentarios."},"content":{"rendered":"<h2>Tesis doctoral de <strong> Juan Prado Fernandez <\/strong><\/h2>\n<p>Las carrageninas, polisacaridos sulfatados, se engloban dentro de los ficoloides, industrialmente se incluyen en las formas naturales que se caracterizan por dar lugar a soluciones viscosas o geles.  a nivel industrial la identificacion de las distinas carrafeninas, comercialmente importantes (k,2,h) presentes en una mezcla suele llevarse a cabo a traves de propiedades fisicas, siendo metodos poco rigurosos y precisos desde el punto de vista analitico. Por esta razon el objetivo de este trabajo se centro en el analisis de carragesinas en mezclas determinando ciertos parametros indicadores de la calidad para su utilizacion como aditivos alimentarios (humedad, concentracion en sulfato, etc). Posteriormente se pusieron a punto metodos para la determinacion estructural de las mismas utilizando tecnicas no destructivas,tales como rmn-h. Finalmente mediante espectroscopia de infrarrojo con transformadora de fourier combinada con un metodo pls de calibracion multivariante se desarrollo y puso a punto un metodo analitico cuantilativo rapido, eficaz y sencillo no destructivo que resulto idoneo para su aplicaci\u00f3n a nivel industrial.<\/p>\n<p>&nbsp;<\/p>\n<h3>Datos acad\u00e9micos de la tesis doctoral \u00ab<strong>Estudios sobre la caracterizacion quimica de carragennas utilizadas como aditivos alimentarios.<\/strong>\u00ab<\/h3>\n<ul>\n<li><strong>T\u00edtulo de la tesis:<\/strong>\u00a0 Estudios sobre la caracterizacion quimica de carragennas utilizadas como aditivos alimentarios. <\/li>\n<li><strong>Autor:<\/strong>\u00a0 Juan Prado Fernandez <\/li>\n<li><strong>Universidad:<\/strong>\u00a0 Vigo<\/li>\n<li><strong>Fecha de lectura de la tesis:<\/strong>\u00a0 21\/05\/2001<\/li>\n<\/ul>\n<p>&nbsp;<\/p>\n<h3>Direcci\u00f3n y tribunal<\/h3>\n<ul>\n<li><strong>Director de la tesis<\/strong>\n<ul>\n<li>Jos\u00e9 Antonio Rodr\u00edguez V\u00e1zquez<\/li>\n<\/ul>\n<\/li>\n<li><strong>Tribunal<\/strong>\n<ul>\n<li>Presidente del tribunal: lucas Hernandez hernandez <\/li>\n<li> Andrade garca Jos\u00e9 Manuel (vocal)<\/li>\n<li>Jos\u00e9 Mar\u00eda Quintela l\u00f3pez (vocal)<\/li>\n<li>Antonio Iba\u00f1ez paniello (vocal)<\/li>\n<\/ul>\n<\/li>\n<\/ul>\n<p>&nbsp;<\/p>\n","protected":false},"excerpt":{"rendered":"<p>Tesis doctoral de Juan Prado Fernandez Las carrageninas, polisacaridos sulfatados, se engloban dentro de los ficoloides, industrialmente se incluyen en [&hellip;]<\/p>\n","protected":false},"author":1,"featured_media":0,"comment_status":"open","ping_status":"open","sticky":false,"template":"","format":"standard","meta":{"site-sidebar-layout":"default","site-content-layout":"","ast-site-content-layout":"","site-content-style":"default","site-sidebar-style":"default","ast-global-header-display":"","ast-banner-title-visibility":"","ast-main-header-display":"","ast-hfb-above-header-display":"","ast-hfb-below-header-display":"","ast-hfb-mobile-header-display":"","site-post-title":"","ast-breadcrumbs-content":"","ast-featured-img":"","footer-sml-layout":"","theme-transparent-header-meta":"","adv-header-id-meta":"","stick-header-meta":"","header-above-stick-meta":"","header-main-stick-meta":"","header-below-stick-meta":"","astra-migrate-meta-layouts":"default","ast-page-background-enabled":"default","ast-page-background-meta":{"desktop":{"background-color":"var(--ast-global-color-4)","background-image":"","background-repeat":"repeat","background-position":"center center","background-size":"auto","background-attachment":"scroll","background-type":"","background-media":"","overlay-type":"","overlay-color":"","overlay-gradient":""},"tablet":{"background-color":"","background-image":"","background-repeat":"repeat","background-position":"center center","background-size":"auto","background-attachment":"scroll","background-type":"","background-media":"","overlay-type":"","overlay-color":"","overlay-gradient":""},"mobile":{"background-color":"","background-image":"","background-repeat":"repeat","background-position":"center center","background-size":"auto","background-attachment":"scroll","background-type":"","background-media":"","overlay-type":"","overlay-color":"","overlay-gradient":""}},"ast-content-background-meta":{"desktop":{"background-color":"var(--ast-global-color-5)","background-image":"","background-repeat":"repeat","background-position":"center center","background-size":"auto","background-attachment":"scroll","background-type":"","background-media":"","overlay-type":"","overlay-color":"","overlay-gradient":""},"tablet":{"background-color":"var(--ast-global-color-5)","background-image":"","background-repeat":"repeat","background-position":"center center","background-size":"auto","background-attachment":"scroll","background-type":"","background-media":"","overlay-type":"","overlay-color":"","overlay-gradient":""},"mobile":{"background-color":"var(--ast-global-color-5)","background-image":"","background-repeat":"repeat","background-position":"center center","background-size":"auto","background-attachment":"scroll","background-type":"","background-media":"","overlay-type":"","overlay-color":"","overlay-gradient":""}},"footnotes":""},"categories":[9418,332,604,17,18,1594,18657],"tags":[187362,187363,18595,2842,187361,4870],"class_list":["post-90247","post","type-post","status-publish","format-standard","hentry","category-aditivos-alimentarios","category-ciencias-tecnologicas","category-espectroscopia-de-absorcion","category-quimica","category-quimica-analitica","category-tecnologia-de-los-alimentos","category-vigo","tag-andrade-garca-jose-manuel","tag-antonio-ibanez-paniello","tag-jose-antonio-rodriguez-vazquez","tag-jose-maria-quintela-lopez","tag-juan-prado-fernandez","tag-lucas-hernandez-hernandez"],"_links":{"self":[{"href":"https:\/\/www.deberes.net\/tesis\/wp-json\/wp\/v2\/posts\/90247","targetHints":{"allow":["GET"]}}],"collection":[{"href":"https:\/\/www.deberes.net\/tesis\/wp-json\/wp\/v2\/posts"}],"about":[{"href":"https:\/\/www.deberes.net\/tesis\/wp-json\/wp\/v2\/types\/post"}],"author":[{"embeddable":true,"href":"https:\/\/www.deberes.net\/tesis\/wp-json\/wp\/v2\/users\/1"}],"replies":[{"embeddable":true,"href":"https:\/\/www.deberes.net\/tesis\/wp-json\/wp\/v2\/comments?post=90247"}],"version-history":[{"count":0,"href":"https:\/\/www.deberes.net\/tesis\/wp-json\/wp\/v2\/posts\/90247\/revisions"}],"wp:attachment":[{"href":"https:\/\/www.deberes.net\/tesis\/wp-json\/wp\/v2\/media?parent=90247"}],"wp:term":[{"taxonomy":"category","embeddable":true,"href":"https:\/\/www.deberes.net\/tesis\/wp-json\/wp\/v2\/categories?post=90247"},{"taxonomy":"post_tag","embeddable":true,"href":"https:\/\/www.deberes.net\/tesis\/wp-json\/wp\/v2\/tags?post=90247"}],"curies":[{"name":"wp","href":"https:\/\/api.w.org\/{rel}","templated":true}]}}