{"id":90268,"date":"2018-03-10T00:15:42","date_gmt":"2018-03-10T00:15:42","guid":{"rendered":"https:\/\/www.deberes.net\/tesis\/sin-categoria\/la-proteccion-conservacion-y-promocion-del-patrimonio-inmobiliario-historico-en-la-legislacion-autonomica-espanola-en-particular-la-ley-7-1990-del-patrimonio-cultural-del-pais-vasco\/"},"modified":"2018-03-10T00:15:42","modified_gmt":"2018-03-10T00:15:42","slug":"la-proteccion-conservacion-y-promocion-del-patrimonio-inmobiliario-historico-en-la-legislacion-autonomica-espanola-en-particular-la-ley-7-1990-del-patrimonio-cultural-del-pais-vasco","status":"publish","type":"post","link":"https:\/\/www.deberes.net\/tesis\/ciencias-juridicas-y-derecho\/la-proteccion-conservacion-y-promocion-del-patrimonio-inmobiliario-historico-en-la-legislacion-autonomica-espanola-en-particular-la-ley-7-1990-del-patrimonio-cultural-del-pais-vasco\/","title":{"rendered":"\u00abla proteccion, conservacion y promocion del patrimonio inmobiliario, historico en la legislacion autonomica espa\u00f1ola. en particular, la ley 7\/1990 del patrimonio cultural del pais vasco\u00bb."},"content":{"rendered":"<h2>Tesis doctoral de <strong> Jos\u00e9 Mar\u00eda Abad Liceras <\/strong><\/h2>\n<p>La tesis analiza el marco constitucional y legal en el que se desenvuelven las facetas de promocion, proteccion y conservacion de los inmuebles de car\u00e1cter cultural en la comunidad autonoma vasca. Para ello, se profundiza en el estudio de la ley 7\/1990, de 3 de julio, del patrimonio cultural vasco, diviendo su estructura en varios niveles atendiendo a su ambito objetivo de aplicaci\u00f3n.  para facilitar su comprension, se realiza un estudio comparativo con otras legislaciones autonomicas, dictadas en materia de patrimonio historico,asi con la normativa estatal.  se completa el analisis con constantes referencias normativas, dictadas a nivel reglamentario y con jurisprudencia del tribunal supremo.<\/p>\n<p>&nbsp;<\/p>\n<h3>Datos acad\u00e9micos de la tesis doctoral \u00ab<strong>\u00abla proteccion, conservacion y promocion del patrimonio inmobiliario, historico en la legislacion autonomica espa\u00f1ola. en particular, la ley 7\/1990 del patrimonio cultural del pais vasco\u00bb.<\/strong>\u00ab<\/h3>\n<ul>\n<li><strong>T\u00edtulo de la tesis:<\/strong>\u00a0 \u00abla proteccion, conservacion y promocion del patrimonio inmobiliario, historico en la legislacion autonomica espa\u00f1ola. en particular, la ley 7\/1990 del patrimonio cultural del pais vasco\u00bb. <\/li>\n<li><strong>Autor:<\/strong>\u00a0 Jos\u00e9 Mar\u00eda Abad Liceras <\/li>\n<li><strong>Universidad:<\/strong>\u00a0 Complutense de Madrid<\/li>\n<li><strong>Fecha de lectura de la tesis:<\/strong>\u00a0 23\/05\/2001<\/li>\n<\/ul>\n<p>&nbsp;<\/p>\n<h3>Direcci\u00f3n y tribunal<\/h3>\n<ul>\n<li><strong>Director de la tesis<\/strong>\n<ul>\n<li>Luis Morell Oca\u00f1a<\/li>\n<\/ul>\n<\/li>\n<li><strong>Tribunal<\/strong>\n<ul>\n<li>Presidente del tribunal: ferrer Rafael gomez <\/li>\n<li>Jos\u00e9 ram\u00f3n Parada v\u00e1zquez (vocal)<\/li>\n<li>ramon Martin mateo (vocal)<\/li>\n<li>eduardo Roca roca (vocal)<\/li>\n<\/ul>\n<\/li>\n<\/ul>\n<p>&nbsp;<\/p>\n","protected":false},"excerpt":{"rendered":"<p>Tesis doctoral de Jos\u00e9 Mar\u00eda Abad Liceras La tesis analiza el marco constitucional y legal en el que se desenvuelven [&hellip;]<\/p>\n","protected":false},"author":1,"featured_media":0,"comment_status":"open","ping_status":"open","sticky":false,"template":"","format":"standard","meta":{"site-sidebar-layout":"default","site-content-layout":"","ast-site-content-layout":"","site-content-style":"default","site-sidebar-style":"default","ast-global-header-display":"","ast-banner-title-visibility":"","ast-main-header-display":"","ast-hfb-above-header-display":"","ast-hfb-below-header-display":"","ast-hfb-mobile-header-display":"","site-post-title":"","ast-breadcrumbs-content":"","ast-featured-img":"","footer-sml-layout":"","theme-transparent-header-meta":"","adv-header-id-meta":"","stick-header-meta":"","header-above-stick-meta":"","header-main-stick-meta":"","header-below-stick-meta":"","astra-migrate-meta-layouts":"default","ast-page-background-enabled":"default","ast-page-background-meta":{"desktop":{"background-color":"var(--ast-global-color-4)","background-image":"","background-repeat":"repeat","background-position":"center center","background-size":"auto","background-attachment":"scroll","background-type":"","background-media":"","overlay-type":"","overlay-color":"","overlay-gradient":""},"tablet":{"background-color":"","background-image":"","background-repeat":"repeat","background-position":"center center","background-size":"auto","background-attachment":"scroll","background-type":"","background-media":"","overlay-type":"","overlay-color":"","overlay-gradient":""},"mobile":{"background-color":"","background-image":"","background-repeat":"repeat","background-position":"center center","background-size":"auto","background-attachment":"scroll","background-type":"","background-media":"","overlay-type":"","overlay-color":"","overlay-gradient":""}},"ast-content-background-meta":{"desktop":{"background-color":"var(--ast-global-color-5)","background-image":"","background-repeat":"repeat","background-position":"center center","background-size":"auto","background-attachment":"scroll","background-type":"","background-media":"","overlay-type":"","overlay-color":"","overlay-gradient":""},"tablet":{"background-color":"var(--ast-global-color-5)","background-image":"","background-repeat":"repeat","background-position":"center center","background-size":"auto","background-attachment":"scroll","background-type":"","background-media":"","overlay-type":"","overlay-color":"","overlay-gradient":""},"mobile":{"background-color":"var(--ast-global-color-5)","background-image":"","background-repeat":"repeat","background-position":"center center","background-size":"auto","background-attachment":"scroll","background-type":"","background-media":"","overlay-type":"","overlay-color":"","overlay-gradient":""}},"footnotes":""},"categories":[612,1442,979],"tags":[3454,187396,187395,1918,22286,18453],"class_list":["post-90268","post","type-post","status-publish","format-standard","hentry","category-ciencias-juridicas-y-derecho","category-derecho-administrativo","category-derecho-y-legislacion-nacionales","tag-eduardo-roca-roca","tag-ferrer-rafael-gomez","tag-jose-maria-abad-liceras","tag-jose-ramon-parada-vazquez","tag-luis-morell-ocana","tag-ramon-martin-mateo"],"_links":{"self":[{"href":"https:\/\/www.deberes.net\/tesis\/wp-json\/wp\/v2\/posts\/90268","targetHints":{"allow":["GET"]}}],"collection":[{"href":"https:\/\/www.deberes.net\/tesis\/wp-json\/wp\/v2\/posts"}],"about":[{"href":"https:\/\/www.deberes.net\/tesis\/wp-json\/wp\/v2\/types\/post"}],"author":[{"embeddable":true,"href":"https:\/\/www.deberes.net\/tesis\/wp-json\/wp\/v2\/users\/1"}],"replies":[{"embeddable":true,"href":"https:\/\/www.deberes.net\/tesis\/wp-json\/wp\/v2\/comments?post=90268"}],"version-history":[{"count":0,"href":"https:\/\/www.deberes.net\/tesis\/wp-json\/wp\/v2\/posts\/90268\/revisions"}],"wp:attachment":[{"href":"https:\/\/www.deberes.net\/tesis\/wp-json\/wp\/v2\/media?parent=90268"}],"wp:term":[{"taxonomy":"category","embeddable":true,"href":"https:\/\/www.deberes.net\/tesis\/wp-json\/wp\/v2\/categories?post=90268"},{"taxonomy":"post_tag","embeddable":true,"href":"https:\/\/www.deberes.net\/tesis\/wp-json\/wp\/v2\/tags?post=90268"}],"curies":[{"name":"wp","href":"https:\/\/api.w.org\/{rel}","templated":true}]}}