{"id":90280,"date":"2018-03-10T00:15:42","date_gmt":"2018-03-10T00:15:42","guid":{"rendered":"https:\/\/www.deberes.net\/tesis\/sin-categoria\/utilizacion-didactica-de-la-cartografa%c2%ada-tematica-ambiental-de-un-sector-del-norte-de-la-comunidad-de-madrid\/"},"modified":"2018-03-10T00:15:42","modified_gmt":"2018-03-10T00:15:42","slug":"utilizacion-didactica-de-la-cartografa%c2%ada-tematica-ambiental-de-un-sector-del-norte-de-la-comunidad-de-madrid","status":"publish","type":"post","link":"https:\/\/www.deberes.net\/tesis\/ciencias-de-la-tierra-y-del-espacio\/utilizacion-didactica-de-la-cartografa%c2%ada-tematica-ambiental-de-un-sector-del-norte-de-la-comunidad-de-madrid\/","title":{"rendered":"Utilizaci\u00f3n did\u00e1ctica de la cartograf\u00edatem\u00e1tica ambiental de un sector del norte de la comunidad de Madrid"},"content":{"rendered":"<h2>Tesis doctoral de <strong>  Corvea Porras Jos\u00e9 Luis <\/strong><\/h2>\n<p>En el presente trabajo, partiendo de una valoraci\u00f3n general de los aspectos m\u00e1s relevantes de la cartograf\u00eda se elabora un encuadre epistemol\u00f3gico particularizado en un contexto cient\u00edfico, hist\u00f3rico y metodol\u00f3gico. En \u00e9l se reconoce el estado actual de la cartograf\u00eda tem\u00e1tica ambiental en espa\u00f1a, evidenci\u00e1ndose dificultades principalmente de tipo organizativas y\/o log\u00edstica, que inciden en sus aplicaciones did\u00e1cticas.  con el an\u00e1lisis de estas cuestiones en un \u00e1rea de estudio, ubicada en un sector del norte de la comunidad de Madrid, seleccionada por su representatividad ge\u00f3tica y did\u00e1ctica, se caracterizan y representan esquem\u00e1ticamente los elementos que la distinguen en funci\u00f3n de contribuir a su conocimiento global.  se sintetiza y generaliza esta informaci\u00f3n en una serie de mapas a escala 1:100.000, a partir de los cuales se dise\u00f1a un modelo did\u00e1ctico para el uso te\u00f3rico-pr\u00e1ctico de la cartograf\u00eda tem\u00e1tica ambiental del territorio con dos alternativas aplicables, tanto en el desarrollo de actividades en el aula como en el campo: la confecci\u00f3n e interpretaci\u00f3n de perfiles ambientales integrados y la selecci\u00f3n de puntos de inter\u00e9s did\u00e1ctico.<\/p>\n<p>&nbsp;<\/p>\n<h3>Datos acad\u00e9micos de la tesis doctoral \u00ab<strong>Utilizaci\u00f3n did\u00e1ctica de la cartograf\u00edatem\u00e1tica ambiental de un sector del norte de la comunidad de Madrid<\/strong>\u00ab<\/h3>\n<ul>\n<li><strong>T\u00edtulo de la tesis:<\/strong>\u00a0 Utilizaci\u00f3n did\u00e1ctica de la cartograf\u00edatem\u00e1tica ambiental de un sector del norte de la comunidad de Madrid <\/li>\n<li><strong>Autor:<\/strong>\u00a0  Corvea Porras Jos\u00e9 Luis <\/li>\n<li><strong>Universidad:<\/strong>\u00a0 Alcal\u00e1<\/li>\n<li><strong>Fecha de lectura de la tesis:<\/strong>\u00a0 23\/05\/2001<\/li>\n<\/ul>\n<p>&nbsp;<\/p>\n<h3>Direcci\u00f3n y tribunal<\/h3>\n<ul>\n<li><strong>Director de la tesis<\/strong>\n<ul>\n<li>Irene De Bustamante Gutierrez<\/li>\n<\/ul>\n<\/li>\n<li><strong>Tribunal<\/strong>\n<ul>\n<li>Presidente del tribunal:  S\u00e1nchez jim\u00e9nez Jos\u00e9 Mar\u00eda <\/li>\n<li>Ana O\u00f1orbe (vocal)<\/li>\n<li>beatriz Macedo (vocal)<\/li>\n<li>beatriz Carenas (vocal)<\/li>\n<\/ul>\n<\/li>\n<\/ul>\n<p>&nbsp;<\/p>\n","protected":false},"excerpt":{"rendered":"<p>Tesis doctoral de Corvea Porras Jos\u00e9 Luis En el presente trabajo, partiendo de una valoraci\u00f3n general de los aspectos m\u00e1s [&hellip;]<\/p>\n","protected":false},"author":1,"featured_media":0,"comment_status":"open","ping_status":"open","sticky":false,"template":"","format":"standard","meta":{"site-sidebar-layout":"default","site-content-layout":"","ast-site-content-layout":"","site-content-style":"default","site-sidebar-style":"default","ast-global-header-display":"","ast-banner-title-visibility":"","ast-main-header-display":"","ast-hfb-above-header-display":"","ast-hfb-below-header-display":"","ast-hfb-mobile-header-display":"","site-post-title":"","ast-breadcrumbs-content":"","ast-featured-img":"","footer-sml-layout":"","theme-transparent-header-meta":"","adv-header-id-meta":"","stick-header-meta":"","header-above-stick-meta":"","header-main-stick-meta":"","header-below-stick-meta":"","astra-migrate-meta-layouts":"default","ast-page-background-enabled":"default","ast-page-background-meta":{"desktop":{"background-color":"var(--ast-global-color-4)","background-image":"","background-repeat":"repeat","background-position":"center center","background-size":"auto","background-attachment":"scroll","background-type":"","background-media":"","overlay-type":"","overlay-color":"","overlay-gradient":""},"tablet":{"background-color":"","background-image":"","background-repeat":"repeat","background-position":"center center","background-size":"auto","background-attachment":"scroll","background-type":"","background-media":"","overlay-type":"","overlay-color":"","overlay-gradient":""},"mobile":{"background-color":"","background-image":"","background-repeat":"repeat","background-position":"center center","background-size":"auto","background-attachment":"scroll","background-type":"","background-media":"","overlay-type":"","overlay-color":"","overlay-gradient":""}},"ast-content-background-meta":{"desktop":{"background-color":"var(--ast-global-color-5)","background-image":"","background-repeat":"repeat","background-position":"center center","background-size":"auto","background-attachment":"scroll","background-type":"","background-media":"","overlay-type":"","overlay-color":"","overlay-gradient":""},"tablet":{"background-color":"var(--ast-global-color-5)","background-image":"","background-repeat":"repeat","background-position":"center center","background-size":"auto","background-attachment":"scroll","background-type":"","background-media":"","overlay-type":"","overlay-color":"","overlay-gradient":""},"mobile":{"background-color":"var(--ast-global-color-5)","background-image":"","background-repeat":"repeat","background-position":"center center","background-size":"auto","background-attachment":"scroll","background-type":"","background-media":"","overlay-type":"","overlay-color":"","overlay-gradient":""}},"footnotes":""},"categories":[17426,17508,27,5742,953,3645,14948],"tags":[187418,187420,187419,187417,46850,168722],"class_list":["post-90280","post","type-post","status-publish","format-standard","hentry","category-alcala","category-cartografia-geografica","category-ciencias-de-la-tierra-y-del-espacio","category-ciencias-geograficas","category-geologia","category-geologia-ambiental","category-usos-del-suelo","tag-ana-onorbe","tag-beatriz-carenas","tag-beatriz-macedo","tag-corvea-porras-jose-luis","tag-irene-de-bustamante-gutierrez","tag-sanchez-jimenez-jose-maria"],"_links":{"self":[{"href":"https:\/\/www.deberes.net\/tesis\/wp-json\/wp\/v2\/posts\/90280","targetHints":{"allow":["GET"]}}],"collection":[{"href":"https:\/\/www.deberes.net\/tesis\/wp-json\/wp\/v2\/posts"}],"about":[{"href":"https:\/\/www.deberes.net\/tesis\/wp-json\/wp\/v2\/types\/post"}],"author":[{"embeddable":true,"href":"https:\/\/www.deberes.net\/tesis\/wp-json\/wp\/v2\/users\/1"}],"replies":[{"embeddable":true,"href":"https:\/\/www.deberes.net\/tesis\/wp-json\/wp\/v2\/comments?post=90280"}],"version-history":[{"count":0,"href":"https:\/\/www.deberes.net\/tesis\/wp-json\/wp\/v2\/posts\/90280\/revisions"}],"wp:attachment":[{"href":"https:\/\/www.deberes.net\/tesis\/wp-json\/wp\/v2\/media?parent=90280"}],"wp:term":[{"taxonomy":"category","embeddable":true,"href":"https:\/\/www.deberes.net\/tesis\/wp-json\/wp\/v2\/categories?post=90280"},{"taxonomy":"post_tag","embeddable":true,"href":"https:\/\/www.deberes.net\/tesis\/wp-json\/wp\/v2\/tags?post=90280"}],"curies":[{"name":"wp","href":"https:\/\/api.w.org\/{rel}","templated":true}]}}