{"id":90321,"date":"2018-03-10T00:15:42","date_gmt":"2018-03-10T00:15:42","guid":{"rendered":"https:\/\/www.deberes.net\/tesis\/sin-categoria\/el-rendimiento-en-una-lengua-extranjera-en-la-ensenanza-secundaria-un-modelo-causal\/"},"modified":"2018-03-10T00:15:42","modified_gmt":"2018-03-10T00:15:42","slug":"el-rendimiento-en-una-lengua-extranjera-en-la-ensenanza-secundaria-un-modelo-causal","status":"publish","type":"post","link":"https:\/\/www.deberes.net\/tesis\/linguistica\/el-rendimiento-en-una-lengua-extranjera-en-la-ensenanza-secundaria-un-modelo-causal\/","title":{"rendered":"El rendimiento en una lengua extranjera en la ense\u00f1anza secundaria: un modelo causal"},"content":{"rendered":"<h2>Tesis doctoral de <strong> Victor Manuel Roncel Vega <\/strong><\/h2>\n<p>Tras la revisi\u00f3n de la literatura espec\u00edfica en el campo de las lenguas extranjeras, se seleccionan aquellas variables con mayor poder explicativa del rendimiento en la ense\u00f1anza formal. Una vez elaborado un modelo te\u00f3rico, se seleccionan y\/o construyen los instrumentos de medici\u00f3n correspondientes a las variables que integran el modelo.  la muestra de estudio la forman 226 alumnos del \u00faltimo curso de ense\u00f1anza secundaria no obligatoria que estudian ingl\u00e9s en la provincia de sevilla. la estimaci\u00f3n y ajuste del modelo definitiva se lleva a cabo mediante el programa eqs.  entre las conclusiones m\u00e1s destacables se pone de manifiesto la importancia de las variables afectivas (autoconcepto, ansiedad, motivaci\u00f3n) en el rendimiento alcanzado al finalizar esta etapa educativa, las cuales llegan a explicar hasta un 50% de la varianza observada. Por otra parte, el modelo final ofrece un reflejo de la ense\u00f1anza y habilidades alcanzadas por los alumnos: baja integraci\u00f3n de la expresi\u00f3n y comprensi\u00f3n escritas y descuido de las habilidades orales, siendo la ense\u00f1anza gramatical el n\u00facleo central de los contenidos del aprendizaje.<\/p>\n<p>&nbsp;<\/p>\n<h3>Datos acad\u00e9micos de la tesis doctoral \u00ab<strong>El rendimiento en una lengua extranjera en la ense\u00f1anza secundaria: un modelo causal<\/strong>\u00ab<\/h3>\n<ul>\n<li><strong>T\u00edtulo de la tesis:<\/strong>\u00a0 El rendimiento en una lengua extranjera en la ense\u00f1anza secundaria: un modelo causal <\/li>\n<li><strong>Autor:<\/strong>\u00a0 Victor Manuel Roncel Vega <\/li>\n<li><strong>Universidad:<\/strong>\u00a0 Sevilla<\/li>\n<li><strong>Fecha de lectura de la tesis:<\/strong>\u00a0 25\/05\/2001<\/li>\n<\/ul>\n<p>&nbsp;<\/p>\n<h3>Direcci\u00f3n y tribunal<\/h3>\n<ul>\n<li><strong>Director de la tesis<\/strong>\n<ul>\n<li>Eduardo Garc\u00eda Jim\u00e9nez<\/li>\n<\/ul>\n<\/li>\n<li><strong>Tribunal<\/strong>\n<ul>\n<li>Presidente del tribunal: Victor Alvarez Rojo <\/li>\n<li>Feli Etxeberr\u00eda Sagastume (vocal)<\/li>\n<li>Moustapha Moubarik Moubarik (vocal)<\/li>\n<li>Jes\u00fas Arzamendi De Ibarra (vocal)<\/li>\n<\/ul>\n<\/li>\n<\/ul>\n<p>&nbsp;<\/p>\n","protected":false},"excerpt":{"rendered":"<p>Tesis doctoral de Victor Manuel Roncel Vega Tras la revisi\u00f3n de la literatura espec\u00edfica en el campo de las lenguas [&hellip;]<\/p>\n","protected":false},"author":1,"featured_media":0,"comment_status":"open","ping_status":"open","sticky":false,"template":"","format":"standard","meta":{"site-sidebar-layout":"default","site-content-layout":"","ast-site-content-layout":"","site-content-style":"default","site-sidebar-style":"default","ast-global-header-display":"","ast-banner-title-visibility":"","ast-main-header-display":"","ast-hfb-above-header-display":"","ast-hfb-below-header-display":"","ast-hfb-mobile-header-display":"","site-post-title":"","ast-breadcrumbs-content":"","ast-featured-img":"","footer-sml-layout":"","theme-transparent-header-meta":"","adv-header-id-meta":"","stick-header-meta":"","header-above-stick-meta":"","header-main-stick-meta":"","header-below-stick-meta":"","astra-migrate-meta-layouts":"default","ast-page-background-enabled":"default","ast-page-background-meta":{"desktop":{"background-color":"var(--ast-global-color-4)","background-image":"","background-repeat":"repeat","background-position":"center center","background-size":"auto","background-attachment":"scroll","background-type":"","background-media":"","overlay-type":"","overlay-color":"","overlay-gradient":""},"tablet":{"background-color":"","background-image":"","background-repeat":"repeat","background-position":"center center","background-size":"auto","background-attachment":"scroll","background-type":"","background-media":"","overlay-type":"","overlay-color":"","overlay-gradient":""},"mobile":{"background-color":"","background-image":"","background-repeat":"repeat","background-position":"center center","background-size":"auto","background-attachment":"scroll","background-type":"","background-media":"","overlay-type":"","overlay-color":"","overlay-gradient":""}},"ast-content-background-meta":{"desktop":{"background-color":"var(--ast-global-color-5)","background-image":"","background-repeat":"repeat","background-position":"center center","background-size":"auto","background-attachment":"scroll","background-type":"","background-media":"","overlay-type":"","overlay-color":"","overlay-gradient":""},"tablet":{"background-color":"var(--ast-global-color-5)","background-image":"","background-repeat":"repeat","background-position":"center center","background-size":"auto","background-attachment":"scroll","background-type":"","background-media":"","overlay-type":"","overlay-color":"","overlay-gradient":""},"mobile":{"background-color":"var(--ast-global-color-5)","background-image":"","background-repeat":"repeat","background-position":"center center","background-size":"auto","background-attachment":"scroll","background-type":"","background-media":"","overlay-type":"","overlay-color":"","overlay-gradient":""}},"footnotes":""},"categories":[1891,6020,59,60,1141,10715,1341],"tags":[17229,28023,187483,187482,10886,187481],"class_list":["post-90321","post","type-post","status-publish","format-standard","hentry","category-ensenanza-de-lenguas","category-evaluacion-de-alumnos","category-linguistica","category-linguistica-aplicada","category-pedagogia","category-sevilla","category-teoria-y-metodos-educativos","tag-eduardo-garcia-jimenez","tag-feli-etxeberria-sagastume","tag-jesus-arzamendi-de-ibarra","tag-moustapha-moubarik-moubarik","tag-victor-alvarez-rojo","tag-victor-manuel-roncel-vega"],"_links":{"self":[{"href":"https:\/\/www.deberes.net\/tesis\/wp-json\/wp\/v2\/posts\/90321","targetHints":{"allow":["GET"]}}],"collection":[{"href":"https:\/\/www.deberes.net\/tesis\/wp-json\/wp\/v2\/posts"}],"about":[{"href":"https:\/\/www.deberes.net\/tesis\/wp-json\/wp\/v2\/types\/post"}],"author":[{"embeddable":true,"href":"https:\/\/www.deberes.net\/tesis\/wp-json\/wp\/v2\/users\/1"}],"replies":[{"embeddable":true,"href":"https:\/\/www.deberes.net\/tesis\/wp-json\/wp\/v2\/comments?post=90321"}],"version-history":[{"count":0,"href":"https:\/\/www.deberes.net\/tesis\/wp-json\/wp\/v2\/posts\/90321\/revisions"}],"wp:attachment":[{"href":"https:\/\/www.deberes.net\/tesis\/wp-json\/wp\/v2\/media?parent=90321"}],"wp:term":[{"taxonomy":"category","embeddable":true,"href":"https:\/\/www.deberes.net\/tesis\/wp-json\/wp\/v2\/categories?post=90321"},{"taxonomy":"post_tag","embeddable":true,"href":"https:\/\/www.deberes.net\/tesis\/wp-json\/wp\/v2\/tags?post=90321"}],"curies":[{"name":"wp","href":"https:\/\/api.w.org\/{rel}","templated":true}]}}