{"id":90323,"date":"2018-03-10T00:15:42","date_gmt":"2018-03-10T00:15:42","guid":{"rendered":"https:\/\/www.deberes.net\/tesis\/sin-categoria\/estudio-y-caracterizacion-de-sitemas-fotocurados-para-aplicaciones-serigraficas\/"},"modified":"2018-03-10T00:15:42","modified_gmt":"2018-03-10T00:15:42","slug":"estudio-y-caracterizacion-de-sitemas-fotocurados-para-aplicaciones-serigraficas","status":"publish","type":"post","link":"https:\/\/www.deberes.net\/tesis\/quimica\/estudio-y-caracterizacion-de-sitemas-fotocurados-para-aplicaciones-serigraficas\/","title":{"rendered":"Estudio y caracterizaci\u00f3n de sitemas fotocurados para aplicaciones serigr\u00e1ficas"},"content":{"rendered":"<h2>Tesis doctoral de <strong> I\u00f1igo Jim\u00e9nez Elorza <\/strong><\/h2>\n<p>El objetivo de este trabajo ha sido el estudio de la fotopolimerizaci\u00f3n cati\u00f3nica de tres ep\u00f3xidos de diferente naturaleza. Un derivado de bisfenol a, un diglicidilo de polipropilenglicol y un diep\u00f3xido cicloalif\u00e1tico. como fotoiniciadores se han utilizado tres compuestos que proporcionan las especies \u00e1cidas necesarias para iniciar la fotopolimerizaci\u00f3n: dos sales de triarislsulfonio y una salferroc\u00e9nica. Se ha estudiado la fot\u00f3lisis de los fotoiniciadores mediante espectroscop\u00eda ultravioleta-visible (uv-v), y las cin\u00e9ticas de fotoplimerizaci\u00f3n de los distitos sistemas mediante espectroscop\u00eda infrarroja contransformada de fourier (ftir) y fotocalorimetr\u00eda diferencial de barrido (dpc). Se prentende relacionar los resultados obtenidos con la naturaleza de los ep\u00f3xidos, influencia del fotoiniciador y su concentraci\u00f3n, as\u00ed como obtener informaci\u00f3n a cerca de la temperatura \u00f3ptima de fotocurado.<\/p>\n<p>&nbsp;<\/p>\n<h3>Datos acad\u00e9micos de la tesis doctoral \u00ab<strong>Estudio y caracterizaci\u00f3n de sitemas fotocurados para aplicaciones serigr\u00e1ficas<\/strong>\u00ab<\/h3>\n<ul>\n<li><strong>T\u00edtulo de la tesis:<\/strong>\u00a0 Estudio y caracterizaci\u00f3n de sitemas fotocurados para aplicaciones serigr\u00e1ficas <\/li>\n<li><strong>Autor:<\/strong>\u00a0 I\u00f1igo Jim\u00e9nez Elorza <\/li>\n<li><strong>Universidad:<\/strong>\u00a0 Pa\u00eds vasco\/euskal herriko unibertsitatea<\/li>\n<li><strong>Fecha de lectura de la tesis:<\/strong>\u00a0 25\/05\/2001<\/li>\n<\/ul>\n<p>&nbsp;<\/p>\n<h3>Direcci\u00f3n y tribunal<\/h3>\n<ul>\n<li><strong>Director de la tesis<\/strong>\n<ul>\n<li>Issa Antonio Katime Amashta<\/li>\n<\/ul>\n<\/li>\n<li><strong>Tribunal<\/strong>\n<ul>\n<li>Presidente del tribunal: Francisco Garc\u00eda blanco <\/li>\n<li>Jos\u00e9 Mar\u00eda Teijon rivera (vocal)<\/li>\n<li>Jos\u00e9 V\u00e1zquez tato (vocal)<\/li>\n<li>Rafael Lozano fern\u00e1ndez (vocal)<\/li>\n<\/ul>\n<\/li>\n<\/ul>\n<p>&nbsp;<\/p>\n","protected":false},"excerpt":{"rendered":"<p>Tesis doctoral de I\u00f1igo Jim\u00e9nez Elorza El objetivo de este trabajo ha sido el estudio de la fotopolimerizaci\u00f3n cati\u00f3nica de [&hellip;]<\/p>\n","protected":false},"author":1,"featured_media":0,"comment_status":"open","ping_status":"open","sticky":false,"template":"","format":"standard","meta":{"site-sidebar-layout":"default","site-content-layout":"","ast-site-content-layout":"","site-content-style":"default","site-sidebar-style":"default","ast-global-header-display":"","ast-banner-title-visibility":"","ast-main-header-display":"","ast-hfb-above-header-display":"","ast-hfb-below-header-display":"","ast-hfb-mobile-header-display":"","site-post-title":"","ast-breadcrumbs-content":"","ast-featured-img":"","footer-sml-layout":"","theme-transparent-header-meta":"","adv-header-id-meta":"","stick-header-meta":"","header-above-stick-meta":"","header-main-stick-meta":"","header-below-stick-meta":"","astra-migrate-meta-layouts":"default","ast-page-background-enabled":"default","ast-page-background-meta":{"desktop":{"background-color":"var(--ast-global-color-4)","background-image":"","background-repeat":"repeat","background-position":"center center","background-size":"auto","background-attachment":"scroll","background-type":"","background-media":"","overlay-type":"","overlay-color":"","overlay-gradient":""},"tablet":{"background-color":"","background-image":"","background-repeat":"repeat","background-position":"center center","background-size":"auto","background-attachment":"scroll","background-type":"","background-media":"","overlay-type":"","overlay-color":"","overlay-gradient":""},"mobile":{"background-color":"","background-image":"","background-repeat":"repeat","background-position":"center center","background-size":"auto","background-attachment":"scroll","background-type":"","background-media":"","overlay-type":"","overlay-color":"","overlay-gradient":""}},"ast-content-background-meta":{"desktop":{"background-color":"var(--ast-global-color-5)","background-image":"","background-repeat":"repeat","background-position":"center center","background-size":"auto","background-attachment":"scroll","background-type":"","background-media":"","overlay-type":"","overlay-color":"","overlay-gradient":""},"tablet":{"background-color":"var(--ast-global-color-5)","background-image":"","background-repeat":"repeat","background-position":"center center","background-size":"auto","background-attachment":"scroll","background-type":"","background-media":"","overlay-type":"","overlay-color":"","overlay-gradient":""},"mobile":{"background-color":"var(--ast-global-color-5)","background-image":"","background-repeat":"repeat","background-position":"center center","background-size":"auto","background-attachment":"scroll","background-type":"","background-media":"","overlay-type":"","overlay-color":"","overlay-gradient":""}},"footnotes":""},"categories":[987,199,12909,13310,17,966],"tags":[6850,187488,2865,13528,2863,22756],"class_list":["post-90323","post","type-post","status-publish","format-standard","hentry","category-electromagnetismo","category-fisica","category-pais-vasco-euskal-herriko-unibertsitatea","category-polimeros-reticulares","category-quimica","category-quimica-macromolecular","tag-francisco-garcia-blanco","tag-inigo-jimenez-elorza","tag-issa-antonio-katime-amashta","tag-jose-maria-teijon-rivera","tag-jose-vazquez-tato","tag-rafael-lozano-fernandez"],"_links":{"self":[{"href":"https:\/\/www.deberes.net\/tesis\/wp-json\/wp\/v2\/posts\/90323","targetHints":{"allow":["GET"]}}],"collection":[{"href":"https:\/\/www.deberes.net\/tesis\/wp-json\/wp\/v2\/posts"}],"about":[{"href":"https:\/\/www.deberes.net\/tesis\/wp-json\/wp\/v2\/types\/post"}],"author":[{"embeddable":true,"href":"https:\/\/www.deberes.net\/tesis\/wp-json\/wp\/v2\/users\/1"}],"replies":[{"embeddable":true,"href":"https:\/\/www.deberes.net\/tesis\/wp-json\/wp\/v2\/comments?post=90323"}],"version-history":[{"count":0,"href":"https:\/\/www.deberes.net\/tesis\/wp-json\/wp\/v2\/posts\/90323\/revisions"}],"wp:attachment":[{"href":"https:\/\/www.deberes.net\/tesis\/wp-json\/wp\/v2\/media?parent=90323"}],"wp:term":[{"taxonomy":"category","embeddable":true,"href":"https:\/\/www.deberes.net\/tesis\/wp-json\/wp\/v2\/categories?post=90323"},{"taxonomy":"post_tag","embeddable":true,"href":"https:\/\/www.deberes.net\/tesis\/wp-json\/wp\/v2\/tags?post=90323"}],"curies":[{"name":"wp","href":"https:\/\/api.w.org\/{rel}","templated":true}]}}