{"id":90342,"date":"2018-03-10T00:15:46","date_gmt":"2018-03-10T00:15:46","guid":{"rendered":"https:\/\/www.deberes.net\/tesis\/sin-categoria\/la-distribucion-personal-de-la-renta-en-un-contexto-de-equilibrio-general\/"},"modified":"2018-03-10T00:15:46","modified_gmt":"2018-03-10T00:15:46","slug":"la-distribucion-personal-de-la-renta-en-un-contexto-de-equilibrio-general","status":"publish","type":"post","link":"https:\/\/www.deberes.net\/tesis\/ciencias-economicas\/la-distribucion-personal-de-la-renta-en-un-contexto-de-equilibrio-general\/","title":{"rendered":"La distribucion personal de la renta en un contexto de equilibrio general."},"content":{"rendered":"<h2>Tesis doctoral de <strong>  Rodero Cosano Francisco Javier <\/strong><\/h2>\n<p>Este trabajo pretende estudiar la relacion que se establece entre la eficiencia economica dinamica y la desigualdad en las variables economicas. Concretamente, se parte del supuesto de la existencia de una relaci\u00f3n no cuadratica entre la desigualdad en la distribucion de la renta y el nivel de desarrrollo economico. Ademas, se postula que el elemento determinante para la configuracion de dicha relacion es el entorno institucional existente en la economia. el mismo sera el resultado de la interaccion entre los agentes economicos cuando la informacion de la economia no es perfecta.  con este fin, se estudian de forma sistematica las aportaciones que hacen referencia a la desigualdad economica, centrandonos en los modelos de crecimiento economico con imperfecciones en los mercados de capitales. En este sentido, se elabora un modelo en que las intituciones financieras son endogenas.<\/p>\n<p>&nbsp;<\/p>\n<h3>Datos acad\u00e9micos de la tesis doctoral \u00ab<strong>La distribucion personal de la renta en un contexto de equilibrio general.<\/strong>\u00ab<\/h3>\n<ul>\n<li><strong>T\u00edtulo de la tesis:<\/strong>\u00a0 La distribucion personal de la renta en un contexto de equilibrio general. <\/li>\n<li><strong>Autor:<\/strong>\u00a0  Rodero Cosano Francisco Javier <\/li>\n<li><strong>Universidad:<\/strong>\u00a0 Ja\u00e9n<\/li>\n<li><strong>Fecha de lectura de la tesis:<\/strong>\u00a0 25\/05\/2001<\/li>\n<\/ul>\n<p>&nbsp;<\/p>\n<h3>Direcci\u00f3n y tribunal<\/h3>\n<ul>\n<li><strong>Director de la tesis<\/strong>\n<ul>\n<li> Caba\u00f1es Argudo Mar\u00eda  Lucia<\/li>\n<\/ul>\n<\/li>\n<li><strong>Tribunal<\/strong>\n<ul>\n<li>Presidente del tribunal: alejandro Lorca corrons <\/li>\n<li>Jos\u00e9 Antonio Garc\u00eda dur\u00e1n de lara (vocal)<\/li>\n<li> Raga gil Jorge  tomas (vocal)<\/li>\n<li>Jos\u00e9 Serrano perez (vocal)<\/li>\n<\/ul>\n<\/li>\n<\/ul>\n<p>&nbsp;<\/p>\n","protected":false},"excerpt":{"rendered":"<p>Tesis doctoral de Rodero Cosano Francisco Javier Este trabajo pretende estudiar la relacion que se establece entre la eficiencia economica [&hellip;]<\/p>\n","protected":false},"author":1,"featured_media":0,"comment_status":"open","ping_status":"open","sticky":false,"template":"","format":"standard","meta":{"site-sidebar-layout":"default","site-content-layout":"","ast-site-content-layout":"","site-content-style":"default","site-sidebar-style":"default","ast-global-header-display":"","ast-banner-title-visibility":"","ast-main-header-display":"","ast-hfb-above-header-display":"","ast-hfb-below-header-display":"","ast-hfb-mobile-header-display":"","site-post-title":"","ast-breadcrumbs-content":"","ast-featured-img":"","footer-sml-layout":"","theme-transparent-header-meta":"","adv-header-id-meta":"","stick-header-meta":"","header-above-stick-meta":"","header-main-stick-meta":"","header-below-stick-meta":"","astra-migrate-meta-layouts":"default","ast-page-background-enabled":"default","ast-page-background-meta":{"desktop":{"background-color":"var(--ast-global-color-4)","background-image":"","background-repeat":"repeat","background-position":"center center","background-size":"auto","background-attachment":"scroll","background-type":"","background-media":"","overlay-type":"","overlay-color":"","overlay-gradient":""},"tablet":{"background-color":"","background-image":"","background-repeat":"repeat","background-position":"center center","background-size":"auto","background-attachment":"scroll","background-type":"","background-media":"","overlay-type":"","overlay-color":"","overlay-gradient":""},"mobile":{"background-color":"","background-image":"","background-repeat":"repeat","background-position":"center center","background-size":"auto","background-attachment":"scroll","background-type":"","background-media":"","overlay-type":"","overlay-color":"","overlay-gradient":""}},"ast-content-background-meta":{"desktop":{"background-color":"var(--ast-global-color-5)","background-image":"","background-repeat":"repeat","background-position":"center center","background-size":"auto","background-attachment":"scroll","background-type":"","background-media":"","overlay-type":"","overlay-color":"","overlay-gradient":""},"tablet":{"background-color":"var(--ast-global-color-5)","background-image":"","background-repeat":"repeat","background-position":"center center","background-size":"auto","background-attachment":"scroll","background-type":"","background-media":"","overlay-type":"","overlay-color":"","overlay-gradient":""},"mobile":{"background-color":"var(--ast-global-color-5)","background-image":"","background-repeat":"repeat","background-position":"center center","background-size":"auto","background-attachment":"scroll","background-type":"","background-media":"","overlay-type":"","overlay-color":"","overlay-gradient":""}},"footnotes":""},"categories":[82,3132,8646,17875,17874,3131,18923,1443,890,737],"tags":[15272,100736,12680,41872,187514,187513],"class_list":["post-90342","post","type-post","status-publish","format-standard","hentry","category-ciencias-economicas","category-economia-general","category-etica","category-etica-de-grupo","category-etica-economica","category-historia-del-pensamiento-economico","category-jaen","category-teoria-del-bienestar","category-teoria-del-crecimiento-economico","category-teoria-economica","tag-alejandro-lorca-corrons","tag-cabanes-argudo-maria-lucia","tag-jose-antonio-garcia-duran-de-lara","tag-jose-serrano-perez","tag-raga-gil-jorge-tomas","tag-rodero-cosano-francisco-javier"],"_links":{"self":[{"href":"https:\/\/www.deberes.net\/tesis\/wp-json\/wp\/v2\/posts\/90342","targetHints":{"allow":["GET"]}}],"collection":[{"href":"https:\/\/www.deberes.net\/tesis\/wp-json\/wp\/v2\/posts"}],"about":[{"href":"https:\/\/www.deberes.net\/tesis\/wp-json\/wp\/v2\/types\/post"}],"author":[{"embeddable":true,"href":"https:\/\/www.deberes.net\/tesis\/wp-json\/wp\/v2\/users\/1"}],"replies":[{"embeddable":true,"href":"https:\/\/www.deberes.net\/tesis\/wp-json\/wp\/v2\/comments?post=90342"}],"version-history":[{"count":0,"href":"https:\/\/www.deberes.net\/tesis\/wp-json\/wp\/v2\/posts\/90342\/revisions"}],"wp:attachment":[{"href":"https:\/\/www.deberes.net\/tesis\/wp-json\/wp\/v2\/media?parent=90342"}],"wp:term":[{"taxonomy":"category","embeddable":true,"href":"https:\/\/www.deberes.net\/tesis\/wp-json\/wp\/v2\/categories?post=90342"},{"taxonomy":"post_tag","embeddable":true,"href":"https:\/\/www.deberes.net\/tesis\/wp-json\/wp\/v2\/tags?post=90342"}],"curies":[{"name":"wp","href":"https:\/\/api.w.org\/{rel}","templated":true}]}}