{"id":90390,"date":"2018-03-10T00:15:51","date_gmt":"2018-03-10T00:15:51","guid":{"rendered":"https:\/\/www.deberes.net\/tesis\/sin-categoria\/modelos-dinamicos-de-las-tecnologias-de-integracion\/"},"modified":"2018-03-10T00:15:51","modified_gmt":"2018-03-10T00:15:51","slug":"modelos-dinamicos-de-las-tecnologias-de-integracion","status":"publish","type":"post","link":"https:\/\/www.deberes.net\/tesis\/ciencias-economicas\/modelos-dinamicos-de-las-tecnologias-de-integracion\/","title":{"rendered":"Modelos dinamicos de las tecnolog\u00edas de integracion"},"content":{"rendered":"<h2>Tesis doctoral de <strong> Luis Martin Jimenez <\/strong><\/h2>\n<p>Partiendo de una experiencia real surgida en la implantacion de un proyecto informatico en una empresa industrial. Se define el concepto de tecnolog\u00edas de integracion, se define el concepto de tecnolog\u00edas de integracion, como idea unificadora de tecnolog\u00edas, red y personas.  posteriormente se estructura su transmision, de un modo comporarle a un sistema a lo fisico, estudiado por medio de sistemas dinamicos de ecuaciones diferenciales no lineales se establecen distintos modelos, efectuando el estudio de sus soluciones mediante tecnicas cuantitativas y cualitativas explicando los resultados de los modelos versus lo acontecido en la implantacion del proyecto informatico.<\/p>\n<p>&nbsp;<\/p>\n<h3>Datos acad\u00e9micos de la tesis doctoral \u00ab<strong>Modelos dinamicos de las tecnolog\u00edas de integracion<\/strong>\u00ab<\/h3>\n<ul>\n<li><strong>T\u00edtulo de la tesis:<\/strong>\u00a0 Modelos dinamicos de las tecnolog\u00edas de integracion <\/li>\n<li><strong>Autor:<\/strong>\u00a0 Luis Martin Jimenez <\/li>\n<li><strong>Universidad:<\/strong>\u00a0 Castilla-la mancha<\/li>\n<li><strong>Fecha de lectura de la tesis:<\/strong>\u00a0 29\/05\/2001<\/li>\n<\/ul>\n<p>&nbsp;<\/p>\n<h3>Direcci\u00f3n y tribunal<\/h3>\n<ul>\n<li><strong>Director de la tesis<\/strong>\n<ul>\n<li>Purificacion Hervas Burgos<\/li>\n<\/ul>\n<\/li>\n<li><strong>Tribunal<\/strong>\n<ul>\n<li>Presidente del tribunal: salvador Larios Martinez <\/li>\n<li>carmen Garcia aguado (vocal)<\/li>\n<li>Carlos Moreno (vocal)<\/li>\n<li>Juan Nave pineda (vocal)<\/li>\n<\/ul>\n<\/li>\n<\/ul>\n<p>&nbsp;<\/p>\n","protected":false},"excerpt":{"rendered":"<p>Tesis doctoral de Luis Martin Jimenez Partiendo de una experiencia real surgida en la implantacion de un proyecto informatico en [&hellip;]<\/p>\n","protected":false},"author":1,"featured_media":0,"comment_status":"open","ping_status":"open","sticky":false,"template":"","format":"standard","meta":{"site-sidebar-layout":"default","site-content-layout":"","ast-site-content-layout":"","site-content-style":"default","site-sidebar-style":"default","ast-global-header-display":"","ast-banner-title-visibility":"","ast-main-header-display":"","ast-hfb-above-header-display":"","ast-hfb-below-header-display":"","ast-hfb-mobile-header-display":"","site-post-title":"","ast-breadcrumbs-content":"","ast-featured-img":"","footer-sml-layout":"","theme-transparent-header-meta":"","adv-header-id-meta":"","stick-header-meta":"","header-above-stick-meta":"","header-main-stick-meta":"","header-below-stick-meta":"","astra-migrate-meta-layouts":"default","ast-page-background-enabled":"default","ast-page-background-meta":{"desktop":{"background-color":"var(--ast-global-color-4)","background-image":"","background-repeat":"repeat","background-position":"center center","background-size":"auto","background-attachment":"scroll","background-type":"","background-media":"","overlay-type":"","overlay-color":"","overlay-gradient":""},"tablet":{"background-color":"","background-image":"","background-repeat":"repeat","background-position":"center center","background-size":"auto","background-attachment":"scroll","background-type":"","background-media":"","overlay-type":"","overlay-color":"","overlay-gradient":""},"mobile":{"background-color":"","background-image":"","background-repeat":"repeat","background-position":"center center","background-size":"auto","background-attachment":"scroll","background-type":"","background-media":"","overlay-type":"","overlay-color":"","overlay-gradient":""}},"ast-content-background-meta":{"desktop":{"background-color":"var(--ast-global-color-5)","background-image":"","background-repeat":"repeat","background-position":"center center","background-size":"auto","background-attachment":"scroll","background-type":"","background-media":"","overlay-type":"","overlay-color":"","overlay-gradient":""},"tablet":{"background-color":"var(--ast-global-color-5)","background-image":"","background-repeat":"repeat","background-position":"center center","background-size":"auto","background-attachment":"scroll","background-type":"","background-media":"","overlay-type":"","overlay-color":"","overlay-gradient":""},"mobile":{"background-color":"var(--ast-global-color-5)","background-image":"","background-repeat":"repeat","background-position":"center center","background-size":"auto","background-attachment":"scroll","background-type":"","background-media":"","overlay-type":"","overlay-color":"","overlay-gradient":""}},"footnotes":""},"categories":[18451,82,1301,13381,2825,1302],"tags":[187600,187599,103880,187597,42328,187598],"class_list":["post-90390","post","type-post","status-publish","format-standard","hentry","category-castilla-la-mancha","category-ciencias-economicas","category-estudios-industriales","category-integracion-economica","category-organizacion-industrial-y-sector-publico","category-organizacion-y-gestion-de-empresas","tag-carlos-moreno","tag-carmen-garcia-aguado","tag-juan-nave-pineda","tag-luis-martin-jimenez","tag-purificacion-hervas-burgos","tag-salvador-larios-Martinez"],"_links":{"self":[{"href":"https:\/\/www.deberes.net\/tesis\/wp-json\/wp\/v2\/posts\/90390","targetHints":{"allow":["GET"]}}],"collection":[{"href":"https:\/\/www.deberes.net\/tesis\/wp-json\/wp\/v2\/posts"}],"about":[{"href":"https:\/\/www.deberes.net\/tesis\/wp-json\/wp\/v2\/types\/post"}],"author":[{"embeddable":true,"href":"https:\/\/www.deberes.net\/tesis\/wp-json\/wp\/v2\/users\/1"}],"replies":[{"embeddable":true,"href":"https:\/\/www.deberes.net\/tesis\/wp-json\/wp\/v2\/comments?post=90390"}],"version-history":[{"count":0,"href":"https:\/\/www.deberes.net\/tesis\/wp-json\/wp\/v2\/posts\/90390\/revisions"}],"wp:attachment":[{"href":"https:\/\/www.deberes.net\/tesis\/wp-json\/wp\/v2\/media?parent=90390"}],"wp:term":[{"taxonomy":"category","embeddable":true,"href":"https:\/\/www.deberes.net\/tesis\/wp-json\/wp\/v2\/categories?post=90390"},{"taxonomy":"post_tag","embeddable":true,"href":"https:\/\/www.deberes.net\/tesis\/wp-json\/wp\/v2\/tags?post=90390"}],"curies":[{"name":"wp","href":"https:\/\/api.w.org\/{rel}","templated":true}]}}