{"id":90398,"date":"2018-03-10T00:15:51","date_gmt":"2018-03-10T00:15:51","guid":{"rendered":"https:\/\/www.deberes.net\/tesis\/sin-categoria\/el-espanol-peninsular-y-americano-de-la-region-andina-en-los-atlas-linguisticos\/"},"modified":"2018-03-10T00:15:51","modified_gmt":"2018-03-10T00:15:51","slug":"el-espanol-peninsular-y-americano-de-la-region-andina-en-los-atlas-linguisticos","status":"publish","type":"post","link":"https:\/\/www.deberes.net\/tesis\/linguistica\/el-espanol-peninsular-y-americano-de-la-region-andina-en-los-atlas-linguisticos\/","title":{"rendered":"\u00abel espa\u00f1ol peninsular y americano de la region andina en los atlas linguisticos\u00bb"},"content":{"rendered":"<h2>Tesis doctoral de <strong> Gladys Aballay Meglioli <\/strong><\/h2>\n<p>El espa\u00f1ol de espa\u00f1a y el espa\u00f1ol de america constituye un unico sistema que se manifiesta en multitud de variedades. De ah\u00ed que los testimonios de un hispanohablante esten llenos de matices, que son factibles de explicarlos aceptando el rasgo de todas las hablas occidentales de espa\u00f1a, el que esta unido a otros del mismo origen que un dia migraron a america. De esta forma por medio de los atlas linguisticos regionales de espa\u00f1a(alea,aleican, aleanr,ales, alecman) y de america (alec, alesuch), analizare diversaszonas dialectales que han sido objeto de estudios parciales. Pues desde un punto de vista lexico realizare un estudio comparativo del espa\u00f1ol de espa\u00f1a y del espa\u00f1ol de america, limitado este ultimo a la region andina, ya que presenta un equilibrio  heterogeneo en cuanto a puntos de variaciones linguisticas. las mismas responden a factores sociales, relacionados directamente con niveles culturales, y sobre todo a etnias distintas unidas ya en la epoca de la conquista por medio de una lengua, el espa\u00f1ol. Por lo tanto precisare las preferencias idiomaticas de hablantes de andalucia, canarias, navarra, aragon, rioja, cantabria, castilla y leon, regiones todas de la peninsula iberica, mientras que en america destacare la presencia de colombia y del sur de chile por se los paises del cordon andino que cuentan con la publicacion de atlas linguisticos y etnograficos.<\/p>\n<p>&nbsp;<\/p>\n<h3>Datos acad\u00e9micos de la tesis doctoral \u00ab<strong>\u00abel espa\u00f1ol peninsular y americano de la region andina en los atlas linguisticos\u00bb<\/strong>\u00ab<\/h3>\n<ul>\n<li><strong>T\u00edtulo de la tesis:<\/strong>\u00a0 \u00abel espa\u00f1ol peninsular y americano de la region andina en los atlas linguisticos\u00bb <\/li>\n<li><strong>Autor:<\/strong>\u00a0 Gladys Aballay Meglioli <\/li>\n<li><strong>Universidad:<\/strong>\u00a0 Complutense de Madrid<\/li>\n<li><strong>Fecha de lectura de la tesis:<\/strong>\u00a0 30\/05\/2001<\/li>\n<\/ul>\n<p>&nbsp;<\/p>\n<h3>Direcci\u00f3n y tribunal<\/h3>\n<ul>\n<li><strong>Director de la tesis<\/strong>\n<ul>\n<li>Manuel Alvar Lopez<\/li>\n<\/ul>\n<\/li>\n<li><strong>Tribunal<\/strong>\n<ul>\n<li>Presidente del tribunal: Jos\u00e9 Jes\u00fas Bustos tovar <\/li>\n<li>Jos\u00e9 Antonio Samper padilla (vocal)<\/li>\n<li>M\u00aa. angeles \u00e1lvarez mart\u00ednez (vocal)<\/li>\n<li>clara Hernandez cabrera (vocal)<\/li>\n<\/ul>\n<\/li>\n<\/ul>\n<p>&nbsp;<\/p>\n","protected":false},"excerpt":{"rendered":"<p>Tesis doctoral de Gladys Aballay Meglioli El espa\u00f1ol de espa\u00f1a y el espa\u00f1ol de america constituye un unico sistema que [&hellip;]<\/p>\n","protected":false},"author":1,"featured_media":0,"comment_status":"open","ping_status":"open","sticky":false,"template":"","format":"standard","meta":{"site-sidebar-layout":"default","site-content-layout":"","ast-site-content-layout":"","site-content-style":"default","site-sidebar-style":"default","ast-global-header-display":"","ast-banner-title-visibility":"","ast-main-header-display":"","ast-hfb-above-header-display":"","ast-hfb-below-header-display":"","ast-hfb-mobile-header-display":"","site-post-title":"","ast-breadcrumbs-content":"","ast-featured-img":"","footer-sml-layout":"","theme-transparent-header-meta":"","adv-header-id-meta":"","stick-header-meta":"","header-above-stick-meta":"","header-main-stick-meta":"","header-below-stick-meta":"","astra-migrate-meta-layouts":"default","ast-page-background-enabled":"default","ast-page-background-meta":{"desktop":{"background-color":"var(--ast-global-color-4)","background-image":"","background-repeat":"repeat","background-position":"center center","background-size":"auto","background-attachment":"scroll","background-type":"","background-media":"","overlay-type":"","overlay-color":"","overlay-gradient":""},"tablet":{"background-color":"","background-image":"","background-repeat":"repeat","background-position":"center center","background-size":"auto","background-attachment":"scroll","background-type":"","background-media":"","overlay-type":"","overlay-color":"","overlay-gradient":""},"mobile":{"background-color":"","background-image":"","background-repeat":"repeat","background-position":"center center","background-size":"auto","background-attachment":"scroll","background-type":"","background-media":"","overlay-type":"","overlay-color":"","overlay-gradient":""}},"ast-content-background-meta":{"desktop":{"background-color":"var(--ast-global-color-5)","background-image":"","background-repeat":"repeat","background-position":"center center","background-size":"auto","background-attachment":"scroll","background-type":"","background-media":"","overlay-type":"","overlay-color":"","overlay-gradient":""},"tablet":{"background-color":"var(--ast-global-color-5)","background-image":"","background-repeat":"repeat","background-position":"center center","background-size":"auto","background-attachment":"scroll","background-type":"","background-media":"","overlay-type":"","overlay-color":"","overlay-gradient":""},"mobile":{"background-color":"var(--ast-global-color-5)","background-image":"","background-repeat":"repeat","background-position":"center center","background-size":"auto","background-attachment":"scroll","background-type":"","background-media":"","overlay-type":"","overlay-color":"","overlay-gradient":""}},"footnotes":""},"categories":[59,4139,62],"tags":[187609,187608,26104,56772,793,8959],"class_list":["post-90398","post","type-post","status-publish","format-standard","hentry","category-linguistica","category-linguistica-comparada","category-linguistica-sincronica","tag-clara-hernandez-cabrera","tag-gladys-aballay-meglioli","tag-jose-antonio-samper-padilla","tag-jose-jesus-bustos-tovar","tag-manuel-alvar-lopez","tag-ma-angeles-alvarez-Martinez"],"_links":{"self":[{"href":"https:\/\/www.deberes.net\/tesis\/wp-json\/wp\/v2\/posts\/90398","targetHints":{"allow":["GET"]}}],"collection":[{"href":"https:\/\/www.deberes.net\/tesis\/wp-json\/wp\/v2\/posts"}],"about":[{"href":"https:\/\/www.deberes.net\/tesis\/wp-json\/wp\/v2\/types\/post"}],"author":[{"embeddable":true,"href":"https:\/\/www.deberes.net\/tesis\/wp-json\/wp\/v2\/users\/1"}],"replies":[{"embeddable":true,"href":"https:\/\/www.deberes.net\/tesis\/wp-json\/wp\/v2\/comments?post=90398"}],"version-history":[{"count":0,"href":"https:\/\/www.deberes.net\/tesis\/wp-json\/wp\/v2\/posts\/90398\/revisions"}],"wp:attachment":[{"href":"https:\/\/www.deberes.net\/tesis\/wp-json\/wp\/v2\/media?parent=90398"}],"wp:term":[{"taxonomy":"category","embeddable":true,"href":"https:\/\/www.deberes.net\/tesis\/wp-json\/wp\/v2\/categories?post=90398"},{"taxonomy":"post_tag","embeddable":true,"href":"https:\/\/www.deberes.net\/tesis\/wp-json\/wp\/v2\/tags?post=90398"}],"curies":[{"name":"wp","href":"https:\/\/api.w.org\/{rel}","templated":true}]}}