{"id":90409,"date":"2018-03-10T00:15:51","date_gmt":"2018-03-10T00:15:51","guid":{"rendered":"https:\/\/www.deberes.net\/tesis\/sin-categoria\/regimen-jura%c2%addico-administrativo-de-la-calidad-industrial\/"},"modified":"2018-03-10T00:15:51","modified_gmt":"2018-03-10T00:15:51","slug":"regimen-jura%c2%addico-administrativo-de-la-calidad-industrial","status":"publish","type":"post","link":"https:\/\/www.deberes.net\/tesis\/ciencias-juridicas-y-derecho\/regimen-jura%c2%addico-administrativo-de-la-calidad-industrial\/","title":{"rendered":"R\u00e9gimen jur\u00eddico-administrativo de la calidad industrial"},"content":{"rendered":"<h2>Tesis doctoral de <strong> Sonia Rodr\u00edguez-campos Gonz\u00e1lez <\/strong><\/h2>\n<p>La tesis es un estudio desde la perspectiva del derecho administrativo y con la metodolog\u00eda propia de las ciencias jur\u00eddicas del r\u00e9gmien jur\u00eddico de la calidad industrial la autora analiza en primer lugar la importancia actual de la calidad como factor fundamental de competitividad en el mercado y define el objeto de la tesis, que son las actividades de normalizaci\u00f3n, certificaci\u00f3n y acreditaci\u00f3n de las entidades certificadoras. En segundo lugar, construye los fundamentos constitucionales, tanto materiales como los relativos a la distribuci\u00f3n de competencias en la materia, y comunitarios de la inervenci\u00f3n administrativa es este \u00e1mbito.  finalmente, aborda la descripci\u00f3n del r\u00e9gimen jur\u00eddico-positivo de las entidades de normalizaci\u00f3n, dertificaci\u00f3n y acreditaci\u00f3n en espa\u00f1a, llegando a la conclusi\u00f3n de que se trata de actividades privadas al inter\u00e9s p\u00fablico reglamentadas, por constituir un supuesto de ejercicio privado de funciones p\u00fablicas.<\/p>\n<p>&nbsp;<\/p>\n<h3>Datos acad\u00e9micos de la tesis doctoral \u00ab<strong>R\u00e9gimen jur\u00eddico-administrativo de la calidad industrial<\/strong>\u00ab<\/h3>\n<ul>\n<li><strong>T\u00edtulo de la tesis:<\/strong>\u00a0 R\u00e9gimen jur\u00eddico-administrativo de la calidad industrial <\/li>\n<li><strong>Autor:<\/strong>\u00a0 Sonia Rodr\u00edguez-campos Gonz\u00e1lez <\/li>\n<li><strong>Universidad:<\/strong>\u00a0 Vigo<\/li>\n<li><strong>Fecha de lectura de la tesis:<\/strong>\u00a0 30\/05\/2001<\/li>\n<\/ul>\n<p>&nbsp;<\/p>\n<h3>Direcci\u00f3n y tribunal<\/h3>\n<ul>\n<li><strong>Director de la tesis<\/strong>\n<ul>\n<li>Pablo Men\u00e9ndez Garc\u00eda<\/li>\n<\/ul>\n<\/li>\n<li><strong>Tribunal<\/strong>\n<ul>\n<li>Presidente del tribunal: Jos\u00e9 ram\u00f3n Parada v\u00e1zquez <\/li>\n<li>Juan  Mar\u00eda Peman gavin (vocal)<\/li>\n<li>germ\u00e1n Fern\u00e1ndez farreres (vocal)<\/li>\n<li>Jes\u00fas Gonz\u00e1lez salinas (vocal)<\/li>\n<\/ul>\n<\/li>\n<\/ul>\n<p>&nbsp;<\/p>\n","protected":false},"excerpt":{"rendered":"<p>Tesis doctoral de Sonia Rodr\u00edguez-campos Gonz\u00e1lez La tesis es un estudio desde la perspectiva del derecho administrativo y con la [&hellip;]<\/p>\n","protected":false},"author":1,"featured_media":0,"comment_status":"open","ping_status":"open","sticky":false,"template":"","format":"standard","meta":{"site-sidebar-layout":"default","site-content-layout":"","ast-site-content-layout":"","site-content-style":"default","site-sidebar-style":"default","ast-global-header-display":"","ast-banner-title-visibility":"","ast-main-header-display":"","ast-hfb-above-header-display":"","ast-hfb-below-header-display":"","ast-hfb-mobile-header-display":"","site-post-title":"","ast-breadcrumbs-content":"","ast-featured-img":"","footer-sml-layout":"","theme-transparent-header-meta":"","adv-header-id-meta":"","stick-header-meta":"","header-above-stick-meta":"","header-main-stick-meta":"","header-below-stick-meta":"","astra-migrate-meta-layouts":"default","ast-page-background-enabled":"default","ast-page-background-meta":{"desktop":{"background-color":"var(--ast-global-color-4)","background-image":"","background-repeat":"repeat","background-position":"center center","background-size":"auto","background-attachment":"scroll","background-type":"","background-media":"","overlay-type":"","overlay-color":"","overlay-gradient":""},"tablet":{"background-color":"","background-image":"","background-repeat":"repeat","background-position":"center center","background-size":"auto","background-attachment":"scroll","background-type":"","background-media":"","overlay-type":"","overlay-color":"","overlay-gradient":""},"mobile":{"background-color":"","background-image":"","background-repeat":"repeat","background-position":"center center","background-size":"auto","background-attachment":"scroll","background-type":"","background-media":"","overlay-type":"","overlay-color":"","overlay-gradient":""}},"ast-content-background-meta":{"desktop":{"background-color":"var(--ast-global-color-5)","background-image":"","background-repeat":"repeat","background-position":"center center","background-size":"auto","background-attachment":"scroll","background-type":"","background-media":"","overlay-type":"","overlay-color":"","overlay-gradient":""},"tablet":{"background-color":"var(--ast-global-color-5)","background-image":"","background-repeat":"repeat","background-position":"center center","background-size":"auto","background-attachment":"scroll","background-type":"","background-media":"","overlay-type":"","overlay-color":"","overlay-gradient":""},"mobile":{"background-color":"var(--ast-global-color-5)","background-image":"","background-repeat":"repeat","background-position":"center center","background-size":"auto","background-attachment":"scroll","background-type":"","background-media":"","overlay-type":"","overlay-color":"","overlay-gradient":""}},"footnotes":""},"categories":[612,1442,979,18657],"tags":[6453,22449,1918,53357,63300,187627],"class_list":["post-90409","post","type-post","status-publish","format-standard","hentry","category-ciencias-juridicas-y-derecho","category-derecho-administrativo","category-derecho-y-legislacion-nacionales","category-vigo","tag-german-fernandez-farreres","tag-jesus-gonzalez-salinas","tag-jose-ramon-parada-vazquez","tag-juan-maria-peman-gavin","tag-pablo-menendez-garcia","tag-sonia-rodriguez-campos-gonzalez"],"_links":{"self":[{"href":"https:\/\/www.deberes.net\/tesis\/wp-json\/wp\/v2\/posts\/90409","targetHints":{"allow":["GET"]}}],"collection":[{"href":"https:\/\/www.deberes.net\/tesis\/wp-json\/wp\/v2\/posts"}],"about":[{"href":"https:\/\/www.deberes.net\/tesis\/wp-json\/wp\/v2\/types\/post"}],"author":[{"embeddable":true,"href":"https:\/\/www.deberes.net\/tesis\/wp-json\/wp\/v2\/users\/1"}],"replies":[{"embeddable":true,"href":"https:\/\/www.deberes.net\/tesis\/wp-json\/wp\/v2\/comments?post=90409"}],"version-history":[{"count":0,"href":"https:\/\/www.deberes.net\/tesis\/wp-json\/wp\/v2\/posts\/90409\/revisions"}],"wp:attachment":[{"href":"https:\/\/www.deberes.net\/tesis\/wp-json\/wp\/v2\/media?parent=90409"}],"wp:term":[{"taxonomy":"category","embeddable":true,"href":"https:\/\/www.deberes.net\/tesis\/wp-json\/wp\/v2\/categories?post=90409"},{"taxonomy":"post_tag","embeddable":true,"href":"https:\/\/www.deberes.net\/tesis\/wp-json\/wp\/v2\/tags?post=90409"}],"curies":[{"name":"wp","href":"https:\/\/api.w.org\/{rel}","templated":true}]}}