{"id":90424,"date":"2018-03-10T00:15:51","date_gmt":"2018-03-10T00:15:51","guid":{"rendered":"https:\/\/www.deberes.net\/tesis\/sin-categoria\/el-pensamiento-educativo-de-john-dewey\/"},"modified":"2018-03-10T00:15:51","modified_gmt":"2018-03-10T00:15:51","slug":"el-pensamiento-educativo-de-john-dewey","status":"publish","type":"post","link":"https:\/\/www.deberes.net\/tesis\/historia\/el-pensamiento-educativo-de-john-dewey\/","title":{"rendered":"El pensamiento educativo de john dewey"},"content":{"rendered":"<h2>Tesis doctoral de <strong> Virginia Guichot Reina <\/strong><\/h2>\n<p>La tesis doctoral \u00abel pensamiento educativo de john dewey\u00bb intenta ofrecer las principales aportaciones de dicho pensamiento al panorma contempor\u00e1neo de la educaci\u00f3n, partiendo de la filosof\u00eda que defendi\u00f3 el autor estadounidense, el pragmatismo. Dicho estudio est\u00e1 estructurado en tres secciones, tituladas respectivamente, \u00abcontextualizaci\u00f3n\u00bb, \u00abfilosof\u00eda\u00bb y \u00abpensamiento educativo\u00bb, m\u00e1s los apartados correspondientes a la introducci\u00f3n y a las conclusiones. se ha intentado examinar la cohrencia que el marco te\u00f3rico filos\u00f3fico posee con las propuestas educativas deweyanas, que alcanzaron su encarnaci\u00f3n m\u00e1s clara en la escuela laboratorio de la universidad de chicago (1896-1904), situando el autor en su per\u00edodo hist\u00f3rico.  t\u00e9rminos clave a lo largo de todo el trabajo ser\u00e1n el binomio organismo-ambiente, adaptaci\u00f3n, inteligencia, reflexi\u00f3n, actividad, experiencia, democracia, educaci\u00f3n como reconstruci\u00f3n, universo conceptual que gira en torno al objetivo \u00fatlimo del pensador norteamericano, la formaci\u00f3n de personas libre, due\u00f1as de su propio destino.<\/p>\n<p>&nbsp;<\/p>\n<h3>Datos acad\u00e9micos de la tesis doctoral \u00ab<strong>El pensamiento educativo de john dewey<\/strong>\u00ab<\/h3>\n<ul>\n<li><strong>T\u00edtulo de la tesis:<\/strong>\u00a0 El pensamiento educativo de john dewey <\/li>\n<li><strong>Autor:<\/strong>\u00a0 Virginia Guichot Reina <\/li>\n<li><strong>Universidad:<\/strong>\u00a0 Sevilla<\/li>\n<li><strong>Fecha de lectura de la tesis:<\/strong>\u00a0 31\/05\/2001<\/li>\n<\/ul>\n<p>&nbsp;<\/p>\n<h3>Direcci\u00f3n y tribunal<\/h3>\n<ul>\n<li><strong>Director de la tesis<\/strong>\n<ul>\n<li> G\u00f3mez Garc\u00eda M. Nieves<\/li>\n<\/ul>\n<\/li>\n<li><strong>Tribunal<\/strong>\n<ul>\n<li>Presidente del tribunal: buenaventura Delgado criado <\/li>\n<li>consuelo Flecha Garc\u00eda (vocal)<\/li>\n<li>mercedes Vico monteoliva (vocal)<\/li>\n<li>c\u00e1ndido Ru\u00edz rodrigo (vocal)<\/li>\n<\/ul>\n<\/li>\n<\/ul>\n<p>&nbsp;<\/p>\n","protected":false},"excerpt":{"rendered":"<p>Tesis doctoral de Virginia Guichot Reina La tesis doctoral \u00abel pensamiento educativo de john dewey\u00bb intenta ofrecer las principales aportaciones [&hellip;]<\/p>\n","protected":false},"author":1,"featured_media":0,"comment_status":"open","ping_status":"open","sticky":false,"template":"","format":"standard","meta":{"site-sidebar-layout":"default","site-content-layout":"","ast-site-content-layout":"","site-content-style":"default","site-sidebar-style":"default","ast-global-header-display":"","ast-banner-title-visibility":"","ast-main-header-display":"","ast-hfb-above-header-display":"","ast-hfb-below-header-display":"","ast-hfb-mobile-header-display":"","site-post-title":"","ast-breadcrumbs-content":"","ast-featured-img":"","footer-sml-layout":"","theme-transparent-header-meta":"","adv-header-id-meta":"","stick-header-meta":"","header-above-stick-meta":"","header-main-stick-meta":"","header-below-stick-meta":"","astra-migrate-meta-layouts":"default","ast-page-background-enabled":"default","ast-page-background-meta":{"desktop":{"background-color":"var(--ast-global-color-4)","background-image":"","background-repeat":"repeat","background-position":"center center","background-size":"auto","background-attachment":"scroll","background-type":"","background-media":"","overlay-type":"","overlay-color":"","overlay-gradient":""},"tablet":{"background-color":"","background-image":"","background-repeat":"repeat","background-position":"center center","background-size":"auto","background-attachment":"scroll","background-type":"","background-media":"","overlay-type":"","overlay-color":"","overlay-gradient":""},"mobile":{"background-color":"","background-image":"","background-repeat":"repeat","background-position":"center center","background-size":"auto","background-attachment":"scroll","background-type":"","background-media":"","overlay-type":"","overlay-color":"","overlay-gradient":""}},"ast-content-background-meta":{"desktop":{"background-color":"var(--ast-global-color-5)","background-image":"","background-repeat":"repeat","background-position":"center center","background-size":"auto","background-attachment":"scroll","background-type":"","background-media":"","overlay-type":"","overlay-color":"","overlay-gradient":""},"tablet":{"background-color":"var(--ast-global-color-5)","background-image":"","background-repeat":"repeat","background-position":"center center","background-size":"auto","background-attachment":"scroll","background-type":"","background-media":"","overlay-type":"","overlay-color":"","overlay-gradient":""},"mobile":{"background-color":"var(--ast-global-color-5)","background-image":"","background-repeat":"repeat","background-position":"center center","background-size":"auto","background-attachment":"scroll","background-type":"","background-media":"","overlay-type":"","overlay-color":"","overlay-gradient":""}},"footnotes":""},"categories":[104,311,222,1141,10715,1341,11958],"tags":[19818,79690,36381,11252,10730,150322],"class_list":["post-90424","post","type-post","status-publish","format-standard","hentry","category-historia","category-historia-de-la-educacion","category-historias-especializadas","category-pedagogia","category-sevilla","category-teoria-y-metodos-educativos","category-teorias-educativas","tag-buenaventura-delgado-criado","tag-candido-ruiz-rodrigo","tag-consuelo-flecha-garcia","tag-gomez-garcia-m-nieves","tag-mercedes-vico-monteoliva","tag-virginia-guichot-reina"],"_links":{"self":[{"href":"https:\/\/www.deberes.net\/tesis\/wp-json\/wp\/v2\/posts\/90424","targetHints":{"allow":["GET"]}}],"collection":[{"href":"https:\/\/www.deberes.net\/tesis\/wp-json\/wp\/v2\/posts"}],"about":[{"href":"https:\/\/www.deberes.net\/tesis\/wp-json\/wp\/v2\/types\/post"}],"author":[{"embeddable":true,"href":"https:\/\/www.deberes.net\/tesis\/wp-json\/wp\/v2\/users\/1"}],"replies":[{"embeddable":true,"href":"https:\/\/www.deberes.net\/tesis\/wp-json\/wp\/v2\/comments?post=90424"}],"version-history":[{"count":0,"href":"https:\/\/www.deberes.net\/tesis\/wp-json\/wp\/v2\/posts\/90424\/revisions"}],"wp:attachment":[{"href":"https:\/\/www.deberes.net\/tesis\/wp-json\/wp\/v2\/media?parent=90424"}],"wp:term":[{"taxonomy":"category","embeddable":true,"href":"https:\/\/www.deberes.net\/tesis\/wp-json\/wp\/v2\/categories?post=90424"},{"taxonomy":"post_tag","embeddable":true,"href":"https:\/\/www.deberes.net\/tesis\/wp-json\/wp\/v2\/tags?post=90424"}],"curies":[{"name":"wp","href":"https:\/\/api.w.org\/{rel}","templated":true}]}}