{"id":90428,"date":"2018-03-10T00:15:51","date_gmt":"2018-03-10T00:15:51","guid":{"rendered":"https:\/\/www.deberes.net\/tesis\/sin-categoria\/la-situacion-de-las-pequenas-y-medianas-pymes-de-la-comunidad-autonoma-de-la-rioja-en-calidad-seguridad-y-medio-ambiente-en-la-busqueda-de-la-gestion-integral-de-las-mismas\/"},"modified":"2018-03-10T00:15:51","modified_gmt":"2018-03-10T00:15:51","slug":"la-situacion-de-las-pequenas-y-medianas-pymes-de-la-comunidad-autonoma-de-la-rioja-en-calidad-seguridad-y-medio-ambiente-en-la-busqueda-de-la-gestion-integral-de-las-mismas","status":"publish","type":"post","link":"https:\/\/www.deberes.net\/tesis\/ciencias-economicas\/la-situacion-de-las-pequenas-y-medianas-pymes-de-la-comunidad-autonoma-de-la-rioja-en-calidad-seguridad-y-medio-ambiente-en-la-busqueda-de-la-gestion-integral-de-las-mismas\/","title":{"rendered":"\u00abla situacion de las peque\u00f1as y medianas (pymes) de la comunidad autonoma de la rioja en calidad, seguridad y medio ambiente, en la busqueda de la gestion integral de las mismas\u00bb"},"content":{"rendered":"<h2>Tesis doctoral de <strong> Francisco Javier Marrod\u00e1n Esparza <\/strong><\/h2>\n<p>Las pymes, peque\u00f1as y medianas empresas, son la base de la economia espa\u00f1ola, y particularmente de la riojana. No hay duda de que las pymes deben cambiar y adaptarse continuamente a los nuevos retos. Las pymes, mas que nadie, necesitan mejorar su capacidad tecnologica, asumir nuevas tareas y exigencias de la industria basica, planificar mejor sus actividades de cara a los clientes, romper rutinas internas de documentacion medianamente entendida, asumir mayores responsabilidades individuales, etc.  la direccion de las pymes tienen una tarea esencial: ser motor de cambio hacia el \u00e9xito de su empresa y contribuir en la medida que les corresponda al futuro de la sociedad.  la sociedad riojana y especialmente las pymes, en los ultimos a\u00f1os, han sido progresando adecuadamente en el camino trazado principalmente desde el exterior incluyendo europa.  la calidad ha sido entendida, en general, como un hecho diferenciador en el mercado de la libre competencia. Las empresas han comprendido su verdadero significado y han ido asumiendo las normas existentes y su filosofia. falta la integracion real a todos los niveles, si bien el camino recorrido ha sido acertado en el rumbo, si bien lento en el recorrido. La nota media obtenida por las pymes riojanas en calidad ha sido un 4,91. No llega al aprobado, pero lo podemos considerar como tal.  la seguridad no ha sido entendida en terminos de gestion empresarial. se ha visto m\u00e1s como una amenaza legal, y la mayoria de las empresas han respondido m\u00e1s con esta mentalidad. Aun asi, y los hechos estan claros, no han asumido la seguridad como una herramienta m\u00e1s de gesti\u00f3n. Cada cierto poco tiempo muera un riojano en accidente laboral, resultando muchos heridos y lesionados mientras tanto. Esto nos da una idea de lo mucho que falta por hacer, y de lo que realmente dramatico de la situacion: han aumentado los accidentes mortales, si bien nuestra meta siempre ha sido eliminarlos. tambien los accidentes m<\/p>\n<p>&nbsp;<\/p>\n<h3>Datos acad\u00e9micos de la tesis doctoral \u00ab<strong>\u00abla situacion de las peque\u00f1as y medianas (pymes) de la comunidad autonoma de la rioja en calidad, seguridad y medio ambiente, en la busqueda de la gestion integral de las mismas\u00bb<\/strong>\u00ab<\/h3>\n<ul>\n<li><strong>T\u00edtulo de la tesis:<\/strong>\u00a0 \u00abla situacion de las peque\u00f1as y medianas (pymes) de la comunidad autonoma de la rioja en calidad, seguridad y medio ambiente, en la busqueda de la gestion integral de las mismas\u00bb <\/li>\n<li><strong>Autor:<\/strong>\u00a0 Francisco Javier Marrod\u00e1n Esparza <\/li>\n<li><strong>Universidad:<\/strong>\u00a0 Pa\u00eds vasco\/euskal herriko unibertsitatea<\/li>\n<li><strong>Fecha de lectura de la tesis:<\/strong>\u00a0 31\/05\/2001<\/li>\n<\/ul>\n<p>&nbsp;<\/p>\n<h3>Direcci\u00f3n y tribunal<\/h3>\n<ul>\n<li><strong>Director de la tesis<\/strong>\n<ul>\n<li>JavierMar\u00eda Iruretagoyena Capelastegui<\/li>\n<\/ul>\n<\/li>\n<li><strong>Tribunal<\/strong>\n<ul>\n<li>Presidente del tribunal: Francisco javier Zubillaga zubimendi <\/li>\n<li>anselmo Del moral bueno (vocal)<\/li>\n<li>Javier Muniozguren colindres (vocal)<\/li>\n<li>leonor Gonzalez menorca (vocal)<\/li>\n<\/ul>\n<\/li>\n<\/ul>\n<p>&nbsp;<\/p>\n","protected":false},"excerpt":{"rendered":"<p>Tesis doctoral de Francisco Javier Marrod\u00e1n Esparza Las pymes, peque\u00f1as y medianas empresas, son la base de la economia espa\u00f1ola, [&hellip;]<\/p>\n","protected":false},"author":1,"featured_media":0,"comment_status":"open","ping_status":"open","sticky":false,"template":"","format":"standard","meta":{"site-sidebar-layout":"default","site-content-layout":"","ast-site-content-layout":"","site-content-style":"default","site-sidebar-style":"default","ast-global-header-display":"","ast-banner-title-visibility":"","ast-main-header-display":"","ast-hfb-above-header-display":"","ast-hfb-below-header-display":"","ast-hfb-mobile-header-display":"","site-post-title":"","ast-breadcrumbs-content":"","ast-featured-img":"","footer-sml-layout":"","theme-transparent-header-meta":"","adv-header-id-meta":"","stick-header-meta":"","header-above-stick-meta":"","header-main-stick-meta":"","header-below-stick-meta":"","astra-migrate-meta-layouts":"default","ast-page-background-enabled":"default","ast-page-background-meta":{"desktop":{"background-color":"var(--ast-global-color-4)","background-image":"","background-repeat":"repeat","background-position":"center center","background-size":"auto","background-attachment":"scroll","background-type":"","background-media":"","overlay-type":"","overlay-color":"","overlay-gradient":""},"tablet":{"background-color":"","background-image":"","background-repeat":"repeat","background-position":"center center","background-size":"auto","background-attachment":"scroll","background-type":"","background-media":"","overlay-type":"","overlay-color":"","overlay-gradient":""},"mobile":{"background-color":"","background-image":"","background-repeat":"repeat","background-position":"center center","background-size":"auto","background-attachment":"scroll","background-type":"","background-media":"","overlay-type":"","overlay-color":"","overlay-gradient":""}},"ast-content-background-meta":{"desktop":{"background-color":"var(--ast-global-color-5)","background-image":"","background-repeat":"repeat","background-position":"center center","background-size":"auto","background-attachment":"scroll","background-type":"","background-media":"","overlay-type":"","overlay-color":"","overlay-gradient":""},"tablet":{"background-color":"var(--ast-global-color-5)","background-image":"","background-repeat":"repeat","background-position":"center center","background-size":"auto","background-attachment":"scroll","background-type":"","background-media":"","overlay-type":"","overlay-color":"","overlay-gradient":""},"mobile":{"background-color":"var(--ast-global-color-5)","background-image":"","background-repeat":"repeat","background-position":"center center","background-size":"auto","background-attachment":"scroll","background-type":"","background-media":"","overlay-type":"","overlay-color":"","overlay-gradient":""}},"footnotes":""},"categories":[82,6525,1302,12909],"tags":[13598,187655,12684,13374,13096,81993],"class_list":["post-90428","post","type-post","status-publish","format-standard","hentry","category-ciencias-economicas","category-organizacion-de-la-produccion","category-organizacion-y-gestion-de-empresas","category-pais-vasco-euskal-herriko-unibertsitatea","tag-anselmo-del-moral-bueno","tag-francisco-javier-marrodan-esparza","tag-francisco-javier-zubillaga-zubimendi","tag-javier-muniozguren-colindres","tag-javiermaria-iruretagoyena-capelastegui","tag-leonor-gonzalez-menorca"],"_links":{"self":[{"href":"https:\/\/www.deberes.net\/tesis\/wp-json\/wp\/v2\/posts\/90428","targetHints":{"allow":["GET"]}}],"collection":[{"href":"https:\/\/www.deberes.net\/tesis\/wp-json\/wp\/v2\/posts"}],"about":[{"href":"https:\/\/www.deberes.net\/tesis\/wp-json\/wp\/v2\/types\/post"}],"author":[{"embeddable":true,"href":"https:\/\/www.deberes.net\/tesis\/wp-json\/wp\/v2\/users\/1"}],"replies":[{"embeddable":true,"href":"https:\/\/www.deberes.net\/tesis\/wp-json\/wp\/v2\/comments?post=90428"}],"version-history":[{"count":0,"href":"https:\/\/www.deberes.net\/tesis\/wp-json\/wp\/v2\/posts\/90428\/revisions"}],"wp:attachment":[{"href":"https:\/\/www.deberes.net\/tesis\/wp-json\/wp\/v2\/media?parent=90428"}],"wp:term":[{"taxonomy":"category","embeddable":true,"href":"https:\/\/www.deberes.net\/tesis\/wp-json\/wp\/v2\/categories?post=90428"},{"taxonomy":"post_tag","embeddable":true,"href":"https:\/\/www.deberes.net\/tesis\/wp-json\/wp\/v2\/tags?post=90428"}],"curies":[{"name":"wp","href":"https:\/\/api.w.org\/{rel}","templated":true}]}}