{"id":90466,"date":"2008-11-12T00:00:00","date_gmt":"2008-11-12T00:00:00","guid":{"rendered":"https:\/\/www.deberes.net\/tesis\/sin-categoria\/el-senorio-de-montalban-y-la-casa-de-uceda-durante-la-edad-moderna\/"},"modified":"2008-11-12T00:00:00","modified_gmt":"2008-11-12T00:00:00","slug":"el-senorio-de-montalban-y-la-casa-de-uceda-durante-la-edad-moderna","status":"publish","type":"post","link":"https:\/\/www.deberes.net\/tesis\/sin-categoria\/el-senorio-de-montalban-y-la-casa-de-uceda-durante-la-edad-moderna\/","title":{"rendered":"El se\u00f1orio de montalb\u00e1n y la casa de uceda durante la edad moderna."},"content":{"rendered":"<h2>Tesis doctoral de <strong> Florencio Huerta Garcia <\/strong><\/h2>\n<p>Null se trata de analizar la evoluci\u00f3n de un se\u00f1or\u00edo nobiliario a lo largo de la edad moderna. Para ello se analiza primero la configuraci\u00f3n de los territorios que conformaron dicho se\u00f1or\u00edo desde la \u00e9poca de la reconquista hasta su paso definitivo a manos  de los t\u00e9llez gir\u00f3n pacheco, primero como condes de montalb\u00e1n y despu\u00e9s como duques de uceda. El estudio trata de abordar c\u00f3mo se ejerci\u00f3 y desarroll\u00f3 el dominio se\u00f1orial a lo largo de los siglos, as\u00ed como la evoluci\u00f3n de esta dinast\u00eda nobiliaria al  comp\u00e1s de sus recursos econ\u00f3micos y su cercan\u00eda a la corte. Tras ello, se abordan los aspectos sociales y econ\u00f3micos, as\u00ed como el papel de la iglesia en las localidades del se\u00f1or\u00edo, haciendo hincapi\u00e9 en la actuaci\u00f3n de los distintos grupos sociales en su relaci\u00f3n con la administraci\u00f3n se\u00f1orial y en la propia evoluci\u00f3n de la econom\u00eda de estas tierras a lo largo de la edad moderna, como base fundamental de esa estructura social. El trabajo, finalmente, se acompa\u00f1a con un ap\u00e9ndice con tres tipos d e contenidos (gr\u00e1fico, estad\u00edstico y documental), as\u00ed como por una cronolog\u00eda de la evoluci\u00f3n del se\u00f1or\u00edo, un vocabulario y las fuentes documentales y bibliogr\u00e1ficas utilizadas.<\/p>\n<p>&nbsp;<\/p>\n<h3>Datos acad\u00e9micos de la tesis doctoral \u00ab<strong>El se\u00f1orio de montalb\u00e1n y la casa de uceda durante la edad moderna.<\/strong>\u00ab<\/h3>\n<ul>\n<li><strong>T\u00edtulo de la tesis:<\/strong>\u00a0 El se\u00f1orio de montalb\u00e1n y la casa de uceda durante la edad moderna. <\/li>\n<li><strong>Autor:<\/strong>\u00a0 Florencio Huerta Garcia <\/li>\n<li><strong>Universidad:<\/strong>\u00a0 Complutense de Madrid<\/li>\n<li><strong>Fecha de lectura de la tesis:<\/strong>\u00a0 11\/12\/2008<\/li>\n<\/ul>\n<p>&nbsp;<\/p>\n<h3>Direcci\u00f3n y tribunal<\/h3>\n<ul>\n<li><strong>Director de la tesis<\/strong>\n<ul>\n<li>Alfredo Alvar Ezquerra<\/li>\n<\/ul>\n<\/li>\n<li><strong>Tribunal<\/strong>\n<ul>\n<li>Presidente del tribunal: david Garc\u00eda hern\u00e1n <\/li>\n<li>  (vocal)<\/li>\n<li>  (vocal)<\/li>\n<li>  (vocal)<\/li>\n<\/ul>\n<\/li>\n<\/ul>\n<p>&nbsp;<\/p>\n","protected":false},"excerpt":{"rendered":"<p>Tesis doctoral de Florencio Huerta Garcia Null se trata de analizar la evoluci\u00f3n de un se\u00f1or\u00edo nobiliario a lo largo [&hellip;]<\/p>\n","protected":false},"author":1,"featured_media":0,"comment_status":"open","ping_status":"open","sticky":false,"template":"","format":"standard","meta":{"site-sidebar-layout":"default","site-content-layout":"","ast-site-content-layout":"","site-content-style":"default","site-sidebar-style":"default","ast-global-header-display":"","ast-banner-title-visibility":"","ast-main-header-display":"","ast-hfb-above-header-display":"","ast-hfb-below-header-display":"","ast-hfb-mobile-header-display":"","site-post-title":"","ast-breadcrumbs-content":"","ast-featured-img":"","footer-sml-layout":"","theme-transparent-header-meta":"","adv-header-id-meta":"","stick-header-meta":"","header-above-stick-meta":"","header-main-stick-meta":"","header-below-stick-meta":"","astra-migrate-meta-layouts":"default","ast-page-background-enabled":"default","ast-page-background-meta":{"desktop":{"background-color":"var(--ast-global-color-4)","background-image":"","background-repeat":"repeat","background-position":"center center","background-size":"auto","background-attachment":"scroll","background-type":"","background-media":"","overlay-type":"","overlay-color":"","overlay-gradient":""},"tablet":{"background-color":"","background-image":"","background-repeat":"repeat","background-position":"center center","background-size":"auto","background-attachment":"scroll","background-type":"","background-media":"","overlay-type":"","overlay-color":"","overlay-gradient":""},"mobile":{"background-color":"","background-image":"","background-repeat":"repeat","background-position":"center center","background-size":"auto","background-attachment":"scroll","background-type":"","background-media":"","overlay-type":"","overlay-color":"","overlay-gradient":""}},"ast-content-background-meta":{"desktop":{"background-color":"var(--ast-global-color-5)","background-image":"","background-repeat":"repeat","background-position":"center center","background-size":"auto","background-attachment":"scroll","background-type":"","background-media":"","overlay-type":"","overlay-color":"","overlay-gradient":""},"tablet":{"background-color":"var(--ast-global-color-5)","background-image":"","background-repeat":"repeat","background-position":"center center","background-size":"auto","background-attachment":"scroll","background-type":"","background-media":"","overlay-type":"","overlay-color":"","overlay-gradient":""},"mobile":{"background-color":"var(--ast-global-color-5)","background-image":"","background-repeat":"repeat","background-position":"center center","background-size":"auto","background-attachment":"scroll","background-type":"","background-media":"","overlay-type":"","overlay-color":"","overlay-gradient":""}},"footnotes":""},"categories":[1],"tags":[6892,51940,187713],"class_list":["post-90466","post","type-post","status-publish","format-standard","hentry","category-sin-categoria","tag-alfredo-alvar-ezquerra","tag-david-garcia-hernan","tag-florencio-huerta-garcia"],"_links":{"self":[{"href":"https:\/\/www.deberes.net\/tesis\/wp-json\/wp\/v2\/posts\/90466","targetHints":{"allow":["GET"]}}],"collection":[{"href":"https:\/\/www.deberes.net\/tesis\/wp-json\/wp\/v2\/posts"}],"about":[{"href":"https:\/\/www.deberes.net\/tesis\/wp-json\/wp\/v2\/types\/post"}],"author":[{"embeddable":true,"href":"https:\/\/www.deberes.net\/tesis\/wp-json\/wp\/v2\/users\/1"}],"replies":[{"embeddable":true,"href":"https:\/\/www.deberes.net\/tesis\/wp-json\/wp\/v2\/comments?post=90466"}],"version-history":[{"count":0,"href":"https:\/\/www.deberes.net\/tesis\/wp-json\/wp\/v2\/posts\/90466\/revisions"}],"wp:attachment":[{"href":"https:\/\/www.deberes.net\/tesis\/wp-json\/wp\/v2\/media?parent=90466"}],"wp:term":[{"taxonomy":"category","embeddable":true,"href":"https:\/\/www.deberes.net\/tesis\/wp-json\/wp\/v2\/categories?post=90466"},{"taxonomy":"post_tag","embeddable":true,"href":"https:\/\/www.deberes.net\/tesis\/wp-json\/wp\/v2\/tags?post=90466"}],"curies":[{"name":"wp","href":"https:\/\/api.w.org\/{rel}","templated":true}]}}