{"id":90476,"date":"2008-11-12T00:00:00","date_gmt":"2008-11-12T00:00:00","guid":{"rendered":"https:\/\/www.deberes.net\/tesis\/sin-categoria\/las-sagas-fantasticas-modernas-y-la-ficcion-mana%c2%ada-lenguajes-literarios-plasticos-multimediales-y-sus-repercusiones-didacticas\/"},"modified":"2008-11-12T00:00:00","modified_gmt":"2008-11-12T00:00:00","slug":"las-sagas-fantasticas-modernas-y-la-ficcion-mana%c2%ada-lenguajes-literarios-plasticos-multimediales-y-sus-repercusiones-didacticas","status":"publish","type":"post","link":"https:\/\/www.deberes.net\/tesis\/ciencias-de-las-artes-y-las-letras\/las-sagas-fantasticas-modernas-y-la-ficcion-mana%c2%ada-lenguajes-literarios-plasticos-multimediales-y-sus-repercusiones-didacticas\/","title":{"rendered":"Las sagas fant\u00e1sticas modernas y la ficci\u00f3n-man\u00eda:   lenguajes literarios, pl\u00e1sticos, multimediales y sus repercusiones did\u00e1cticas"},"content":{"rendered":"<h2>Tesis doctoral de <strong> Alberto Eloy Martos Garc\u00eda <\/strong><\/h2>\n<p>Las sagas fant\u00e1sticas se han convertido ya en un ingente corpus de obras de ficci\u00f3n que arrastra un p\u00fablico muy heterog\u00e9neo y variado, y cuyo \u00e9xito ha desbordado los conceptos cl\u00e1sicos de autor, g\u00e9nero o libro para situarnos en otras perspectivas m\u00e1s amplias, la narraci\u00f3n serial, la escritura al\u00f3grafa y, m\u00e1s all\u00e1 de lo literario, la multiplicaci\u00f3n de estas ficciones en formatos tan diferentes como el c\u00f3mic, la televisi\u00f3n, el cine o los juegos de estrategia (transficcionalidad).   la tesis pretende, pues, abordar de forma sistem\u00e1tica el estudio de las sagas fant\u00e1sticas desde un marco no s\u00f3lo literario sino transficcional, m\u00e1s all\u00e1 de su etiquetado como obras palaliterarias o de escaso valor art\u00edstico,  a partir de la constataci\u00f3n de que ni las pol\u00edticas medi\u00e1ticas ni el uso de estereotipos explican del todo el auge actual de la ficci\u00f3n fant\u00e1stica y las pr\u00e1cticas de ficci\u00f3n-man\u00eda que gravitan sobre determinadas producciones de \u00e9xito.  En particular, con el auge de la cultura participativa y de convergencia, y  con g\u00e9neros muy pr\u00f3ximos a la narrativa posmoderna.  en primer lugar, se lleva a cabo una conceptualizaci\u00f3n sistem\u00e1tica, a fin de delimitar un aparato cr\u00edtico multidisciplinar que, partiendo de distintas categor\u00edas de an\u00e1lisis y perspectivas, ilumine las cuestiones m\u00e1s relevantes. En especial, ha sido importante la acotaci\u00f3n del concepto de saga desde distintos paradigmas y enfoques, reuniendo de forma ecl\u00e9ctica las caracterizaciones y descripciones que m\u00e1s juego pudieran dar para el an\u00e1lisis del mencionado corpus.   en segundo lugar, se extrapolan los conceptos y datos analizados al campo educativo y cultural, subryando la importancia de estos g\u00e9neros y pr\u00e1cticas para el desarrollo de competencias educativas y la posibilidad de nuevas estrategias y din\u00e1micas entre los alumnos (comunidades de pr\u00e1ctica).  en el tomo ii, se aplica una metodolog\u00eda ecl\u00e9ctica para verificar la hip\u00f3tesis b\u00e1sica y las hip\u00f3tesis colaterales, en relaci\u00f3n a m\u00e9todos cuantitativos y cualitativos que se centrane en el an\u00e1lisis de los p\u00fablicos implicados,  a partir de una selecci\u00f3n muestral y de otros intrumentos anal\u00edticos.  la conclusi\u00f3n es que existe correlaci\u00f3n entre el auge de la ficci\u00f3n fant\u00e1stica, y en particular de las sagas fant\u00e1sticas modernas, y las nuevas pr\u00e1cticas culturales surgidas al amparo de la cultura medi\u00e1tica y de la cibercultura, en sus distintos lenguajes y formatos.<\/p>\n<p>&nbsp;<\/p>\n<h3>Datos acad\u00e9micos de la tesis doctoral \u00ab<strong>Las sagas fant\u00e1sticas modernas y la ficci\u00f3n-man\u00eda:   lenguajes literarios, pl\u00e1sticos, multimediales y sus repercusiones did\u00e1cticas<\/strong>\u00ab<\/h3>\n<ul>\n<li><strong>T\u00edtulo de la tesis:<\/strong>\u00a0 Las sagas fant\u00e1sticas modernas y la ficci\u00f3n-man\u00eda:   lenguajes literarios, pl\u00e1sticos, multimediales y sus repercusiones did\u00e1cticas <\/li>\n<li><strong>Autor:<\/strong>\u00a0 Alberto Eloy Martos Garc\u00eda <\/li>\n<li><strong>Universidad:<\/strong>\u00a0 Extremadura<\/li>\n<li><strong>Fecha de lectura de la tesis:<\/strong>\u00a0 11\/12\/2008<\/li>\n<\/ul>\n<p>&nbsp;<\/p>\n<h3>Direcci\u00f3n y tribunal<\/h3>\n<ul>\n<li><strong>Director de la tesis<\/strong>\n<ul>\n<li>Angel Suarez Mu\u00f1oz<\/li>\n<\/ul>\n<\/li>\n<li><strong>Tribunal<\/strong>\n<ul>\n<li>Presidente del tribunal: amando L\u00f3pez valero <\/li>\n<li>mar Campos fern\u00e1ndez (vocal)<\/li>\n<li>gabriel Nu\u00f1ez ru\u00edz (vocal)<\/li>\n<li>Antonio G\u00f3mez yebra (vocal)<\/li>\n<\/ul>\n<\/li>\n<\/ul>\n<p>&nbsp;<\/p>\n","protected":false},"excerpt":{"rendered":"<p>Tesis doctoral de Alberto Eloy Martos Garc\u00eda Las sagas fant\u00e1sticas se han convertido ya en un ingente corpus de obras [&hellip;]<\/p>\n","protected":false},"author":1,"featured_media":0,"comment_status":"open","ping_status":"open","sticky":false,"template":"","format":"standard","meta":{"site-sidebar-layout":"default","site-content-layout":"","ast-site-content-layout":"","site-content-style":"default","site-sidebar-style":"default","ast-global-header-display":"","ast-banner-title-visibility":"","ast-main-header-display":"","ast-hfb-above-header-display":"","ast-hfb-below-header-display":"","ast-hfb-mobile-header-display":"","site-post-title":"","ast-breadcrumbs-content":"","ast-featured-img":"","footer-sml-layout":"","theme-transparent-header-meta":"","adv-header-id-meta":"","stick-header-meta":"","header-above-stick-meta":"","header-main-stick-meta":"","header-below-stick-meta":"","astra-migrate-meta-layouts":"default","ast-page-background-enabled":"default","ast-page-background-meta":{"desktop":{"background-color":"var(--ast-global-color-4)","background-image":"","background-repeat":"repeat","background-position":"center center","background-size":"auto","background-attachment":"scroll","background-type":"","background-media":"","overlay-type":"","overlay-color":"","overlay-gradient":""},"tablet":{"background-color":"","background-image":"","background-repeat":"repeat","background-position":"center center","background-size":"auto","background-attachment":"scroll","background-type":"","background-media":"","overlay-type":"","overlay-color":"","overlay-gradient":""},"mobile":{"background-color":"","background-image":"","background-repeat":"repeat","background-position":"center center","background-size":"auto","background-attachment":"scroll","background-type":"","background-media":"","overlay-type":"","overlay-color":"","overlay-gradient":""}},"ast-content-background-meta":{"desktop":{"background-color":"var(--ast-global-color-5)","background-image":"","background-repeat":"repeat","background-position":"center center","background-size":"auto","background-attachment":"scroll","background-type":"","background-media":"","overlay-type":"","overlay-color":"","overlay-gradient":""},"tablet":{"background-color":"var(--ast-global-color-5)","background-image":"","background-repeat":"repeat","background-position":"center center","background-size":"auto","background-attachment":"scroll","background-type":"","background-media":"","overlay-type":"","overlay-color":"","overlay-gradient":""},"mobile":{"background-color":"var(--ast-global-color-5)","background-image":"","background-repeat":"repeat","background-position":"center center","background-size":"auto","background-attachment":"scroll","background-type":"","background-media":"","overlay-type":"","overlay-color":"","overlay-gradient":""}},"footnotes":""},"categories":[147,2623,949,2231,14126],"tags":[187730,23666,31628,8129,43766,118240],"class_list":["post-90476","post","type-post","status-publish","format-standard","hentry","category-ciencias-de-las-artes-y-las-letras","category-educacion-basica","category-extremadura","category-sociologia-de-la-literatura","category-tecnologia-y-cambio-social","tag-alberto-eloy-martos-garcia","tag-amando-lopez-valero","tag-angel-suarez-munoz","tag-antonio-gomez-yebra","tag-gabriel-nunez-ruiz","tag-mar-campos-fernandez"],"_links":{"self":[{"href":"https:\/\/www.deberes.net\/tesis\/wp-json\/wp\/v2\/posts\/90476","targetHints":{"allow":["GET"]}}],"collection":[{"href":"https:\/\/www.deberes.net\/tesis\/wp-json\/wp\/v2\/posts"}],"about":[{"href":"https:\/\/www.deberes.net\/tesis\/wp-json\/wp\/v2\/types\/post"}],"author":[{"embeddable":true,"href":"https:\/\/www.deberes.net\/tesis\/wp-json\/wp\/v2\/users\/1"}],"replies":[{"embeddable":true,"href":"https:\/\/www.deberes.net\/tesis\/wp-json\/wp\/v2\/comments?post=90476"}],"version-history":[{"count":0,"href":"https:\/\/www.deberes.net\/tesis\/wp-json\/wp\/v2\/posts\/90476\/revisions"}],"wp:attachment":[{"href":"https:\/\/www.deberes.net\/tesis\/wp-json\/wp\/v2\/media?parent=90476"}],"wp:term":[{"taxonomy":"category","embeddable":true,"href":"https:\/\/www.deberes.net\/tesis\/wp-json\/wp\/v2\/categories?post=90476"},{"taxonomy":"post_tag","embeddable":true,"href":"https:\/\/www.deberes.net\/tesis\/wp-json\/wp\/v2\/tags?post=90476"}],"curies":[{"name":"wp","href":"https:\/\/api.w.org\/{rel}","templated":true}]}}