{"id":90509,"date":"2008-11-12T00:00:00","date_gmt":"2008-11-12T00:00:00","guid":{"rendered":"https:\/\/www.deberes.net\/tesis\/sin-categoria\/smoothing-methods-for-the-analisis-of-mortality-development\/"},"modified":"2008-11-12T00:00:00","modified_gmt":"2008-11-12T00:00:00","slug":"smoothing-methods-for-the-analisis-of-mortality-development","status":"publish","type":"post","link":"https:\/\/www.deberes.net\/tesis\/analisis-multivariante\/smoothing-methods-for-the-analisis-of-mortality-development\/","title":{"rendered":"Smoothing methods for the analisis of mortality development"},"content":{"rendered":"<h2>Tesis doctoral de <strong> Carlo Giovanni Camarda <\/strong><\/h2>\n<p>Esta tesis se centra en el uso de m\u00e9todos de suavizado multidimensionales para la modelizaci\u00f3n y an\u00e1lisis de datos de mortalidad, basados en p-splines bidimensionales como herramienta para la estimaci\u00f3n de tendencias de mortalidad por edad y a\u00f1o. Se abordan dos problemas frecuentes en este tipo de datos: la bondad de ajuste del modelo y la sobredispersi\u00f3n debida a la preferencia por d\u00edgitos. Adem\u00e1s se han desarrollado  m\u00e9todos que permiten explorar los cambios en la mortalidad centr\u00e1ndose en la ganancia en esperanza de vida, como alternativa al estudio del riesgo. Se proponen medidas del tipo r2 en el contexto de los p-splines, basadas en la relaci\u00f3n entre el n\u00famero de par\u00e1metros de un modelo y su dimensi\u00f3n efectiva. Se han desarrollados modelos que combinan los conceptos de verosimilitud penalizada con el de modelos con funci\u00f3n enlace compuesta y  que permiten describir el modo en que la distribuci\u00f3n latente de muertes por edad se mezcla con la preferencia de d\u00edgitos, mediante la redistribuci\u00f3n de ciertos datos en torno a las edades preferidas. Finalmente, se proponen m\u00e9todos de suavizado que permiten encontrar una transformaci\u00f3n del eje de la edad para transformar una distribuci\u00f3n de muerte por edad en otra.<\/p>\n<p>&nbsp;<\/p>\n<h3>Datos acad\u00e9micos de la tesis doctoral \u00ab<strong>Smoothing methods for the analisis of mortality development<\/strong>\u00ab<\/h3>\n<ul>\n<li><strong>T\u00edtulo de la tesis:<\/strong>\u00a0 Smoothing methods for the analisis of mortality development <\/li>\n<li><strong>Autor:<\/strong>\u00a0 Carlo Giovanni Camarda <\/li>\n<li><strong>Universidad:<\/strong>\u00a0 Carlos III de Madrid<\/li>\n<li><strong>Fecha de lectura de la tesis:<\/strong>\u00a0 11\/12\/2008<\/li>\n<\/ul>\n<p>&nbsp;<\/p>\n<h3>Direcci\u00f3n y tribunal<\/h3>\n<ul>\n<li><strong>Director de la tesis<\/strong>\n<ul>\n<li>Jutta Gampe<\/li>\n<\/ul>\n<\/li>\n<li><strong>Tribunal<\/strong>\n<ul>\n<li>Presidente del tribunal: Santiago Velilla cerdan <\/li>\n<li>michael peter Wiper (vocal)<\/li>\n<li>vicente a. Nu\u00f1ez anton (vocal)<\/li>\n<li>elisabetta Barbi (vocal)<\/li>\n<\/ul>\n<\/li>\n<\/ul>\n<p>&nbsp;<\/p>\n","protected":false},"excerpt":{"rendered":"<p>Tesis doctoral de Carlo Giovanni Camarda Esta tesis se centra en el uso de m\u00e9todos de suavizado multidimensionales para la [&hellip;]<\/p>\n","protected":false},"author":1,"featured_media":0,"comment_status":"open","ping_status":"open","sticky":false,"template":"","format":"standard","meta":{"site-sidebar-layout":"default","site-content-layout":"","ast-site-content-layout":"","site-content-style":"default","site-sidebar-style":"default","ast-global-header-display":"","ast-banner-title-visibility":"","ast-main-header-display":"","ast-hfb-above-header-display":"","ast-hfb-below-header-display":"","ast-hfb-mobile-header-display":"","site-post-title":"","ast-breadcrumbs-content":"","ast-featured-img":"","footer-sml-layout":"","theme-transparent-header-meta":"","adv-header-id-meta":"","stick-header-meta":"","header-above-stick-meta":"","header-main-stick-meta":"","header-below-stick-meta":"","astra-migrate-meta-layouts":"default","ast-page-background-enabled":"default","ast-page-background-meta":{"desktop":{"background-color":"var(--ast-global-color-4)","background-image":"","background-repeat":"repeat","background-position":"center center","background-size":"auto","background-attachment":"scroll","background-type":"","background-media":"","overlay-type":"","overlay-color":"","overlay-gradient":""},"tablet":{"background-color":"","background-image":"","background-repeat":"repeat","background-position":"center center","background-size":"auto","background-attachment":"scroll","background-type":"","background-media":"","overlay-type":"","overlay-color":"","overlay-gradient":""},"mobile":{"background-color":"","background-image":"","background-repeat":"repeat","background-position":"center center","background-size":"auto","background-attachment":"scroll","background-type":"","background-media":"","overlay-type":"","overlay-color":"","overlay-gradient":""}},"ast-content-background-meta":{"desktop":{"background-color":"var(--ast-global-color-5)","background-image":"","background-repeat":"repeat","background-position":"center center","background-size":"auto","background-attachment":"scroll","background-type":"","background-media":"","overlay-type":"","overlay-color":"","overlay-gradient":""},"tablet":{"background-color":"var(--ast-global-color-5)","background-image":"","background-repeat":"repeat","background-position":"center center","background-size":"auto","background-attachment":"scroll","background-type":"","background-media":"","overlay-type":"","overlay-color":"","overlay-gradient":""},"mobile":{"background-color":"var(--ast-global-color-5)","background-image":"","background-repeat":"repeat","background-position":"center center","background-size":"auto","background-attachment":"scroll","background-type":"","background-media":"","overlay-type":"","overlay-color":"","overlay-gradient":""}},"footnotes":""},"categories":[3148,18550],"tags":[187789,187791,187790,37797,38579,131190],"class_list":["post-90509","post","type-post","status-publish","format-standard","hentry","category-analisis-multivariante","category-carlos-iii-de-madrid","tag-carlo-giovanni-camarda","tag-elisabetta-barbi","tag-jutta-gampe","tag-michael-peter-wiper","tag-santiago-velilla-cerdan","tag-vicente-a-nunez-anton"],"_links":{"self":[{"href":"https:\/\/www.deberes.net\/tesis\/wp-json\/wp\/v2\/posts\/90509","targetHints":{"allow":["GET"]}}],"collection":[{"href":"https:\/\/www.deberes.net\/tesis\/wp-json\/wp\/v2\/posts"}],"about":[{"href":"https:\/\/www.deberes.net\/tesis\/wp-json\/wp\/v2\/types\/post"}],"author":[{"embeddable":true,"href":"https:\/\/www.deberes.net\/tesis\/wp-json\/wp\/v2\/users\/1"}],"replies":[{"embeddable":true,"href":"https:\/\/www.deberes.net\/tesis\/wp-json\/wp\/v2\/comments?post=90509"}],"version-history":[{"count":0,"href":"https:\/\/www.deberes.net\/tesis\/wp-json\/wp\/v2\/posts\/90509\/revisions"}],"wp:attachment":[{"href":"https:\/\/www.deberes.net\/tesis\/wp-json\/wp\/v2\/media?parent=90509"}],"wp:term":[{"taxonomy":"category","embeddable":true,"href":"https:\/\/www.deberes.net\/tesis\/wp-json\/wp\/v2\/categories?post=90509"},{"taxonomy":"post_tag","embeddable":true,"href":"https:\/\/www.deberes.net\/tesis\/wp-json\/wp\/v2\/tags?post=90509"}],"curies":[{"name":"wp","href":"https:\/\/api.w.org\/{rel}","templated":true}]}}