{"id":90515,"date":"2008-12-12T00:00:00","date_gmt":"2008-12-12T00:00:00","guid":{"rendered":"https:\/\/www.deberes.net\/tesis\/sin-categoria\/familia-y-discapacidad-etudio-de-variables-psicologicas-y-validacion-del-cuestionario-sobre-afrontamiento-y-consecuencias-en-padres-y-hermanos\/"},"modified":"2008-12-12T00:00:00","modified_gmt":"2008-12-12T00:00:00","slug":"familia-y-discapacidad-etudio-de-variables-psicologicas-y-validacion-del-cuestionario-sobre-afrontamiento-y-consecuencias-en-padres-y-hermanos","status":"publish","type":"post","link":"https:\/\/www.deberes.net\/tesis\/psicologia-clinica\/familia-y-discapacidad-etudio-de-variables-psicologicas-y-validacion-del-cuestionario-sobre-afrontamiento-y-consecuencias-en-padres-y-hermanos\/","title":{"rendered":"Familia y discapacidad. etudio de variables psicol\u00f3gicas y validaci\u00f3n del cuestionario sobre afrontamiento y consecuencias en padres y hermanos"},"content":{"rendered":"<h2>Tesis doctoral de <strong> Mar\u00eda \u00e1ngeles Antelo Lorenzo <\/strong><\/h2>\n<p>Aunque las investigaciones en el campo de la discapacidad han avanzado mucho en los \u00faltimos a\u00f1os, existen todav\u00eda \u00e1reas que necesitan ser estudiadas con mayor profundidad. Nuestro objetivo ha sido conocer a la persona con discapacidad desde una perspectiva global que integre los elementos importantes que conforman su vida: padres, hermanos y entorno social. el estudio de la familia tiene en nuestra investigaci\u00f3n dos vertientes, una primera que abarca la d\u00edada padre-madre y otra que pone su atenci\u00f3n en los hermanos. Para el estudio realizado con los padres, se aplic\u00f3 el cuestionario de afrontamiento y consecuencias de tener un hijo\/a con discapacidad intelectual y\/o autismo (antelo, 2000), elaborado para la investigaci\u00f3n de esta tesis, el cuestionario de ansiedad estado-rasgo. Stai (spielberger, gorsuch y lushene, 1970) y la escala de clima social en la familia (fes). Escala de clima social: centro escolar moos, moos, trickett, (1974), (adaptaci\u00f3n  espa\u00f1ola fern\u00e1ndez y siena, 1987), puesto que  estudiamos tambi\u00e9n el nivel de ansiedad de los padres y madres, y el clima familiar. Para el estudio del grupo de hermanos, se aplic\u00f3 el cuestionario de afrontamiento y consecuencias de tener un hermano\/a con discapacidad intelectual y\/o autismo (antelo, 2000), elaborado tambi\u00e9n para la investigaci\u00f3n de esta tesis, con contenido espec\u00edfico y diferente del cuestionario de padres. el trabajo se presenta organizado separadamente para los dos grupos. La muestra  que se ha elegido para la realizaci\u00f3n de la tesis, est\u00e1 formada por familias de personas con discapacidad intelectual y familias de personas con autismo, padres, madres, hermanos y hermanas. El grupo de padres lo constituyen en su mayor\u00eda, personas de edad avanzada. El total de la muestra general es de 433 personas pertenecientes a 154 familias.  los resultados del estudio de padres indican que existen diferencias significativas entre ellos en algunos de los factores estudiados. En el estudio de hermanos, no encontramos diferencias significativas entre hermanos y hermanas, pero s\u00ed se dan estas diferencias cuando se comparan ambos grupos en funci\u00f3n de la patolog\u00eda, hermanos de personas con discapacidad intelectual y hermanos de personas con  autismo, en varios de los factores estudiados.<\/p>\n<p>&nbsp;<\/p>\n<h3>Datos acad\u00e9micos de la tesis doctoral \u00ab<strong>Familia y discapacidad. etudio de variables psicol\u00f3gicas y validaci\u00f3n del cuestionario sobre afrontamiento y consecuencias en padres y hermanos<\/strong>\u00ab<\/h3>\n<ul>\n<li><strong>T\u00edtulo de la tesis:<\/strong>\u00a0 Familia y discapacidad. etudio de variables psicol\u00f3gicas y validaci\u00f3n del cuestionario sobre afrontamiento y consecuencias en padres y hermanos <\/li>\n<li><strong>Autor:<\/strong>\u00a0 Mar\u00eda \u00e1ngeles Antelo Lorenzo <\/li>\n<li><strong>Universidad:<\/strong>\u00a0 Murcia<\/li>\n<li><strong>Fecha de lectura de la tesis:<\/strong>\u00a0 12\/12\/2008<\/li>\n<\/ul>\n<p>&nbsp;<\/p>\n<h3>Direcci\u00f3n y tribunal<\/h3>\n<ul>\n<li><strong>Director de la tesis<\/strong>\n<ul>\n<li>Rosa Mar\u00eda Limi\u00f1ana Gras<\/li>\n<\/ul>\n<\/li>\n<li><strong>Tribunal<\/strong>\n<ul>\n<li>Presidente del tribunal: Francisco javier Mendez carrillo <\/li>\n<li>desiderio Mejias verdu (vocal)<\/li>\n<li>rosa Mar\u00eda Hervas aviles (vocal)<\/li>\n<li>Mar\u00eda  pilar Sanchez lopez (vocal)<\/li>\n<\/ul>\n<\/li>\n<\/ul>\n<p>&nbsp;<\/p>\n","protected":false},"excerpt":{"rendered":"<p>Tesis doctoral de Mar\u00eda \u00e1ngeles Antelo Lorenzo Aunque las investigaciones en el campo de la discapacidad han avanzado mucho en [&hellip;]<\/p>\n","protected":false},"author":1,"featured_media":0,"comment_status":"open","ping_status":"open","sticky":false,"template":"","format":"standard","meta":{"site-sidebar-layout":"default","site-content-layout":"","ast-site-content-layout":"","site-content-style":"default","site-sidebar-style":"default","ast-global-header-display":"","ast-banner-title-visibility":"","ast-main-header-display":"","ast-hfb-above-header-display":"","ast-hfb-below-header-display":"","ast-hfb-mobile-header-display":"","site-post-title":"","ast-breadcrumbs-content":"","ast-featured-img":"","footer-sml-layout":"","theme-transparent-header-meta":"","adv-header-id-meta":"","stick-header-meta":"","header-above-stick-meta":"","header-main-stick-meta":"","header-below-stick-meta":"","astra-migrate-meta-layouts":"default","ast-page-background-enabled":"default","ast-page-background-meta":{"desktop":{"background-color":"var(--ast-global-color-4)","background-image":"","background-repeat":"repeat","background-position":"center center","background-size":"auto","background-attachment":"scroll","background-type":"","background-media":"","overlay-type":"","overlay-color":"","overlay-gradient":""},"tablet":{"background-color":"","background-image":"","background-repeat":"repeat","background-position":"center center","background-size":"auto","background-attachment":"scroll","background-type":"","background-media":"","overlay-type":"","overlay-color":"","overlay-gradient":""},"mobile":{"background-color":"","background-image":"","background-repeat":"repeat","background-position":"center center","background-size":"auto","background-attachment":"scroll","background-type":"","background-media":"","overlay-type":"","overlay-color":"","overlay-gradient":""}},"ast-content-background-meta":{"desktop":{"background-color":"var(--ast-global-color-5)","background-image":"","background-repeat":"repeat","background-position":"center center","background-size":"auto","background-attachment":"scroll","background-type":"","background-media":"","overlay-type":"","overlay-color":"","overlay-gradient":""},"tablet":{"background-color":"var(--ast-global-color-5)","background-image":"","background-repeat":"repeat","background-position":"center center","background-size":"auto","background-attachment":"scroll","background-type":"","background-media":"","overlay-type":"","overlay-color":"","overlay-gradient":""},"mobile":{"background-color":"var(--ast-global-color-5)","background-image":"","background-repeat":"repeat","background-position":"center center","background-size":"auto","background-attachment":"scroll","background-type":"","background-media":"","overlay-type":"","overlay-color":"","overlay-gradient":""}},"footnotes":""},"categories":[8235,487,947,961,4129],"tags":[171781,24938,187802,187803,93701,124712],"class_list":["post-90515","post","type-post","status-publish","format-standard","hentry","category-murcia","category-psicologia-clinica","category-psicologia-de-grupos-sociales","category-psicologia-de-la-anormalidad","category-psicometria","tag-desiderio-mejias-verdu","tag-francisco-javier-mendez-carrillo","tag-maria-angeles-antelo-lorenzo","tag-maria-pilar-sanchez-lopez","tag-rosa-maria-hervas-aviles","tag-rosa-maria-liminana-gras"],"_links":{"self":[{"href":"https:\/\/www.deberes.net\/tesis\/wp-json\/wp\/v2\/posts\/90515","targetHints":{"allow":["GET"]}}],"collection":[{"href":"https:\/\/www.deberes.net\/tesis\/wp-json\/wp\/v2\/posts"}],"about":[{"href":"https:\/\/www.deberes.net\/tesis\/wp-json\/wp\/v2\/types\/post"}],"author":[{"embeddable":true,"href":"https:\/\/www.deberes.net\/tesis\/wp-json\/wp\/v2\/users\/1"}],"replies":[{"embeddable":true,"href":"https:\/\/www.deberes.net\/tesis\/wp-json\/wp\/v2\/comments?post=90515"}],"version-history":[{"count":0,"href":"https:\/\/www.deberes.net\/tesis\/wp-json\/wp\/v2\/posts\/90515\/revisions"}],"wp:attachment":[{"href":"https:\/\/www.deberes.net\/tesis\/wp-json\/wp\/v2\/media?parent=90515"}],"wp:term":[{"taxonomy":"category","embeddable":true,"href":"https:\/\/www.deberes.net\/tesis\/wp-json\/wp\/v2\/categories?post=90515"},{"taxonomy":"post_tag","embeddable":true,"href":"https:\/\/www.deberes.net\/tesis\/wp-json\/wp\/v2\/tags?post=90515"}],"curies":[{"name":"wp","href":"https:\/\/api.w.org\/{rel}","templated":true}]}}