{"id":90533,"date":"2008-12-12T00:00:00","date_gmt":"2008-12-12T00:00:00","guid":{"rendered":"https:\/\/www.deberes.net\/tesis\/sin-categoria\/la-construccion-de-la-realidad-programa-de-desarrollo-de-habilidades-metacognitivas\/"},"modified":"2008-12-12T00:00:00","modified_gmt":"2008-12-12T00:00:00","slug":"la-construccion-de-la-realidad-programa-de-desarrollo-de-habilidades-metacognitivas","status":"publish","type":"post","link":"https:\/\/www.deberes.net\/tesis\/sin-categoria\/la-construccion-de-la-realidad-programa-de-desarrollo-de-habilidades-metacognitivas\/","title":{"rendered":"La construcci\u00f3n de la realidad: programa de desarrollo de habilidades metacognitivas."},"content":{"rendered":"<h2>Tesis doctoral de <strong> Diego Bravo Fuenzalida <\/strong><\/h2>\n<p>La construcci\u00f3n de la realidad:  programa de desarrollo de habilidades metacognitivas  palabras claves: metacognici\u00f3n, representaciones mentales, cambio   resumen  \tel objetivo de esta investigaci\u00f3n es profundizar en el estudio de los fen\u00f3menos psico l\u00f3gicos a partir de los cuales, las personas van integrando sus experiencias dot\u00e1ndolas de significado y subjetividad. Desde una perspectiva te\u00f3rica, se intenta explicar c\u00f3mo estas experiencias se transforman en representaciones mentales, que estruct urar\u00e1n los recuerdos, las ideas y las creencias. Asumiendo una visi\u00f3n que podr\u00eda considerarse constructivista, se concibe al ser humano como un ente aut\u00f3nomo y responsable de las circunstancias que lo rodean. As\u00ed, el fen\u00f3meno del \u00c2\u00bfconocer\u00c2\u00bf se concept ualiza como un proceso activo de creaci\u00f3n, en donde sujeto-objeto se confunden. Esta concepci\u00f3n activa del ser humano en la construcci\u00f3n de su mundo, sugiere enormes posibilidades de desarrollo y crecimiento. Siempre ser\u00e1 posible cambiar nuestras vid as generando nuevas distinciones, creando nuevas posibilidades.  como una forma de llevar a la pr\u00e1ctica algunas de estas ideas, se realiz\u00f3 un peque\u00f1o estudio basado en la experiencia de algunas personas con el programa dhm. Un grupo de 21 sujetos vol untarios trabaj\u00f3 durante un mes y medio con una metodolog\u00eda que apuntaba a desarrollar habilidades metacognitivas y promover el cambio tipo ii. En las cinco sesiones de duraci\u00f3n, los participantes deb\u00edan identificar un problema en el que quisieran tr abajar, plantearse objetivos en relaci\u00f3n a \u00e9l y desarrollar un plan de acci\u00f3n enfocado a alcanzar lo planificado.    the reality\u00c2\u00bf s construction:  metacognitive habilities development program  key words: metacognition, mental representation, change    abstract  the thesis focuses on the psychological phenomena of mental representations. It analyzes how people integrate their new experiences by attaching to them their own meanings and subjectivities. In terms of the theoretical background, the the sis explores how people\u00c2\u00bfs experiences are transformed into mental representation that organizes memories, ideas and beliefs.  this thesis takes a \u00c2\u00bfcontructivist\u00c2\u00bf standpoint by conceiving human beings as autonomous and responsible of their surrounding  circumstances. The phenomenon of \u00c2\u00bfknowing\u00c2\u00bf is understood, thus, as an active process of creation in which subject-object duality appears highly entangled. It is argued that this \u00c2\u00bfcontructivist\u00c2\u00bf view of human being as active creator of their own worl<\/p>\n<p>&nbsp;<\/p>\n<h3>Datos acad\u00e9micos de la tesis doctoral \u00ab<strong>La construcci\u00f3n de la realidad: programa de desarrollo de habilidades metacognitivas.<\/strong>\u00ab<\/h3>\n<ul>\n<li><strong>T\u00edtulo de la tesis:<\/strong>\u00a0 La construcci\u00f3n de la realidad: programa de desarrollo de habilidades metacognitivas. <\/li>\n<li><strong>Autor:<\/strong>\u00a0 Diego Bravo Fuenzalida <\/li>\n<li><strong>Universidad:<\/strong>\u00a0 Complutense de Madrid<\/li>\n<li><strong>Fecha de lectura de la tesis:<\/strong>\u00a0 12\/12\/2008<\/li>\n<\/ul>\n<p>&nbsp;<\/p>\n<h3>Direcci\u00f3n y tribunal<\/h3>\n<ul>\n<li><strong>Director de la tesis<\/strong>\n<ul>\n<li>Emilio Garcia Garcia<\/li>\n<\/ul>\n<\/li>\n<li><strong>Tribunal<\/strong>\n<ul>\n<li>Presidente del tribunal: javier Gonz\u00e1lez marqu\u00e9s <\/li>\n<li>gonzalo Sampascual maicas (vocal)<\/li>\n<li>Francisco P\u00e9rez fern\u00e1ndez (vocal)<\/li>\n<li>salvador Martinez garcia (vocal)<\/li>\n<\/ul>\n<\/li>\n<\/ul>\n<p>&nbsp;<\/p>\n","protected":false},"excerpt":{"rendered":"<p>Tesis doctoral de Diego Bravo Fuenzalida La construcci\u00f3n de la realidad: programa de desarrollo de habilidades metacognitivas palabras claves: metacognici\u00f3n, [&hellip;]<\/p>\n","protected":false},"author":1,"featured_media":0,"comment_status":"open","ping_status":"open","sticky":false,"template":"","format":"standard","meta":{"site-sidebar-layout":"default","site-content-layout":"","ast-site-content-layout":"","site-content-style":"default","site-sidebar-style":"default","ast-global-header-display":"","ast-banner-title-visibility":"","ast-main-header-display":"","ast-hfb-above-header-display":"","ast-hfb-below-header-display":"","ast-hfb-mobile-header-display":"","site-post-title":"","ast-breadcrumbs-content":"","ast-featured-img":"","footer-sml-layout":"","theme-transparent-header-meta":"","adv-header-id-meta":"","stick-header-meta":"","header-above-stick-meta":"","header-main-stick-meta":"","header-below-stick-meta":"","astra-migrate-meta-layouts":"default","ast-page-background-enabled":"default","ast-page-background-meta":{"desktop":{"background-color":"var(--ast-global-color-4)","background-image":"","background-repeat":"repeat","background-position":"center center","background-size":"auto","background-attachment":"scroll","background-type":"","background-media":"","overlay-type":"","overlay-color":"","overlay-gradient":""},"tablet":{"background-color":"","background-image":"","background-repeat":"repeat","background-position":"center center","background-size":"auto","background-attachment":"scroll","background-type":"","background-media":"","overlay-type":"","overlay-color":"","overlay-gradient":""},"mobile":{"background-color":"","background-image":"","background-repeat":"repeat","background-position":"center center","background-size":"auto","background-attachment":"scroll","background-type":"","background-media":"","overlay-type":"","overlay-color":"","overlay-gradient":""}},"ast-content-background-meta":{"desktop":{"background-color":"var(--ast-global-color-5)","background-image":"","background-repeat":"repeat","background-position":"center center","background-size":"auto","background-attachment":"scroll","background-type":"","background-media":"","overlay-type":"","overlay-color":"","overlay-gradient":""},"tablet":{"background-color":"var(--ast-global-color-5)","background-image":"","background-repeat":"repeat","background-position":"center center","background-size":"auto","background-attachment":"scroll","background-type":"","background-media":"","overlay-type":"","overlay-color":"","overlay-gradient":""},"mobile":{"background-color":"var(--ast-global-color-5)","background-image":"","background-repeat":"repeat","background-position":"center center","background-size":"auto","background-attachment":"scroll","background-type":"","background-media":"","overlay-type":"","overlay-color":"","overlay-gradient":""}},"footnotes":""},"categories":[1],"tags":[187826,5137,93171,5138,6416,8997],"class_list":["post-90533","post","type-post","status-publish","format-standard","hentry","category-sin-categoria","tag-diego-bravo-fuenzalida","tag-emilio-garcia-garcia","tag-francisco-perez-fernandez","tag-gonzalo-sampascual-maicas","tag-javier-gonzalez-marques","tag-salvador-Martinez-garcia"],"_links":{"self":[{"href":"https:\/\/www.deberes.net\/tesis\/wp-json\/wp\/v2\/posts\/90533","targetHints":{"allow":["GET"]}}],"collection":[{"href":"https:\/\/www.deberes.net\/tesis\/wp-json\/wp\/v2\/posts"}],"about":[{"href":"https:\/\/www.deberes.net\/tesis\/wp-json\/wp\/v2\/types\/post"}],"author":[{"embeddable":true,"href":"https:\/\/www.deberes.net\/tesis\/wp-json\/wp\/v2\/users\/1"}],"replies":[{"embeddable":true,"href":"https:\/\/www.deberes.net\/tesis\/wp-json\/wp\/v2\/comments?post=90533"}],"version-history":[{"count":0,"href":"https:\/\/www.deberes.net\/tesis\/wp-json\/wp\/v2\/posts\/90533\/revisions"}],"wp:attachment":[{"href":"https:\/\/www.deberes.net\/tesis\/wp-json\/wp\/v2\/media?parent=90533"}],"wp:term":[{"taxonomy":"category","embeddable":true,"href":"https:\/\/www.deberes.net\/tesis\/wp-json\/wp\/v2\/categories?post=90533"},{"taxonomy":"post_tag","embeddable":true,"href":"https:\/\/www.deberes.net\/tesis\/wp-json\/wp\/v2\/tags?post=90533"}],"curies":[{"name":"wp","href":"https:\/\/api.w.org\/{rel}","templated":true}]}}