{"id":90689,"date":"2018-03-11T10:09:14","date_gmt":"2018-03-11T10:09:14","guid":{"rendered":"https:\/\/www.deberes.net\/tesis\/sin-categoria\/el-arte-de-ser-libre-en-el-pensamiento-de-tocqueville\/"},"modified":"2018-03-11T10:09:14","modified_gmt":"2018-03-11T10:09:14","slug":"el-arte-de-ser-libre-en-el-pensamiento-de-tocqueville","status":"publish","type":"post","link":"https:\/\/www.deberes.net\/tesis\/historia-del-pensamiento-economico\/el-arte-de-ser-libre-en-el-pensamiento-de-tocqueville\/","title":{"rendered":"El arte de ser libre en el pensamiento de tocqueville"},"content":{"rendered":"<h2>Tesis doctoral de <strong> Joao Roberto Dos Santos Da Costa E Silva <\/strong><\/h2>\n<p>Esta tesis permite percibir desde la perspectiva actual grandes conquistas cient\u00edficas en el campo de la antropolog\u00eda, las teor\u00edas del estado y la sociolog\u00eda de la religi\u00f3n. Estos tres \u00e1mbitos forman el n\u00facleo de la nueva ciencia pol\u00edtica, el m\u00e9todo de investigaci\u00f3n cient\u00edfica que ayud\u00f3 a tocqueville en el an\u00e1lisis de la sociedad contempor\u00e1nea, su origen, naturaleza y posible futuro. en mi investigaci\u00f3n comparo el estado social y pol\u00edtico democr\u00e1tico franc\u00e9s y el norteamericano, dos sociedades democr\u00e1ticas que presentan caracter\u00edsticas diferentes. Un recurso irrenunciable para evaluar las dificultades y las conquistas del proceso hist\u00f3rico de la \u00abrevoluci\u00f3n democr\u00e1tica\u00bb es el contraste entre francia-norteam\u00e9rica y la sociedad inglesa, una sociedad aristocr\u00e1tica que se orienta hacia la democracia.  en pleno siglo xix tocqueville se cuestiona sobre los medios necesarios para que el hombre democr\u00e1tico viva en libertad. Concluye que la soluci\u00f3n democr\u00e1tica al problema de la construcci\u00f3n de la libertad pol\u00edtica depende de las costumbres y de las leyes. Adem\u00e1s, ser\u00e1 decisivo conservar el nexo entre la libertad individual, la libertad municipal y la libertad pol\u00edtica, base de una consistente democracia representativa.<\/p>\n<p>&nbsp;<\/p>\n<h3>Datos acad\u00e9micos de la tesis doctoral \u00ab<strong>El arte de ser libre en el pensamiento de tocqueville<\/strong>\u00ab<\/h3>\n<ul>\n<li><strong>T\u00edtulo de la tesis:<\/strong>\u00a0 El arte de ser libre en el pensamiento de tocqueville <\/li>\n<li><strong>Autor:<\/strong>\u00a0 Joao Roberto Dos Santos Da Costa E Silva <\/li>\n<li><strong>Universidad:<\/strong>\u00a0 San pablo-ceu<\/li>\n<li><strong>Fecha de lectura de la tesis:<\/strong>\u00a0 15\/12\/2008<\/li>\n<\/ul>\n<p>&nbsp;<\/p>\n<h3>Direcci\u00f3n y tribunal<\/h3>\n<ul>\n<li><strong>Director de la tesis<\/strong>\n<ul>\n<li>Eduardo Nolla Blando<\/li>\n<\/ul>\n<\/li>\n<li><strong>Tribunal<\/strong>\n<ul>\n<li>Presidente del tribunal: dalmacio Negro pav\u00f3n <\/li>\n<li>joaquin Abellan garcia (vocal)<\/li>\n<li>Rafael Alvira dominguez (vocal)<\/li>\n<li>Miguel Ayuso torres (vocal)<\/li>\n<\/ul>\n<\/li>\n<\/ul>\n<p>&nbsp;<\/p>\n","protected":false},"excerpt":{"rendered":"<p>Tesis doctoral de Joao Roberto Dos Santos Da Costa E Silva Esta tesis permite percibir desde la perspectiva actual grandes [&hellip;]<\/p>\n","protected":false},"author":1,"featured_media":0,"comment_status":"open","ping_status":"open","sticky":false,"template":"","format":"standard","meta":{"site-sidebar-layout":"default","site-content-layout":"","ast-site-content-layout":"","site-content-style":"default","site-sidebar-style":"default","ast-global-header-display":"","ast-banner-title-visibility":"","ast-main-header-display":"","ast-hfb-above-header-display":"","ast-hfb-below-header-display":"","ast-hfb-mobile-header-display":"","site-post-title":"","ast-breadcrumbs-content":"","ast-featured-img":"","footer-sml-layout":"","theme-transparent-header-meta":"","adv-header-id-meta":"","stick-header-meta":"","header-above-stick-meta":"","header-main-stick-meta":"","header-below-stick-meta":"","astra-migrate-meta-layouts":"default","ast-page-background-enabled":"default","ast-page-background-meta":{"desktop":{"background-color":"var(--ast-global-color-4)","background-image":"","background-repeat":"repeat","background-position":"center center","background-size":"auto","background-attachment":"scroll","background-type":"","background-media":"","overlay-type":"","overlay-color":"","overlay-gradient":""},"tablet":{"background-color":"","background-image":"","background-repeat":"repeat","background-position":"center center","background-size":"auto","background-attachment":"scroll","background-type":"","background-media":"","overlay-type":"","overlay-color":"","overlay-gradient":""},"mobile":{"background-color":"","background-image":"","background-repeat":"repeat","background-position":"center center","background-size":"auto","background-attachment":"scroll","background-type":"","background-media":"","overlay-type":"","overlay-color":"","overlay-gradient":""}},"ast-content-background-meta":{"desktop":{"background-color":"var(--ast-global-color-5)","background-image":"","background-repeat":"repeat","background-position":"center center","background-size":"auto","background-attachment":"scroll","background-type":"","background-media":"","overlay-type":"","overlay-color":"","overlay-gradient":""},"tablet":{"background-color":"var(--ast-global-color-5)","background-image":"","background-repeat":"repeat","background-position":"center center","background-size":"auto","background-attachment":"scroll","background-type":"","background-media":"","overlay-type":"","overlay-color":"","overlay-gradient":""},"mobile":{"background-color":"var(--ast-global-color-5)","background-image":"","background-repeat":"repeat","background-position":"center center","background-size":"auto","background-attachment":"scroll","background-type":"","background-media":"","overlay-type":"","overlay-color":"","overlay-gradient":""}},"footnotes":""},"categories":[5250,3131,41920,17785,39800],"tags":[4685,188110,188109,93035,77050,17980],"class_list":["post-90689","post","type-post","status-publish","format-standard","hentry","category-filosofia-de-las-ciencias-sociales","category-historia-del-pensamiento-economico","category-planificacion-politica","category-religion","category-san-pablo-ceu","tag-dalmacio-negro-pavon","tag-eduardo-nolla-blando","tag-joao-roberto-dos-santos-da-costa-e-silva","tag-joaquin-abellan-garcia","tag-miguel-ayuso-torres","tag-rafael-alvira-dominguez"],"_links":{"self":[{"href":"https:\/\/www.deberes.net\/tesis\/wp-json\/wp\/v2\/posts\/90689","targetHints":{"allow":["GET"]}}],"collection":[{"href":"https:\/\/www.deberes.net\/tesis\/wp-json\/wp\/v2\/posts"}],"about":[{"href":"https:\/\/www.deberes.net\/tesis\/wp-json\/wp\/v2\/types\/post"}],"author":[{"embeddable":true,"href":"https:\/\/www.deberes.net\/tesis\/wp-json\/wp\/v2\/users\/1"}],"replies":[{"embeddable":true,"href":"https:\/\/www.deberes.net\/tesis\/wp-json\/wp\/v2\/comments?post=90689"}],"version-history":[{"count":0,"href":"https:\/\/www.deberes.net\/tesis\/wp-json\/wp\/v2\/posts\/90689\/revisions"}],"wp:attachment":[{"href":"https:\/\/www.deberes.net\/tesis\/wp-json\/wp\/v2\/media?parent=90689"}],"wp:term":[{"taxonomy":"category","embeddable":true,"href":"https:\/\/www.deberes.net\/tesis\/wp-json\/wp\/v2\/categories?post=90689"},{"taxonomy":"post_tag","embeddable":true,"href":"https:\/\/www.deberes.net\/tesis\/wp-json\/wp\/v2\/tags?post=90689"}],"curies":[{"name":"wp","href":"https:\/\/api.w.org\/{rel}","templated":true}]}}