{"id":90707,"date":"2018-03-11T10:09:18","date_gmt":"2018-03-11T10:09:18","guid":{"rendered":"https:\/\/www.deberes.net\/tesis\/sin-categoria\/caracterizacion-in-vitro-e-in-vivo-de-los-dominios-de-la-acetiltransferasa-pcaf\/"},"modified":"2018-03-11T10:09:18","modified_gmt":"2018-03-11T10:09:18","slug":"caracterizacion-in-vitro-e-in-vivo-de-los-dominios-de-la-acetiltransferasa-pcaf","status":"publish","type":"post","link":"https:\/\/www.deberes.net\/tesis\/biologia-celular\/caracterizacion-in-vitro-e-in-vivo-de-los-dominios-de-la-acetiltransferasa-pcaf\/","title":{"rendered":"Caracterizaci\u00f3n in vitro e in vivo de los dominios de la acetiltransferasa pcaf"},"content":{"rendered":"<h2>Tesis doctoral de <strong> Noem\u00ed Blanco Garc\u00eda <\/strong><\/h2>\n<p>El dna es la mol\u00e9cula biol\u00f3gica que contiene la informaci\u00f3n gen\u00e9tica de los organismos y en las c\u00e9lulas eucariotas se encuentra en el n\u00facleo. Dadas las dimensiones del dna es necesario compactarlo para poder almacenarlo en el espacio limitado del n\u00facleo. Esta compactaci\u00f3n se consigue gracias a la colaboraci\u00f3n de unas prote\u00ednas, las histonas, constituyendo la cromatina. El empaquetamiento del dna en el n\u00facleo no tiene un papel meramente estructural sino que tambi\u00e9n es funcional. Presentado un impedimento para cualquier proceso que requiera tener acceso a la informaci\u00f3n gen\u00e9tica. Para que los procesos celulares tengan lugar es necesario por tanto regular el grado de compactaci\u00f3n de la cromatina. Una de las maneras de hacerlo es a trav\u00e9s de las modificaciones postraduccionales que ocurren fundamentalmente en la regi\u00f3n n-terminal de la s histonas. La mas importante en el desarrollo de este trabajo es la acetilaci\u00f3n, una modificaci\u00f3n que se basa en la transferencia de un grupo acetilo proveniente del acetil coenzima a a un residuo de lisina, que neutraliza la carga positiva de las histonas y disminuye su afinidad por el dna, quedando este de una forma desplegada y mas accesible a los factores de transcripci\u00f3n, es por este motivo que la acetilaci\u00f3n se ha relacionado siempre con regiones del genoma transcripcionalmente activas. Esta reacci\u00f3n esta catalizada por los enzimas acetitransferasa de histonas  (hats). Parece que la acetilaci\u00f3n no tiene solo consecuencias meramente estructurales y la existencia de dominios proteicos que reconocen las lisinas acetiladas, los bromodominios, apoya esta hip\u00f3tesis. Los bromodominos se encuentran presentes en muchas prote\u00ednas asociadas a la cromatina y en pr\u00e1cticamente todas las hats conocidas y podr\u00edan ayudar a realizar funciones esenciales en la c\u00e9lula, como la remodelaci\u00f3n de la cromatina o la activaci\u00f3n transcripcional, anclando a las hats a la cromatina acetilada. en este trabajo hemos querido analizar los dominios funcionales de la acetiltransferasa pcaf, que incluye la caracterizaci\u00f3n de su bromo dominio en las funciones conocidas de pcaf y el an\u00e1lisis de la autoacetilaci\u00f3n intramolecular de pcaf en su localizaci\u00f3n celular.<\/p>\n<p>&nbsp;<\/p>\n<h3>Datos acad\u00e9micos de la tesis doctoral \u00ab<strong>Caracterizaci\u00f3n in vitro e in vivo de los dominios de la acetiltransferasa pcaf<\/strong>\u00ab<\/h3>\n<ul>\n<li><strong>T\u00edtulo de la tesis:<\/strong>\u00a0 Caracterizaci\u00f3n in vitro e in vivo de los dominios de la acetiltransferasa pcaf <\/li>\n<li><strong>Autor:<\/strong>\u00a0 Noem\u00ed Blanco Garc\u00eda <\/li>\n<li><strong>Universidad:<\/strong>\u00a0 Barcelona<\/li>\n<li><strong>Fecha de lectura de la tesis:<\/strong>\u00a0 15\/12\/2008<\/li>\n<\/ul>\n<p>&nbsp;<\/p>\n<h3>Direcci\u00f3n y tribunal<\/h3>\n<ul>\n<li><strong>Director de la tesis<\/strong>\n<ul>\n<li>Mar\u00eda \u00e1ngeles Mart\u00ednez Balb\u00e1s<\/li>\n<\/ul>\n<\/li>\n<li><strong>Tribunal<\/strong>\n<ul>\n<li>Presidente del tribunal: oriol Bachs valldeneu <\/li>\n<li>esteban Ballestar tarin (vocal)<\/li>\n<li>adoracion Huertas ruz (vocal)<\/li>\n<li>albert Jordan valles (vocal)<\/li>\n<\/ul>\n<\/li>\n<\/ul>\n<p>&nbsp;<\/p>\n","protected":false},"excerpt":{"rendered":"<p>Tesis doctoral de Noem\u00ed Blanco Garc\u00eda El dna es la mol\u00e9cula biol\u00f3gica que contiene la informaci\u00f3n gen\u00e9tica de los organismos [&hellip;]<\/p>\n","protected":false},"author":1,"featured_media":0,"comment_status":"open","ping_status":"open","sticky":false,"template":"","format":"standard","meta":{"site-sidebar-layout":"default","site-content-layout":"","ast-site-content-layout":"","site-content-style":"default","site-sidebar-style":"default","ast-global-header-display":"","ast-banner-title-visibility":"","ast-main-header-display":"","ast-hfb-above-header-display":"","ast-hfb-below-header-display":"","ast-hfb-mobile-header-display":"","site-post-title":"","ast-breadcrumbs-content":"","ast-featured-img":"","footer-sml-layout":"","theme-transparent-header-meta":"","adv-header-id-meta":"","stick-header-meta":"","header-above-stick-meta":"","header-main-stick-meta":"","header-below-stick-meta":"","astra-migrate-meta-layouts":"default","ast-page-background-enabled":"default","ast-page-background-meta":{"desktop":{"background-color":"var(--ast-global-color-4)","background-image":"","background-repeat":"repeat","background-position":"center center","background-size":"auto","background-attachment":"scroll","background-type":"","background-media":"","overlay-type":"","overlay-color":"","overlay-gradient":""},"tablet":{"background-color":"","background-image":"","background-repeat":"repeat","background-position":"center center","background-size":"auto","background-attachment":"scroll","background-type":"","background-media":"","overlay-type":"","overlay-color":"","overlay-gradient":""},"mobile":{"background-color":"","background-image":"","background-repeat":"repeat","background-position":"center center","background-size":"auto","background-attachment":"scroll","background-type":"","background-media":"","overlay-type":"","overlay-color":"","overlay-gradient":""}},"ast-content-background-meta":{"desktop":{"background-color":"var(--ast-global-color-5)","background-image":"","background-repeat":"repeat","background-position":"center center","background-size":"auto","background-attachment":"scroll","background-type":"","background-media":"","overlay-type":"","overlay-color":"","overlay-gradient":""},"tablet":{"background-color":"var(--ast-global-color-5)","background-image":"","background-repeat":"repeat","background-position":"center center","background-size":"auto","background-attachment":"scroll","background-type":"","background-media":"","overlay-type":"","overlay-color":"","overlay-gradient":""},"mobile":{"background-color":"var(--ast-global-color-5)","background-image":"","background-repeat":"repeat","background-position":"center center","background-size":"auto","background-attachment":"scroll","background-type":"","background-media":"","overlay-type":"","overlay-color":"","overlay-gradient":""}},"footnotes":""},"categories":[951,849,36483],"tags":[30395,130583,75741,123156,188148,19178],"class_list":["post-90707","post","type-post","status-publish","format-standard","hentry","category-barcelona","category-biologia-celular","category-biologia-molecular","tag-adoracion-huertas-ruz","tag-albert-jordan-valles","tag-esteban-ballestar-tarin","tag-maria-angeles-Martinez-balbas","tag-noemi-blanco-garcia","tag-oriol-bachs-valldeneu"],"_links":{"self":[{"href":"https:\/\/www.deberes.net\/tesis\/wp-json\/wp\/v2\/posts\/90707","targetHints":{"allow":["GET"]}}],"collection":[{"href":"https:\/\/www.deberes.net\/tesis\/wp-json\/wp\/v2\/posts"}],"about":[{"href":"https:\/\/www.deberes.net\/tesis\/wp-json\/wp\/v2\/types\/post"}],"author":[{"embeddable":true,"href":"https:\/\/www.deberes.net\/tesis\/wp-json\/wp\/v2\/users\/1"}],"replies":[{"embeddable":true,"href":"https:\/\/www.deberes.net\/tesis\/wp-json\/wp\/v2\/comments?post=90707"}],"version-history":[{"count":0,"href":"https:\/\/www.deberes.net\/tesis\/wp-json\/wp\/v2\/posts\/90707\/revisions"}],"wp:attachment":[{"href":"https:\/\/www.deberes.net\/tesis\/wp-json\/wp\/v2\/media?parent=90707"}],"wp:term":[{"taxonomy":"category","embeddable":true,"href":"https:\/\/www.deberes.net\/tesis\/wp-json\/wp\/v2\/categories?post=90707"},{"taxonomy":"post_tag","embeddable":true,"href":"https:\/\/www.deberes.net\/tesis\/wp-json\/wp\/v2\/tags?post=90707"}],"curies":[{"name":"wp","href":"https:\/\/api.w.org\/{rel}","templated":true}]}}