{"id":90725,"date":"2018-03-11T10:09:18","date_gmt":"2018-03-11T10:09:18","guid":{"rendered":"https:\/\/www.deberes.net\/tesis\/sin-categoria\/musica-religiosa-en-los-pueblos-del-valle-de-albaida-del-s-vii-hasta-los-inicios-del-s-xx\/"},"modified":"2018-03-11T10:09:18","modified_gmt":"2018-03-11T10:09:18","slug":"musica-religiosa-en-los-pueblos-del-valle-de-albaida-del-s-vii-hasta-los-inicios-del-s-xx","status":"publish","type":"post","link":"https:\/\/www.deberes.net\/tesis\/musica-y-musicologia\/musica-religiosa-en-los-pueblos-del-valle-de-albaida-del-s-vii-hasta-los-inicios-del-s-xx\/","title":{"rendered":"M\u00fasica religiosa en los pueblos del valle de albaida (del s.vii hasta los inicios del s.xx)"},"content":{"rendered":"<h2>Tesis doctoral de <strong> M\u00aa Elvira Juan  Llovet <\/strong><\/h2>\n<p>El objetivo principal de esta investigaci\u00f3n es estudiar la m\u00fasica religiosa de los pueblos del valle de albaida, del s vii ahasta los inicios del s.Xx, ya que ha sido el g\u00e9nero musical menos estudiado, a pesar de su extraordinaria riqueza, tanto en m\u00fasica de autor como en m\u00fasica popular o folkl\u00f3rica. El trabajo trata de ser un estudio de ambas, tanto en lo documental como en su transcripci\u00f3n.  las conclusiones a las que se ha llegado despu\u00e9s del trabajo de investigaci\u00f3n de esta t\u00e9sis doctoral, pueden servir de reflexi\u00f3n sobre los propios resultados. Se ha procurado ser fieles a la historia musical religiosa y a la de los instrumentos org\u00e1nicos que hubo en estos p\u00ed\u00b9eblos del valle de albaida, as\u00ed como, a la m\u00fasica folkl\u00f3rica y a los acontecimientos relacionados con todo ello.<\/p>\n<p>&nbsp;<\/p>\n<h3>Datos acad\u00e9micos de la tesis doctoral \u00ab<strong>M\u00fasica religiosa en los pueblos del valle de albaida (del s.vii hasta los inicios del s.xx)<\/strong>\u00ab<\/h3>\n<ul>\n<li><strong>T\u00edtulo de la tesis:<\/strong>\u00a0 M\u00fasica religiosa en los pueblos del valle de albaida (del s.vii hasta los inicios del s.xx) <\/li>\n<li><strong>Autor:<\/strong>\u00a0 M\u00aa Elvira Juan  Llovet <\/li>\n<li><strong>Universidad:<\/strong>\u00a0 Universitat de val\u00e9ncia (estudi general)<\/li>\n<li><strong>Fecha de lectura de la tesis:<\/strong>\u00a0 16\/12\/2008<\/li>\n<\/ul>\n<p>&nbsp;<\/p>\n<h3>Direcci\u00f3n y tribunal<\/h3>\n<ul>\n<li><strong>Director de la tesis<\/strong>\n<ul>\n<li>Mar\u00eda  Carmen Alfaro Giner<\/li>\n<\/ul>\n<\/li>\n<li><strong>Tribunal<\/strong>\n<ul>\n<li>Presidente del tribunal: Francisco javier Fernandez nieto <\/li>\n<li>joaquin Arnau amo (vocal)<\/li>\n<li>vicent Ros perez (vocal)<\/li>\n<li>bartomeu Jaume bauz\u00ed\u00a0 (vocal)<\/li>\n<\/ul>\n<\/li>\n<\/ul>\n<p>&nbsp;<\/p>\n","protected":false},"excerpt":{"rendered":"<p>Tesis doctoral de M\u00aa Elvira Juan Llovet El objetivo principal de esta investigaci\u00f3n es estudiar la m\u00fasica religiosa de los [&hellip;]<\/p>\n","protected":false},"author":1,"featured_media":0,"comment_status":"open","ping_status":"open","sticky":false,"template":"","format":"standard","meta":{"site-sidebar-layout":"default","site-content-layout":"","ast-site-content-layout":"","site-content-style":"default","site-sidebar-style":"default","ast-global-header-display":"","ast-banner-title-visibility":"","ast-main-header-display":"","ast-hfb-above-header-display":"","ast-hfb-below-header-display":"","ast-hfb-mobile-header-display":"","site-post-title":"","ast-breadcrumbs-content":"","ast-featured-img":"","footer-sml-layout":"","theme-transparent-header-meta":"","adv-header-id-meta":"","stick-header-meta":"","header-above-stick-meta":"","header-main-stick-meta":"","header-below-stick-meta":"","astra-migrate-meta-layouts":"default","ast-page-background-enabled":"default","ast-page-background-meta":{"desktop":{"background-color":"var(--ast-global-color-4)","background-image":"","background-repeat":"repeat","background-position":"center center","background-size":"auto","background-attachment":"scroll","background-type":"","background-media":"","overlay-type":"","overlay-color":"","overlay-gradient":""},"tablet":{"background-color":"","background-image":"","background-repeat":"repeat","background-position":"center center","background-size":"auto","background-attachment":"scroll","background-type":"","background-media":"","overlay-type":"","overlay-color":"","overlay-gradient":""},"mobile":{"background-color":"","background-image":"","background-repeat":"repeat","background-position":"center center","background-size":"auto","background-attachment":"scroll","background-type":"","background-media":"","overlay-type":"","overlay-color":"","overlay-gradient":""}},"ast-content-background-meta":{"desktop":{"background-color":"var(--ast-global-color-5)","background-image":"","background-repeat":"repeat","background-position":"center center","background-size":"auto","background-attachment":"scroll","background-type":"","background-media":"","overlay-type":"","overlay-color":"","overlay-gradient":""},"tablet":{"background-color":"var(--ast-global-color-5)","background-image":"","background-repeat":"repeat","background-position":"center center","background-size":"auto","background-attachment":"scroll","background-type":"","background-media":"","overlay-type":"","overlay-color":"","overlay-gradient":""},"mobile":{"background-color":"var(--ast-global-color-5)","background-image":"","background-repeat":"repeat","background-position":"center center","background-size":"auto","background-attachment":"scroll","background-type":"","background-media":"","overlay-type":"","overlay-color":"","overlay-gradient":""}},"footnotes":""},"categories":[33585,9132],"tags":[188172,572,16942,24161,188171,42680],"class_list":["post-90725","post","type-post","status-publish","format-standard","hentry","category-folklore","category-musica-y-musicologia","tag-bartomeu-jaume-bauzi","tag-francisco-javier-fernandez-nieto","tag-joaquin-arnau-amo","tag-maria-carmen-alfaro-giner","tag-ma-elvira-juan-llovet","tag-vicent-ros-perez"],"_links":{"self":[{"href":"https:\/\/www.deberes.net\/tesis\/wp-json\/wp\/v2\/posts\/90725","targetHints":{"allow":["GET"]}}],"collection":[{"href":"https:\/\/www.deberes.net\/tesis\/wp-json\/wp\/v2\/posts"}],"about":[{"href":"https:\/\/www.deberes.net\/tesis\/wp-json\/wp\/v2\/types\/post"}],"author":[{"embeddable":true,"href":"https:\/\/www.deberes.net\/tesis\/wp-json\/wp\/v2\/users\/1"}],"replies":[{"embeddable":true,"href":"https:\/\/www.deberes.net\/tesis\/wp-json\/wp\/v2\/comments?post=90725"}],"version-history":[{"count":0,"href":"https:\/\/www.deberes.net\/tesis\/wp-json\/wp\/v2\/posts\/90725\/revisions"}],"wp:attachment":[{"href":"https:\/\/www.deberes.net\/tesis\/wp-json\/wp\/v2\/media?parent=90725"}],"wp:term":[{"taxonomy":"category","embeddable":true,"href":"https:\/\/www.deberes.net\/tesis\/wp-json\/wp\/v2\/categories?post=90725"},{"taxonomy":"post_tag","embeddable":true,"href":"https:\/\/www.deberes.net\/tesis\/wp-json\/wp\/v2\/tags?post=90725"}],"curies":[{"name":"wp","href":"https:\/\/api.w.org\/{rel}","templated":true}]}}