{"id":90776,"date":"2018-03-11T10:09:23","date_gmt":"2018-03-11T10:09:23","guid":{"rendered":"https:\/\/www.deberes.net\/tesis\/sin-categoria\/filosofa%c2%ada-y-fe-en-pascal\/"},"modified":"2018-03-11T10:09:23","modified_gmt":"2018-03-11T10:09:23","slug":"filosofa%c2%ada-y-fe-en-pascal","status":"publish","type":"post","link":"https:\/\/www.deberes.net\/tesis\/filosofia-moderna\/filosofa%c2%ada-y-fe-en-pascal\/","title":{"rendered":"Filosof\u00eday fe en pascal"},"content":{"rendered":"<h2>Tesis doctoral de <strong> Mar\u00eda Del Carmen Monasterio Hern\u00e1ndez <\/strong><\/h2>\n<p>El objetivo del trabajo es descubrir la postura de pascal respecto a la relaci\u00f3n entre filosof\u00eda y fe. Trata de indagar si constituyen \u00e1mbitos separados o si, por el contrario, constituyen zonas au-t\u00f3nomas entre las que es posible establecer alguna relaci\u00f3n.  el trabajo comienza por una introducci\u00f3n al contexto intelectual y a la biograf\u00eda del autor, analiza los rasgos principales del fen\u00f3meno de port-royal y los principales rasgos de la filosof\u00eda pascaliana.   el discurso filos\u00f3fico pascaliano conecta con los grandes movimientos intelectuales de la \u00e9poca, como son el estoicismo y el escepticismo, y se presenta como una reacci\u00f3n al racionalismo. Presenta la filosof\u00eda como un saber apor\u00e9tico que aporta un cierto nivel de respuesta a las cuestiones fundamentales que afectan a la existencia humana y, al mismo tiempo, plantea la necesidad de no quedarse en esa reflexi\u00f3n. Es una filosof\u00eda del hombre abierta a otras instancias cognoscitivas y, en \u00faltimo t\u00e9rmino a la fe.  a pesar del reconocimiento con el que cuenta la figura de pascal \u00c2\u00bftambi\u00e9n en nuestro pa-\u00eds\u00c2\u00bf hace pocas d\u00e9cadas que los estudios pascalianos han experimentado un impulso notable a ins-tancias de autores franceses que han comenzado por reconstruir el plan que pascal hab\u00eda previsto dar a les pens\u00e9es, una obra p\u00f3stuma y de importancia capital en orden a mostrar su discurso filos\u00f3-fico. esta tesis doctoral, realizada desde una perspectiva filos\u00f3fica, presenta un texto en espa\u00f1ol que utiliza las ediciones de obras a\u00fan poco conocidas en espa\u00f1a y, sin embargo, de gran importan-cia para comprender su pensamiento.<\/p>\n<p>&nbsp;<\/p>\n<h3>Datos acad\u00e9micos de la tesis doctoral \u00ab<strong>Filosof\u00eday fe en pascal<\/strong>\u00ab<\/h3>\n<ul>\n<li><strong>T\u00edtulo de la tesis:<\/strong>\u00a0 Filosof\u00eday fe en pascal <\/li>\n<li><strong>Autor:<\/strong>\u00a0 Mar\u00eda Del Carmen Monasterio Hern\u00e1ndez <\/li>\n<li><strong>Universidad:<\/strong>\u00a0 Navarra<\/li>\n<li><strong>Fecha de lectura de la tesis:<\/strong>\u00a0 17\/12\/2008<\/li>\n<\/ul>\n<p>&nbsp;<\/p>\n<h3>Direcci\u00f3n y tribunal<\/h3>\n<ul>\n<li><strong>Director de la tesis<\/strong>\n<ul>\n<li>Alejandro Llano Cifuentes<\/li>\n<\/ul>\n<\/li>\n<li><strong>Tribunal<\/strong>\n<ul>\n<li>Presidente del tribunal: angel Luis Gonzalez garcia <\/li>\n<li>Jos\u00e9 Antonio Millan alba (vocal)<\/li>\n<li>helene Michon (vocal)<\/li>\n<li>herve Pascua (vocal)<\/li>\n<\/ul>\n<\/li>\n<\/ul>\n<p>&nbsp;<\/p>\n","protected":false},"excerpt":{"rendered":"<p>Tesis doctoral de Mar\u00eda Del Carmen Monasterio Hern\u00e1ndez El objetivo del trabajo es descubrir la postura de pascal respecto a [&hellip;]<\/p>\n","protected":false},"author":1,"featured_media":0,"comment_status":"open","ping_status":"open","sticky":false,"template":"","format":"standard","meta":{"site-sidebar-layout":"default","site-content-layout":"","ast-site-content-layout":"","site-content-style":"default","site-sidebar-style":"default","ast-global-header-display":"","ast-banner-title-visibility":"","ast-main-header-display":"","ast-hfb-above-header-display":"","ast-hfb-below-header-display":"","ast-hfb-mobile-header-display":"","site-post-title":"","ast-breadcrumbs-content":"","ast-featured-img":"","footer-sml-layout":"","theme-transparent-header-meta":"","adv-header-id-meta":"","stick-header-meta":"","header-above-stick-meta":"","header-main-stick-meta":"","header-below-stick-meta":"","astra-migrate-meta-layouts":"default","ast-page-background-enabled":"default","ast-page-background-meta":{"desktop":{"background-color":"var(--ast-global-color-4)","background-image":"","background-repeat":"repeat","background-position":"center center","background-size":"auto","background-attachment":"scroll","background-type":"","background-media":"","overlay-type":"","overlay-color":"","overlay-gradient":""},"tablet":{"background-color":"","background-image":"","background-repeat":"repeat","background-position":"center center","background-size":"auto","background-attachment":"scroll","background-type":"","background-media":"","overlay-type":"","overlay-color":"","overlay-gradient":""},"mobile":{"background-color":"","background-image":"","background-repeat":"repeat","background-position":"center center","background-size":"auto","background-attachment":"scroll","background-type":"","background-media":"","overlay-type":"","overlay-color":"","overlay-gradient":""}},"ast-content-background-meta":{"desktop":{"background-color":"var(--ast-global-color-5)","background-image":"","background-repeat":"repeat","background-position":"center center","background-size":"auto","background-attachment":"scroll","background-type":"","background-media":"","overlay-type":"","overlay-color":"","overlay-gradient":""},"tablet":{"background-color":"var(--ast-global-color-5)","background-image":"","background-repeat":"repeat","background-position":"center center","background-size":"auto","background-attachment":"scroll","background-type":"","background-media":"","overlay-type":"","overlay-color":"","overlay-gradient":""},"mobile":{"background-color":"var(--ast-global-color-5)","background-image":"","background-repeat":"repeat","background-position":"center center","background-size":"auto","background-attachment":"scroll","background-type":"","background-media":"","overlay-type":"","overlay-color":"","overlay-gradient":""}},"footnotes":""},"categories":[1058,1078,17749],"tags":[18060,18036,188266,188267,188265,188264],"class_list":["post-90776","post","type-post","status-publish","format-standard","hentry","category-filosofia-moderna","category-filosofia-social","category-navarra","tag-alejandro-llano-cifuentes","tag-angel-luis-gonzalez-garcia","tag-helene-michon","tag-herve-pascua","tag-jose-antonio-millan-alba","tag-maria-del-carmen-monasterio-hernandez"],"_links":{"self":[{"href":"https:\/\/www.deberes.net\/tesis\/wp-json\/wp\/v2\/posts\/90776","targetHints":{"allow":["GET"]}}],"collection":[{"href":"https:\/\/www.deberes.net\/tesis\/wp-json\/wp\/v2\/posts"}],"about":[{"href":"https:\/\/www.deberes.net\/tesis\/wp-json\/wp\/v2\/types\/post"}],"author":[{"embeddable":true,"href":"https:\/\/www.deberes.net\/tesis\/wp-json\/wp\/v2\/users\/1"}],"replies":[{"embeddable":true,"href":"https:\/\/www.deberes.net\/tesis\/wp-json\/wp\/v2\/comments?post=90776"}],"version-history":[{"count":0,"href":"https:\/\/www.deberes.net\/tesis\/wp-json\/wp\/v2\/posts\/90776\/revisions"}],"wp:attachment":[{"href":"https:\/\/www.deberes.net\/tesis\/wp-json\/wp\/v2\/media?parent=90776"}],"wp:term":[{"taxonomy":"category","embeddable":true,"href":"https:\/\/www.deberes.net\/tesis\/wp-json\/wp\/v2\/categories?post=90776"},{"taxonomy":"post_tag","embeddable":true,"href":"https:\/\/www.deberes.net\/tesis\/wp-json\/wp\/v2\/tags?post=90776"}],"curies":[{"name":"wp","href":"https:\/\/api.w.org\/{rel}","templated":true}]}}