{"id":90883,"date":"2018-03-11T10:09:32","date_gmt":"2018-03-11T10:09:32","guid":{"rendered":"https:\/\/www.deberes.net\/tesis\/sin-categoria\/cap-el-cinema-cola%c2%b7laboratiu-pra-ctiques-culturals-i-formes-de-produccio-participatives\/"},"modified":"2018-03-11T10:09:32","modified_gmt":"2018-03-11T10:09:32","slug":"cap-el-cinema-cola%c2%b7laboratiu-pra-ctiques-culturals-i-formes-de-produccio-participatives","status":"publish","type":"post","link":"https:\/\/www.deberes.net\/tesis\/cinematografia\/cap-el-cinema-cola%c2%b7laboratiu-pra-ctiques-culturals-i-formes-de-produccio-participatives\/","title":{"rendered":"Cap el cinema col\u00c2\u00b7laboratiu: pr\u00c1\u00a0ctiques culturals i formes de producci\u00f3 participatives"},"content":{"rendered":"<h2>Tesis doctoral de <strong> Toni Roig Telo <\/strong><\/h2>\n<p>Esta tesis se centra en el estudio de las pr\u00e1cticas culturales y los modelos emergentes de creaci\u00f3n y distribuci\u00f3n de cine a trav\u00e9s de internet. Hago especial \u00e9nfasis en aquellos casos basados en la participaci\u00f3n de comunidades en el desarrollo de proyectos y la flexibilizaci\u00f3n del copyright, lo cual facilita la implicaci\u00f3n de los usuarios. Defiendo que estas pr\u00e1cticas, que oscilan entre la legitimaci\u00f3n de formas de apropiaci\u00f3n o remezcla hasta la integraci\u00f3n efectiva de los p\u00fablicos en los procesos productivos plantean toda una serie de cuestiones primordiales en relaci\u00f3n a las pr\u00e1cticas industriales y al papel de internet en relaci\u00f3n a la creaci\u00f3n de contenidos audiovisuales. Metodol\u00f3gicamente esta tesis doctoral se fundamenta en una aproximaci\u00f3n comparativa a tres casos paradigm\u00e1ticos desde la perspectiva de las teor\u00edas sobre las pr\u00e1cticas.<\/p>\n<p>&nbsp;<\/p>\n<h3>Datos acad\u00e9micos de la tesis doctoral \u00ab<strong>Cap el cinema col\u00c2\u00b7laboratiu: pr\u00c1\u00a0ctiques culturals i formes de producci\u00f3 participatives<\/strong>\u00ab<\/h3>\n<ul>\n<li><strong>T\u00edtulo de la tesis:<\/strong>\u00a0 Cap el cinema col\u00c2\u00b7laboratiu: pr\u00c1\u00a0ctiques culturals i formes de producci\u00f3 participatives <\/li>\n<li><strong>Autor:<\/strong>\u00a0 Toni Roig Telo <\/li>\n<li><strong>Universidad:<\/strong>\u00a0 Oberta de catalunya<\/li>\n<li><strong>Fecha de lectura de la tesis:<\/strong>\u00a0 18\/12\/2008<\/li>\n<\/ul>\n<p>&nbsp;<\/p>\n<h3>Direcci\u00f3n y tribunal<\/h3>\n<ul>\n<li><strong>Director de la tesis<\/strong>\n<ul>\n<li>Imma Tubella Casadevall<\/li>\n<\/ul>\n<\/li>\n<li><strong>Tribunal<\/strong>\n<ul>\n<li>Presidente del tribunal: josep Mar\u00eda Catal? dom\u00e9nech <\/li>\n<li>john Postill (vocal)<\/li>\n<li>Jorge Alberich pascual (vocal)<\/li>\n<li>josep llu\u00eds Fec\u00e9 g\u00f3mez (vocal)<\/li>\n<\/ul>\n<\/li>\n<\/ul>\n<p>&nbsp;<\/p>\n","protected":false},"excerpt":{"rendered":"<p>Tesis doctoral de Toni Roig Telo Esta tesis se centra en el estudio de las pr\u00e1cticas culturales y los modelos [&hellip;]<\/p>\n","protected":false},"author":1,"featured_media":0,"comment_status":"open","ping_status":"open","sticky":false,"template":"","format":"standard","meta":{"site-sidebar-layout":"default","site-content-layout":"","ast-site-content-layout":"","site-content-style":"default","site-sidebar-style":"default","ast-global-header-display":"","ast-banner-title-visibility":"","ast-main-header-display":"","ast-hfb-above-header-display":"","ast-hfb-below-header-display":"","ast-hfb-mobile-header-display":"","site-post-title":"","ast-breadcrumbs-content":"","ast-featured-img":"","footer-sml-layout":"","theme-transparent-header-meta":"","adv-header-id-meta":"","stick-header-meta":"","header-above-stick-meta":"","header-main-stick-meta":"","header-below-stick-meta":"","astra-migrate-meta-layouts":"default","ast-page-background-enabled":"default","ast-page-background-meta":{"desktop":{"background-color":"var(--ast-global-color-4)","background-image":"","background-repeat":"repeat","background-position":"center center","background-size":"auto","background-attachment":"scroll","background-type":"","background-media":"","overlay-type":"","overlay-color":"","overlay-gradient":""},"tablet":{"background-color":"","background-image":"","background-repeat":"repeat","background-position":"center center","background-size":"auto","background-attachment":"scroll","background-type":"","background-media":"","overlay-type":"","overlay-color":"","overlay-gradient":""},"mobile":{"background-color":"","background-image":"","background-repeat":"repeat","background-position":"center center","background-size":"auto","background-attachment":"scroll","background-type":"","background-media":"","overlay-type":"","overlay-color":"","overlay-gradient":""}},"ast-content-background-meta":{"desktop":{"background-color":"var(--ast-global-color-5)","background-image":"","background-repeat":"repeat","background-position":"center center","background-size":"auto","background-attachment":"scroll","background-type":"","background-media":"","overlay-type":"","overlay-color":"","overlay-gradient":""},"tablet":{"background-color":"var(--ast-global-color-5)","background-image":"","background-repeat":"repeat","background-position":"center center","background-size":"auto","background-attachment":"scroll","background-type":"","background-media":"","overlay-type":"","overlay-color":"","overlay-gradient":""},"mobile":{"background-color":"var(--ast-global-color-5)","background-image":"","background-repeat":"repeat","background-position":"center center","background-size":"auto","background-attachment":"scroll","background-type":"","background-media":"","overlay-type":"","overlay-color":"","overlay-gradient":""}},"footnotes":""},"categories":[5547,118528,13715],"tags":[120079,188466,99614,62733,43200,188465],"class_list":["post-90883","post","type-post","status-publish","format-standard","hentry","category-cinematografia","category-oberta-de-catalunya","category-sociologia-de-los-medios-de-comunicacion-de-masas","tag-imma-tubella-casadevall","tag-john-postill","tag-jorge-alberich-pascual","tag-josep-lluis-fece-gomez","tag-josep-maria-catal-domenech","tag-toni-roig-telo"],"_links":{"self":[{"href":"https:\/\/www.deberes.net\/tesis\/wp-json\/wp\/v2\/posts\/90883","targetHints":{"allow":["GET"]}}],"collection":[{"href":"https:\/\/www.deberes.net\/tesis\/wp-json\/wp\/v2\/posts"}],"about":[{"href":"https:\/\/www.deberes.net\/tesis\/wp-json\/wp\/v2\/types\/post"}],"author":[{"embeddable":true,"href":"https:\/\/www.deberes.net\/tesis\/wp-json\/wp\/v2\/users\/1"}],"replies":[{"embeddable":true,"href":"https:\/\/www.deberes.net\/tesis\/wp-json\/wp\/v2\/comments?post=90883"}],"version-history":[{"count":0,"href":"https:\/\/www.deberes.net\/tesis\/wp-json\/wp\/v2\/posts\/90883\/revisions"}],"wp:attachment":[{"href":"https:\/\/www.deberes.net\/tesis\/wp-json\/wp\/v2\/media?parent=90883"}],"wp:term":[{"taxonomy":"category","embeddable":true,"href":"https:\/\/www.deberes.net\/tesis\/wp-json\/wp\/v2\/categories?post=90883"},{"taxonomy":"post_tag","embeddable":true,"href":"https:\/\/www.deberes.net\/tesis\/wp-json\/wp\/v2\/tags?post=90883"}],"curies":[{"name":"wp","href":"https:\/\/api.w.org\/{rel}","templated":true}]}}