{"id":90895,"date":"2018-03-11T10:09:32","date_gmt":"2018-03-11T10:09:32","guid":{"rendered":"https:\/\/www.deberes.net\/tesis\/sin-categoria\/brudila-calli-respuesta-de-la-mujer-gitana-del-abandono-de-los-estudios-de-la-mujer-gitana-al-exito-escolar-de-las-ninas-y-adolescentes-gitanas\/"},"modified":"2018-03-11T10:09:32","modified_gmt":"2018-03-11T10:09:32","slug":"brudila-calli-respuesta-de-la-mujer-gitana-del-abandono-de-los-estudios-de-la-mujer-gitana-al-exito-escolar-de-las-ninas-y-adolescentes-gitanas","status":"publish","type":"post","link":"https:\/\/www.deberes.net\/tesis\/barcelona\/brudila-calli-respuesta-de-la-mujer-gitana-del-abandono-de-los-estudios-de-la-mujer-gitana-al-exito-escolar-de-las-ninas-y-adolescentes-gitanas\/","title":{"rendered":"Brudila calli (respuesta de la mujer gitana). del abandono de los estudios de la mujer gitana al \u00e9xito escolar de las ni\u00f1as y adolescentes gitanas"},"content":{"rendered":"<h2>Tesis doctoral de <strong> Adriana Aubert Simon <\/strong><\/h2>\n<p>Brudilla calli (respuesta de la mujer gitana). Del abandono de los estudios de la mujer gitana al \u00e9xito escolar de las ni\u00f1as y adolescentes gitanas)  a pesar de que las ni\u00f1as y ni\u00f1os gitanos est\u00e1n ya generalmente escolarizados, llega un momento en que muchos y sobre todo muchas ni\u00f1as gitanas dejan los estudios, \u00c2\u00bfpor qu\u00e9? A pesar de que el acceso a la educaci\u00f3n es el principal mecanismo de superaci\u00f3n de la exclusi\u00f3n que sufre el pueblo gitano, sus hijos e hijas siguen abandonando la escuela. \u00c2\u00bfpor qu\u00e9?. Los discursos hegem\u00f3nicos influenciados por concepciones tanto etnocentristas como relativistas est\u00e1n responsabilizando a las propias personas gitanas de su situaci\u00f3n de exclusi\u00f3n social y educativa, bloqueando toda posible salida.   los discursos etnocentristas, muy presentes en los claustros blancos de nuestras escuelas, insisten en la falta de motivaci\u00f3n  de las familias gitanas por la educaci\u00f3n de sus hijos e hijas. Los discursos relativistas defienden la supuesta identidad gitana contraria a la escolarizaci\u00f3n de sus hijas e hijos  para evitar la destrucci\u00f3n de su cultura. De este modo el absentismo y fracaso escolar de las ni\u00f1as y adolescentes gitanas acaba siendo visto como algo \u00abnatural\u00bb, como un hecho \u00abcultura\u00bb legitimando las desigualdades existentes.  el objetivo de esta tesis ha sido demostrar que la superaci\u00f3n del alarmante fracaso escolar de las ni\u00f1as gitanas, y en concreto su absentismo, pasa por transformar un sistema educativo que no ha sido pensado para ellas ni ha tenido hasta ahora en cuenta las voces gitanas. Esta tesis profundiza en esas voces y demuestra como en los lugares que m\u00e1s se est\u00e1n teniendo en cuenta es donde est\u00e1n logrando mayor \u00e9xito educativo.<\/p>\n<p>&nbsp;<\/p>\n<h3>Datos acad\u00e9micos de la tesis doctoral \u00ab<strong>Brudila calli (respuesta de la mujer gitana). del abandono de los estudios de la mujer gitana al \u00e9xito escolar de las ni\u00f1as y adolescentes gitanas<\/strong>\u00ab<\/h3>\n<ul>\n<li><strong>T\u00edtulo de la tesis:<\/strong>\u00a0 Brudila calli (respuesta de la mujer gitana). del abandono de los estudios de la mujer gitana al \u00e9xito escolar de las ni\u00f1as y adolescentes gitanas <\/li>\n<li><strong>Autor:<\/strong>\u00a0 Adriana Aubert Simon <\/li>\n<li><strong>Universidad:<\/strong>\u00a0 Barcelona<\/li>\n<li><strong>Fecha de lectura de la tesis:<\/strong>\u00a0 18\/12\/2008<\/li>\n<\/ul>\n<p>&nbsp;<\/p>\n<h3>Direcci\u00f3n y tribunal<\/h3>\n<ul>\n<li><strong>Director de la tesis<\/strong>\n<ul>\n<li>Mar\u00eda  Rosa Valls Carol<\/li>\n<\/ul>\n<\/li>\n<li><strong>Tribunal<\/strong>\n<ul>\n<li>Presidente del tribunal: jose Ortega esteban <\/li>\n<li>teresa Sord\u00e9 mart\u00ed (vocal)<\/li>\n<li>josep Mar\u00eda Rotger  cerd\u00ed\u00a0 (vocal)<\/li>\n<li>Antonio Sanchez  asin (vocal)<\/li>\n<\/ul>\n<\/li>\n<\/ul>\n<p>&nbsp;<\/p>\n","protected":false},"excerpt":{"rendered":"<p>Tesis doctoral de Adriana Aubert Simon Brudilla calli (respuesta de la mujer gitana). Del abandono de los estudios de la [&hellip;]<\/p>\n","protected":false},"author":1,"featured_media":0,"comment_status":"open","ping_status":"open","sticky":false,"template":"","format":"standard","meta":{"site-sidebar-layout":"default","site-content-layout":"","ast-site-content-layout":"","site-content-style":"default","site-sidebar-style":"default","ast-global-header-display":"","ast-banner-title-visibility":"","ast-main-header-display":"","ast-hfb-above-header-display":"","ast-hfb-below-header-display":"","ast-hfb-mobile-header-display":"","site-post-title":"","ast-breadcrumbs-content":"","ast-featured-img":"","footer-sml-layout":"","theme-transparent-header-meta":"","adv-header-id-meta":"","stick-header-meta":"","header-above-stick-meta":"","header-main-stick-meta":"","header-below-stick-meta":"","astra-migrate-meta-layouts":"default","ast-page-background-enabled":"default","ast-page-background-meta":{"desktop":{"background-color":"var(--ast-global-color-4)","background-image":"","background-repeat":"repeat","background-position":"center center","background-size":"auto","background-attachment":"scroll","background-type":"","background-media":"","overlay-type":"","overlay-color":"","overlay-gradient":""},"tablet":{"background-color":"","background-image":"","background-repeat":"repeat","background-position":"center center","background-size":"auto","background-attachment":"scroll","background-type":"","background-media":"","overlay-type":"","overlay-color":"","overlay-gradient":""},"mobile":{"background-color":"","background-image":"","background-repeat":"repeat","background-position":"center center","background-size":"auto","background-attachment":"scroll","background-type":"","background-media":"","overlay-type":"","overlay-color":"","overlay-gradient":""}},"ast-content-background-meta":{"desktop":{"background-color":"var(--ast-global-color-5)","background-image":"","background-repeat":"repeat","background-position":"center center","background-size":"auto","background-attachment":"scroll","background-type":"","background-media":"","overlay-type":"","overlay-color":"","overlay-gradient":""},"tablet":{"background-color":"var(--ast-global-color-5)","background-image":"","background-repeat":"repeat","background-position":"center center","background-size":"auto","background-attachment":"scroll","background-type":"","background-media":"","overlay-type":"","overlay-color":"","overlay-gradient":""},"mobile":{"background-color":"var(--ast-global-color-5)","background-image":"","background-repeat":"repeat","background-position":"center center","background-size":"auto","background-attachment":"scroll","background-type":"","background-media":"","overlay-type":"","overlay-color":"","overlay-gradient":""}},"footnotes":""},"categories":[951,11958],"tags":[188490,38735,9765,41413,132725,188491],"class_list":["post-90895","post","type-post","status-publish","format-standard","hentry","category-barcelona","category-teorias-educativas","tag-adriana-aubert-simon","tag-antonio-sanchez-asin","tag-jose-ortega-esteban","tag-josep-maria-rotger-cerdi","tag-maria-rosa-valls-carol","tag-teresa-sorde-marti"],"_links":{"self":[{"href":"https:\/\/www.deberes.net\/tesis\/wp-json\/wp\/v2\/posts\/90895","targetHints":{"allow":["GET"]}}],"collection":[{"href":"https:\/\/www.deberes.net\/tesis\/wp-json\/wp\/v2\/posts"}],"about":[{"href":"https:\/\/www.deberes.net\/tesis\/wp-json\/wp\/v2\/types\/post"}],"author":[{"embeddable":true,"href":"https:\/\/www.deberes.net\/tesis\/wp-json\/wp\/v2\/users\/1"}],"replies":[{"embeddable":true,"href":"https:\/\/www.deberes.net\/tesis\/wp-json\/wp\/v2\/comments?post=90895"}],"version-history":[{"count":0,"href":"https:\/\/www.deberes.net\/tesis\/wp-json\/wp\/v2\/posts\/90895\/revisions"}],"wp:attachment":[{"href":"https:\/\/www.deberes.net\/tesis\/wp-json\/wp\/v2\/media?parent=90895"}],"wp:term":[{"taxonomy":"category","embeddable":true,"href":"https:\/\/www.deberes.net\/tesis\/wp-json\/wp\/v2\/categories?post=90895"},{"taxonomy":"post_tag","embeddable":true,"href":"https:\/\/www.deberes.net\/tesis\/wp-json\/wp\/v2\/tags?post=90895"}],"curies":[{"name":"wp","href":"https:\/\/api.w.org\/{rel}","templated":true}]}}