{"id":90932,"date":"2018-03-11T10:09:32","date_gmt":"2018-03-11T10:09:32","guid":{"rendered":"https:\/\/www.deberes.net\/tesis\/sin-categoria\/estudio-de-la-mediacion-del-sistema-histaminergico-en-el-efecto-producido-por-la-amitriptilina-sobre-la-evitacion-inhibitoria-en-ratones\/"},"modified":"2018-03-11T10:09:32","modified_gmt":"2018-03-11T10:09:32","slug":"estudio-de-la-mediacion-del-sistema-histaminergico-en-el-efecto-producido-por-la-amitriptilina-sobre-la-evitacion-inhibitoria-en-ratones","status":"publish","type":"post","link":"https:\/\/www.deberes.net\/tesis\/mecanismos-de-accion-de-los-farmacos\/estudio-de-la-mediacion-del-sistema-histaminergico-en-el-efecto-producido-por-la-amitriptilina-sobre-la-evitacion-inhibitoria-en-ratones\/","title":{"rendered":"Estudio de la mediaci\u00f3n del sistema histamin\u00e9rgico en el efecto producido por la amitriptilina sobre la evitaci\u00f3n inhibitoria en ratones"},"content":{"rendered":"<h2>Tesis doctoral de <strong> Ar\u00e1nzazu Ferrer A\u00f1\u00f3 <\/strong><\/h2>\n<p>El prop\u00f3sito de este trabajo es averiguar si el efecto antihistamin\u00e9rgico del antidepresivo amitriptilina est\u00e1 implicado en su acci\u00f3n deteriorante sobre la memoria. Tambi\u00e9n se introduce en el estudio del efecto seroton\u00e9rgico de la amitriptilina sobre la memoria.  para ello se utilizan f\u00e1rmacos que contrarresten o potencien la acci\u00f3n de la amitriptilina sobre el sistema de neurotransmisi\u00f3n indicado. Se utiliz\u00f3 el modelo animal de aprendizaje de evitaci\u00f3n inhibitoria en ratones.<\/p>\n<p>&nbsp;<\/p>\n<h3>Datos acad\u00e9micos de la tesis doctoral \u00ab<strong>Estudio de la mediaci\u00f3n del sistema histamin\u00e9rgico en el efecto producido por la amitriptilina sobre la evitaci\u00f3n inhibitoria en ratones<\/strong>\u00ab<\/h3>\n<ul>\n<li><strong>T\u00edtulo de la tesis:<\/strong>\u00a0 Estudio de la mediaci\u00f3n del sistema histamin\u00e9rgico en el efecto producido por la amitriptilina sobre la evitaci\u00f3n inhibitoria en ratones <\/li>\n<li><strong>Autor:<\/strong>\u00a0 Ar\u00e1nzazu Ferrer A\u00f1\u00f3 <\/li>\n<li><strong>Universidad:<\/strong>\u00a0 Universitat de val\u00e9ncia (estudi general)<\/li>\n<li><strong>Fecha de lectura de la tesis:<\/strong>\u00a0 19\/12\/2008<\/li>\n<\/ul>\n<p>&nbsp;<\/p>\n<h3>Direcci\u00f3n y tribunal<\/h3>\n<ul>\n<li><strong>Director de la tesis<\/strong>\n<ul>\n<li>Andr\u00e9s Parra Guerrero<\/li>\n<\/ul>\n<\/li>\n<li><strong>Tribunal<\/strong>\n<ul>\n<li>Presidente del tribunal: alicia Salvador fernandez montejo <\/li>\n<li>Jos\u00e9 Mar\u00eda Cal\u00e9s de Juan (vocal)<\/li>\n<li>Jorge  l. Arias p\u00e9rez (vocal)<\/li>\n<li>azucena Valencia jim\u00e9nez (vocal)<\/li>\n<\/ul>\n<\/li>\n<\/ul>\n<p>&nbsp;<\/p>\n","protected":false},"excerpt":{"rendered":"<p>Tesis doctoral de Ar\u00e1nzazu Ferrer A\u00f1\u00f3 El prop\u00f3sito de este trabajo es averiguar si el efecto antihistamin\u00e9rgico del antidepresivo amitriptilina [&hellip;]<\/p>\n","protected":false},"author":1,"featured_media":0,"comment_status":"open","ping_status":"open","sticky":false,"template":"","format":"standard","meta":{"site-sidebar-layout":"default","site-content-layout":"","ast-site-content-layout":"","site-content-style":"default","site-sidebar-style":"default","ast-global-header-display":"","ast-banner-title-visibility":"","ast-main-header-display":"","ast-hfb-above-header-display":"","ast-hfb-below-header-display":"","ast-hfb-mobile-header-display":"","site-post-title":"","ast-breadcrumbs-content":"","ast-featured-img":"","footer-sml-layout":"","theme-transparent-header-meta":"","adv-header-id-meta":"","stick-header-meta":"","header-above-stick-meta":"","header-main-stick-meta":"","header-below-stick-meta":"","astra-migrate-meta-layouts":"default","ast-page-background-enabled":"default","ast-page-background-meta":{"desktop":{"background-color":"var(--ast-global-color-4)","background-image":"","background-repeat":"repeat","background-position":"center center","background-size":"auto","background-attachment":"scroll","background-type":"","background-media":"","overlay-type":"","overlay-color":"","overlay-gradient":""},"tablet":{"background-color":"","background-image":"","background-repeat":"repeat","background-position":"center center","background-size":"auto","background-attachment":"scroll","background-type":"","background-media":"","overlay-type":"","overlay-color":"","overlay-gradient":""},"mobile":{"background-color":"","background-image":"","background-repeat":"repeat","background-position":"center center","background-size":"auto","background-attachment":"scroll","background-type":"","background-media":"","overlay-type":"","overlay-color":"","overlay-gradient":""}},"ast-content-background-meta":{"desktop":{"background-color":"var(--ast-global-color-5)","background-image":"","background-repeat":"repeat","background-position":"center center","background-size":"auto","background-attachment":"scroll","background-type":"","background-media":"","overlay-type":"","overlay-color":"","overlay-gradient":""},"tablet":{"background-color":"var(--ast-global-color-5)","background-image":"","background-repeat":"repeat","background-position":"center center","background-size":"auto","background-attachment":"scroll","background-type":"","background-media":"","overlay-type":"","overlay-color":"","overlay-gradient":""},"mobile":{"background-color":"var(--ast-global-color-5)","background-image":"","background-repeat":"repeat","background-position":"center center","background-size":"auto","background-attachment":"scroll","background-type":"","background-media":"","overlay-type":"","overlay-color":"","overlay-gradient":""}},"footnotes":""},"categories":[483,13633],"tags":[26927,11359,188550,53536,188551,105467],"class_list":["post-90932","post","type-post","status-publish","format-standard","hentry","category-mecanismos-de-accion-de-los-farmacos","category-procesos-de-la-memoria","tag-alicia-salvador-fernandez-montejo","tag-andres-parra-guerrero","tag-aranzazu-ferrer-ano","tag-azucena-valencia-jimenez","tag-jorge-l-arias-perez","tag-jose-maria-cales-de-juan"],"_links":{"self":[{"href":"https:\/\/www.deberes.net\/tesis\/wp-json\/wp\/v2\/posts\/90932","targetHints":{"allow":["GET"]}}],"collection":[{"href":"https:\/\/www.deberes.net\/tesis\/wp-json\/wp\/v2\/posts"}],"about":[{"href":"https:\/\/www.deberes.net\/tesis\/wp-json\/wp\/v2\/types\/post"}],"author":[{"embeddable":true,"href":"https:\/\/www.deberes.net\/tesis\/wp-json\/wp\/v2\/users\/1"}],"replies":[{"embeddable":true,"href":"https:\/\/www.deberes.net\/tesis\/wp-json\/wp\/v2\/comments?post=90932"}],"version-history":[{"count":0,"href":"https:\/\/www.deberes.net\/tesis\/wp-json\/wp\/v2\/posts\/90932\/revisions"}],"wp:attachment":[{"href":"https:\/\/www.deberes.net\/tesis\/wp-json\/wp\/v2\/media?parent=90932"}],"wp:term":[{"taxonomy":"category","embeddable":true,"href":"https:\/\/www.deberes.net\/tesis\/wp-json\/wp\/v2\/categories?post=90932"},{"taxonomy":"post_tag","embeddable":true,"href":"https:\/\/www.deberes.net\/tesis\/wp-json\/wp\/v2\/tags?post=90932"}],"curies":[{"name":"wp","href":"https:\/\/api.w.org\/{rel}","templated":true}]}}