{"id":90976,"date":"2018-03-11T10:09:36","date_gmt":"2018-03-11T10:09:36","guid":{"rendered":"https:\/\/www.deberes.net\/tesis\/sin-categoria\/epidemiologia-del-asma-infantil-en-la-ciudad-de-logrono\/"},"modified":"2018-03-11T10:09:36","modified_gmt":"2018-03-11T10:09:36","slug":"epidemiologia-del-asma-infantil-en-la-ciudad-de-logrono","status":"publish","type":"post","link":"https:\/\/www.deberes.net\/tesis\/enfermedades-pulmonares\/epidemiologia-del-asma-infantil-en-la-ciudad-de-logrono\/","title":{"rendered":"Epidemiolog\u00eda del asma infantil en la ciudad de logro\u00f1o"},"content":{"rendered":"<h2>Tesis doctoral de <strong> Arturo Acosta Serrano <\/strong><\/h2>\n<p>En el presente trabajo se recogen, mediante un formulario extraido del estudio isaac, datos seleccionados con el asma, rinitis y eccema de la ciudad de logro\u00f1o, en ni\u00f1os de 6 y 7 a\u00f1os. espec\u00edficamente este trabajo intenta alcanzar los siguientes objetivos: 1. Describir la preValencia del asma, rinitis y eczema en los ni\u00f1os que viven en la ciudad de logro\u00f1o. 2. Comparar los datos obtenidos con otras poblaciones de espa\u00f1a. 3. Estudiar las posibles relaciones entre el asma y los diferentes factores incluidos en nuestro cuestionario. 4. Analizar la posible relaci\u00f3n entre el asma y algunos factores contemplados en la \u00abhip\u00f3tesis higi\u00e9nica\u00bb. 5. Analizar la posible influencia del tabaquismo pasivo en la presencia de s\u00edntomas respiratorios. conclusiones: 1.- La preValencia de asma diagnosticado en la ciudad de logro\u00f1o es del 7,6% y la de asmasubcl\u00ednico es del 10%. 2.- Las preValencias de sintomatolog\u00eda rinitis y rinoconjuntivitis son del 16% y del 4,3% respectivamente. 3.- La preValencia de eccema diagnosticado es de 23,4%. 4.- Con respecto al resto de \u00e1reas espa\u00f1olas estudiadas se concluye que, en la ciudad de logro\u00f1o: a) la preValencia de sintomatolog\u00eda asm\u00e1tica y asma diagnosticado se encuentra entre las m\u00e1s bajas. b) la preValencia de sintomatolog\u00eda de rinitis se encuentra en un nivel intermedio. c) la preValencia de sintomatolog\u00eda de rinoconjuntivitis se encuentra entre las m\u00e1s bajas. 5.- Encontramos una relaci\u00f3n significativa entre asma y antecedentes familiares de alergia, sexo masculino, presencia de eccema y presencia de rinitis. 6.- Nuestros datos no sugieren una relaci\u00f3n entre el asma diagnosticado y los indicadores de hip\u00f3tesis higi\u00e9nica recogidos por nosotros. 7.- Aunque hemos encontrado una tendencia a presentar mayor frecuencia de s\u00edntomas respiratorios en los ni\u00f1os con madres fumadoras, esta relaci\u00f3n no ha alcanzado una significaci\u00f3n estad\u00edstica.<\/p>\n<p>&nbsp;<\/p>\n<h3>Datos acad\u00e9micos de la tesis doctoral \u00ab<strong>Epidemiolog\u00eda del asma infantil en la ciudad de logro\u00f1o<\/strong>\u00ab<\/h3>\n<ul>\n<li><strong>T\u00edtulo de la tesis:<\/strong>\u00a0 Epidemiolog\u00eda del asma infantil en la ciudad de logro\u00f1o <\/li>\n<li><strong>Autor:<\/strong>\u00a0 Arturo Acosta Serrano <\/li>\n<li><strong>Universidad:<\/strong>\u00a0 Zaragoza<\/li>\n<li><strong>Fecha de lectura de la tesis:<\/strong>\u00a0 19\/12\/2008<\/li>\n<\/ul>\n<p>&nbsp;<\/p>\n<h3>Direcci\u00f3n y tribunal<\/h3>\n<ul>\n<li><strong>Director de la tesis<\/strong>\n<ul>\n<li>Antonio  Francisco Sebastian Ari\u00f1o<\/li>\n<\/ul>\n<\/li>\n<li><strong>Tribunal<\/strong>\n<ul>\n<li>Presidente del tribunal: Jos\u00e9 Luis Olivares lopez <\/li>\n<li>Santiago Carrizo sierra (vocal)<\/li>\n<li>Carlos Colas sanz (vocal)<\/li>\n<li>teofilo Lobera labairu (vocal)<\/li>\n<\/ul>\n<\/li>\n<\/ul>\n<p>&nbsp;<\/p>\n","protected":false},"excerpt":{"rendered":"<p>Tesis doctoral de Arturo Acosta Serrano En el presente trabajo se recogen, mediante un formulario extraido del estudio isaac, datos [&hellip;]<\/p>\n","protected":false},"author":1,"featured_media":0,"comment_status":"open","ping_status":"open","sticky":false,"template":"","format":"standard","meta":{"site-sidebar-layout":"default","site-content-layout":"","ast-site-content-layout":"","site-content-style":"default","site-sidebar-style":"default","ast-global-header-display":"","ast-banner-title-visibility":"","ast-main-header-display":"","ast-hfb-above-header-display":"","ast-hfb-below-header-display":"","ast-hfb-mobile-header-display":"","site-post-title":"","ast-breadcrumbs-content":"","ast-featured-img":"","footer-sml-layout":"","theme-transparent-header-meta":"","adv-header-id-meta":"","stick-header-meta":"","header-above-stick-meta":"","header-main-stick-meta":"","header-below-stick-meta":"","astra-migrate-meta-layouts":"default","ast-page-background-enabled":"default","ast-page-background-meta":{"desktop":{"background-color":"var(--ast-global-color-4)","background-image":"","background-repeat":"repeat","background-position":"center center","background-size":"auto","background-attachment":"scroll","background-type":"","background-media":"","overlay-type":"","overlay-color":"","overlay-gradient":""},"tablet":{"background-color":"","background-image":"","background-repeat":"repeat","background-position":"center center","background-size":"auto","background-attachment":"scroll","background-type":"","background-media":"","overlay-type":"","overlay-color":"","overlay-gradient":""},"mobile":{"background-color":"","background-image":"","background-repeat":"repeat","background-position":"center center","background-size":"auto","background-attachment":"scroll","background-type":"","background-media":"","overlay-type":"","overlay-color":"","overlay-gradient":""}},"ast-content-background-meta":{"desktop":{"background-color":"var(--ast-global-color-5)","background-image":"","background-repeat":"repeat","background-position":"center center","background-size":"auto","background-attachment":"scroll","background-type":"","background-media":"","overlay-type":"","overlay-color":"","overlay-gradient":""},"tablet":{"background-color":"var(--ast-global-color-5)","background-image":"","background-repeat":"repeat","background-position":"center center","background-size":"auto","background-attachment":"scroll","background-type":"","background-media":"","overlay-type":"","overlay-color":"","overlay-gradient":""},"mobile":{"background-color":"var(--ast-global-color-5)","background-image":"","background-repeat":"repeat","background-position":"center center","background-size":"auto","background-attachment":"scroll","background-type":"","background-media":"","overlay-type":"","overlay-color":"","overlay-gradient":""}},"footnotes":""},"categories":[128399,69,161,13610],"tags":[134720,188630,106068,67429,188631,104714],"class_list":["post-90976","post","type-post","status-publish","format-standard","hentry","category-caracteristicas-epidemiologicas-de-la-poblacion","category-enfermedades-pulmonares","category-pediatria","category-zaragoza","tag-antonio-francisco-sebastian-arino","tag-arturo-acosta-serrano","tag-carlos-colas-sanz","tag-jose-luis-olivares-lopez","tag-santiago-carrizo-sierra","tag-teofilo-lobera-labairu"],"_links":{"self":[{"href":"https:\/\/www.deberes.net\/tesis\/wp-json\/wp\/v2\/posts\/90976","targetHints":{"allow":["GET"]}}],"collection":[{"href":"https:\/\/www.deberes.net\/tesis\/wp-json\/wp\/v2\/posts"}],"about":[{"href":"https:\/\/www.deberes.net\/tesis\/wp-json\/wp\/v2\/types\/post"}],"author":[{"embeddable":true,"href":"https:\/\/www.deberes.net\/tesis\/wp-json\/wp\/v2\/users\/1"}],"replies":[{"embeddable":true,"href":"https:\/\/www.deberes.net\/tesis\/wp-json\/wp\/v2\/comments?post=90976"}],"version-history":[{"count":0,"href":"https:\/\/www.deberes.net\/tesis\/wp-json\/wp\/v2\/posts\/90976\/revisions"}],"wp:attachment":[{"href":"https:\/\/www.deberes.net\/tesis\/wp-json\/wp\/v2\/media?parent=90976"}],"wp:term":[{"taxonomy":"category","embeddable":true,"href":"https:\/\/www.deberes.net\/tesis\/wp-json\/wp\/v2\/categories?post=90976"},{"taxonomy":"post_tag","embeddable":true,"href":"https:\/\/www.deberes.net\/tesis\/wp-json\/wp\/v2\/tags?post=90976"}],"curies":[{"name":"wp","href":"https:\/\/api.w.org\/{rel}","templated":true}]}}