{"id":90985,"date":"2018-03-11T10:09:36","date_gmt":"2018-03-11T10:09:36","guid":{"rendered":"https:\/\/www.deberes.net\/tesis\/sin-categoria\/caracterizacion-geologica-de-sugerencias-termales-en-la-provincia-de-ourense\/"},"modified":"2018-03-11T10:09:36","modified_gmt":"2018-03-11T10:09:36","slug":"caracterizacion-geologica-de-sugerencias-termales-en-la-provincia-de-ourense","status":"publish","type":"post","link":"https:\/\/www.deberes.net\/tesis\/fuentes-no-convencionales-de-energia\/caracterizacion-geologica-de-sugerencias-termales-en-la-provincia-de-ourense\/","title":{"rendered":"Caracterizaci\u00f3n geol\u00f3gica de sugerencias termales en la provincia de ourense"},"content":{"rendered":"<h2>Tesis doctoral de <strong> Pedro Antonio Ara\u00fajo Nespereira <\/strong><\/h2>\n<p>Se han caracterizado diversas sugerencias termales en la provincia de ourense mediante diferentes t\u00e9cnicas geof\u00edsicas. se ha validado el uso de sondeos el\u00e9ctricos verticales para la caracterizaci\u00f3n de sugerencias termales en medio fisurales.<\/p>\n<p>&nbsp;<\/p>\n<h3>Datos acad\u00e9micos de la tesis doctoral \u00ab<strong>Caracterizaci\u00f3n geol\u00f3gica de sugerencias termales en la provincia de ourense<\/strong>\u00ab<\/h3>\n<ul>\n<li><strong>T\u00edtulo de la tesis:<\/strong>\u00a0 Caracterizaci\u00f3n geol\u00f3gica de sugerencias termales en la provincia de ourense <\/li>\n<li><strong>Autor:<\/strong>\u00a0 Pedro Antonio Ara\u00fajo Nespereira <\/li>\n<li><strong>Universidad:<\/strong>\u00a0 Vigo<\/li>\n<li><strong>Fecha de lectura de la tesis:<\/strong>\u00a0 19\/12\/2008<\/li>\n<\/ul>\n<p>&nbsp;<\/p>\n<h3>Direcci\u00f3n y tribunal<\/h3>\n<ul>\n<li><strong>Director de la tesis<\/strong>\n<ul>\n<li>Juan  Carlos Mejuto Fern\u00e1ndez<\/li>\n<\/ul>\n<\/li>\n<li><strong>Tribunal<\/strong>\n<ul>\n<li>Presidente del tribunal: jose Cidras pidre <\/li>\n<li> Nombela casta\u00f1o Miguel a. (vocal)<\/li>\n<li>Luis Garc\u00eda r\u00edo (vocal)<\/li>\n<li>Luis Rodr\u00edguez m\u00edguez (vocal)<\/li>\n<\/ul>\n<\/li>\n<\/ul>\n<p>&nbsp;<\/p>\n","protected":false},"excerpt":{"rendered":"<p>Tesis doctoral de Pedro Antonio Ara\u00fajo Nespereira Se han caracterizado diversas sugerencias termales en la provincia de ourense mediante diferentes [&hellip;]<\/p>\n","protected":false},"author":1,"featured_media":0,"comment_status":"open","ping_status":"open","sticky":false,"template":"","format":"standard","meta":{"site-sidebar-layout":"default","site-content-layout":"","ast-site-content-layout":"","site-content-style":"default","site-sidebar-style":"default","ast-global-header-display":"","ast-banner-title-visibility":"","ast-main-header-display":"","ast-hfb-above-header-display":"","ast-hfb-below-header-display":"","ast-hfb-mobile-header-display":"","site-post-title":"","ast-breadcrumbs-content":"","ast-featured-img":"","footer-sml-layout":"","theme-transparent-header-meta":"","adv-header-id-meta":"","stick-header-meta":"","header-above-stick-meta":"","header-main-stick-meta":"","header-below-stick-meta":"","astra-migrate-meta-layouts":"default","ast-page-background-enabled":"default","ast-page-background-meta":{"desktop":{"background-color":"var(--ast-global-color-4)","background-image":"","background-repeat":"repeat","background-position":"center center","background-size":"auto","background-attachment":"scroll","background-type":"","background-media":"","overlay-type":"","overlay-color":"","overlay-gradient":""},"tablet":{"background-color":"","background-image":"","background-repeat":"repeat","background-position":"center center","background-size":"auto","background-attachment":"scroll","background-type":"","background-media":"","overlay-type":"","overlay-color":"","overlay-gradient":""},"mobile":{"background-color":"","background-image":"","background-repeat":"repeat","background-position":"center center","background-size":"auto","background-attachment":"scroll","background-type":"","background-media":"","overlay-type":"","overlay-color":"","overlay-gradient":""}},"ast-content-background-meta":{"desktop":{"background-color":"var(--ast-global-color-5)","background-image":"","background-repeat":"repeat","background-position":"center center","background-size":"auto","background-attachment":"scroll","background-type":"","background-media":"","overlay-type":"","overlay-color":"","overlay-gradient":""},"tablet":{"background-color":"var(--ast-global-color-5)","background-image":"","background-repeat":"repeat","background-position":"center center","background-size":"auto","background-attachment":"scroll","background-type":"","background-media":"","overlay-type":"","overlay-color":"","overlay-gradient":""},"mobile":{"background-color":"var(--ast-global-color-5)","background-image":"","background-repeat":"repeat","background-position":"center center","background-size":"auto","background-attachment":"scroll","background-type":"","background-media":"","overlay-type":"","overlay-color":"","overlay-gradient":""}},"footnotes":""},"categories":[25436,2205,3499,18657],"tags":[16096,188648,2747,21175,188649,188647],"class_list":["post-90985","post","type-post","status-publish","format-standard","hentry","category-energia-geotermica","category-fuentes-no-convencionales-de-energia","category-hidrogeologia","category-vigo","tag-jose-cidras-pidre","tag-juan-carlos-mejuto-fernandez","tag-luis-garcia-rio","tag-luis-rodriguez-miguez","tag-nombela-castano-miguel-a","tag-pedro-antonio-araujo-nespereira"],"_links":{"self":[{"href":"https:\/\/www.deberes.net\/tesis\/wp-json\/wp\/v2\/posts\/90985","targetHints":{"allow":["GET"]}}],"collection":[{"href":"https:\/\/www.deberes.net\/tesis\/wp-json\/wp\/v2\/posts"}],"about":[{"href":"https:\/\/www.deberes.net\/tesis\/wp-json\/wp\/v2\/types\/post"}],"author":[{"embeddable":true,"href":"https:\/\/www.deberes.net\/tesis\/wp-json\/wp\/v2\/users\/1"}],"replies":[{"embeddable":true,"href":"https:\/\/www.deberes.net\/tesis\/wp-json\/wp\/v2\/comments?post=90985"}],"version-history":[{"count":0,"href":"https:\/\/www.deberes.net\/tesis\/wp-json\/wp\/v2\/posts\/90985\/revisions"}],"wp:attachment":[{"href":"https:\/\/www.deberes.net\/tesis\/wp-json\/wp\/v2\/media?parent=90985"}],"wp:term":[{"taxonomy":"category","embeddable":true,"href":"https:\/\/www.deberes.net\/tesis\/wp-json\/wp\/v2\/categories?post=90985"},{"taxonomy":"post_tag","embeddable":true,"href":"https:\/\/www.deberes.net\/tesis\/wp-json\/wp\/v2\/tags?post=90985"}],"curies":[{"name":"wp","href":"https:\/\/api.w.org\/{rel}","templated":true}]}}