{"id":90991,"date":"2018-03-11T10:09:36","date_gmt":"2018-03-11T10:09:36","guid":{"rendered":"https:\/\/www.deberes.net\/tesis\/sin-categoria\/el-efecto-de-la-actividad-fa%c2%adsica-en-el-medio-acuatico-sobre-la-condicion-fa%c2%adsica-de-mujeres-postmenopausicas-y-osteopenicas\/"},"modified":"2018-03-11T10:09:36","modified_gmt":"2018-03-11T10:09:36","slug":"el-efecto-de-la-actividad-fa%c2%adsica-en-el-medio-acuatico-sobre-la-condicion-fa%c2%adsica-de-mujeres-postmenopausicas-y-osteopenicas","status":"publish","type":"post","link":"https:\/\/www.deberes.net\/tesis\/cordoba\/el-efecto-de-la-actividad-fa%c2%adsica-en-el-medio-acuatico-sobre-la-condicion-fa%c2%adsica-de-mujeres-postmenopausicas-y-osteopenicas\/","title":{"rendered":"El efecto de la actividad f\u00edsica en el medio acu\u00e1tico sobre la condici\u00f3n f\u00edsica de mujeres postmenop\u00e1usicas y osteop\u00e9nicas"},"content":{"rendered":"<h2>Tesis doctoral de <strong> Mar\u00eda Carrasco Poyatos <\/strong><\/h2>\n<p>Objetivo: estudiar el efecto de dos programas de ejercicio f\u00edsico en el medio acu\u00e1tico de 1 a\u00f1o de duraci\u00f3n sobre la condici\u00f3n f\u00edsica y el estado de salud en mujeres postmenop\u00e1usicas con moderado riesgo de fractura de cadera. dise\u00f1o: estudio experimental, con asignaci\u00f3n aleatoria a los grupos de tratamiento.  \u00e1mbito del estudio: salud en mayores. sujetos de estudio: mujeres postmenop\u00e1usicas con al menos cinco a\u00f1os de amenorrea, sin patolog\u00edas neurol\u00f3gicas ni musculoesquel\u00e9ticas, sin antecedentes de fractura osteopor\u00f3tica, menores de 70 a\u00f1os y con moderado riesgo de fractura de cadera comprobada mediante ultrasonograf\u00eda de calc\u00e1neo, pertenecientes al \u00e1rea de salud de toledo. instrumentalizaci\u00f3n: evaluaci\u00f3n de la fuerza biocin\u00e9tica del tren superior (biometer swim bench, sport fahnermann), la capacidad de salto (ergo-jump bosco system), la fuerza isom\u00e9trica m\u00e1xima (dinam\u00f3metro isom\u00e9trico de espalda y piernas t.K.K. 5402, takel scientific instruments co.Ltd.), La capacidad aer\u00f3bica m\u00e1xima (test de caminata ukk), la flexibilidad activa de tronco (cinta m\u00e9trica harpenden anthropometric tape, holtain ltd), el estado de salud (cuestionario sf-12) y la composici\u00f3n corporal (\u00edndice de masa corporal y bioimpedancia), medida de otras variables: riesgo de fractura de cadera (densit\u00f3metro aquiles express 2000, general electric, lunar corporation), cambios en los h\u00e1bitos de actividad f\u00edsica (cuestionario internacional de actividad f\u00edsica ipaq) y cambios en los h\u00e1bitos alimentarios (cuestionario medisystem 2000, sanocare human systems l.S., Madrid, spain). resultados: en el grupo que practic\u00f3 nataci\u00f3n, se han obtenido mejoras significativas en la fuerza-resistencia biocin\u00e9tica del tren superior y en la capacidad de salto; y p\u00e9rdidas significativas de fuerza isom\u00e9trica lumbar y de piernas, y flexibilidad profunda y lateral de tronco. En el grupo que practic\u00f3 ejercicios de impacto y cargas adicionales en piscina poco profunda, se han producido mejoras significativas en la capacidad de salto y la capacidad aer\u00f3bica. En el grupo control, se han observado mejoras significativas en la capacidad de salto. No se han encontrado diferencias significativas en el stado de salud f\u00edsico y mental de los tres grupos.  conclusiones: un a\u00f1o de ejercicio en el medio acu\u00e1tico mejora algunos componentes de la condici\u00f3n f\u00edsica de mujeres postmenop\u00e1usicas con moderado riesgo de fractura de cadera, pero no mejora su estado de salud f\u00edsico y mental.<\/p>\n<p>&nbsp;<\/p>\n<h3>Datos acad\u00e9micos de la tesis doctoral \u00ab<strong>El efecto de la actividad f\u00edsica en el medio acu\u00e1tico sobre la condici\u00f3n f\u00edsica de mujeres postmenop\u00e1usicas y osteop\u00e9nicas<\/strong>\u00ab<\/h3>\n<ul>\n<li><strong>T\u00edtulo de la tesis:<\/strong>\u00a0 El efecto de la actividad f\u00edsica en el medio acu\u00e1tico sobre la condici\u00f3n f\u00edsica de mujeres postmenop\u00e1usicas y osteop\u00e9nicas <\/li>\n<li><strong>Autor:<\/strong>\u00a0 Mar\u00eda Carrasco Poyatos <\/li>\n<li><strong>Universidad:<\/strong>\u00a0 C\u00f3rdoba<\/li>\n<li><strong>Fecha de lectura de la tesis:<\/strong>\u00a0 19\/12\/2008<\/li>\n<\/ul>\n<p>&nbsp;<\/p>\n<h3>Direcci\u00f3n y tribunal<\/h3>\n<ul>\n<li><strong>Director de la tesis<\/strong>\n<ul>\n<li>Fernando Navarro Valdivieso<\/li>\n<\/ul>\n<\/li>\n<li><strong>Tribunal<\/strong>\n<ul>\n<li>Presidente del tribunal: jose Pe\u00f1a amaro <\/li>\n<li>Juan  Luis Cabanillas moruno (vocal)<\/li>\n<li>Jos\u00e9 Fernando Jim\u00e9nez d\u00edaz (vocal)<\/li>\n<li>Jos\u00e9 Mar\u00eda Gonzalez rave (vocal)<\/li>\n<\/ul>\n<\/li>\n<\/ul>\n<p>&nbsp;<\/p>\n","protected":false},"excerpt":{"rendered":"<p>Tesis doctoral de Mar\u00eda Carrasco Poyatos Objetivo: estudiar el efecto de dos programas de ejercicio f\u00edsico en el medio acu\u00e1tico [&hellip;]<\/p>\n","protected":false},"author":1,"featured_media":0,"comment_status":"open","ping_status":"open","sticky":false,"template":"","format":"standard","meta":{"site-sidebar-layout":"default","site-content-layout":"","ast-site-content-layout":"","site-content-style":"default","site-sidebar-style":"default","ast-global-header-display":"","ast-banner-title-visibility":"","ast-main-header-display":"","ast-hfb-above-header-display":"","ast-hfb-below-header-display":"","ast-hfb-mobile-header-display":"","site-post-title":"","ast-breadcrumbs-content":"","ast-featured-img":"","footer-sml-layout":"","theme-transparent-header-meta":"","adv-header-id-meta":"","stick-header-meta":"","header-above-stick-meta":"","header-main-stick-meta":"","header-below-stick-meta":"","astra-migrate-meta-layouts":"default","ast-page-background-enabled":"default","ast-page-background-meta":{"desktop":{"background-color":"var(--ast-global-color-4)","background-image":"","background-repeat":"repeat","background-position":"center center","background-size":"auto","background-attachment":"scroll","background-type":"","background-media":"","overlay-type":"","overlay-color":"","overlay-gradient":""},"tablet":{"background-color":"","background-image":"","background-repeat":"repeat","background-position":"center center","background-size":"auto","background-attachment":"scroll","background-type":"","background-media":"","overlay-type":"","overlay-color":"","overlay-gradient":""},"mobile":{"background-color":"","background-image":"","background-repeat":"repeat","background-position":"center center","background-size":"auto","background-attachment":"scroll","background-type":"","background-media":"","overlay-type":"","overlay-color":"","overlay-gradient":""}},"ast-content-background-meta":{"desktop":{"background-color":"var(--ast-global-color-5)","background-image":"","background-repeat":"repeat","background-position":"center center","background-size":"auto","background-attachment":"scroll","background-type":"","background-media":"","overlay-type":"","overlay-color":"","overlay-gradient":""},"tablet":{"background-color":"var(--ast-global-color-5)","background-image":"","background-repeat":"repeat","background-position":"center center","background-size":"auto","background-attachment":"scroll","background-type":"","background-media":"","overlay-type":"","overlay-color":"","overlay-gradient":""},"mobile":{"background-color":"var(--ast-global-color-5)","background-image":"","background-repeat":"repeat","background-position":"center center","background-size":"auto","background-attachment":"scroll","background-type":"","background-media":"","overlay-type":"","overlay-color":"","overlay-gradient":""}},"footnotes":""},"categories":[973,6354,32037,3664,5780],"tags":[42987,65324,46491,20714,188659,188658],"class_list":["post-90991","post","type-post","status-publish","format-standard","hentry","category-cordoba","category-desarrollo-humano","category-envejecimiento-somatico","category-fisiologia-del-ejercicio","category-rehabilitacion-medica","tag-fernando-navarro-valdivieso","tag-jose-fernando-jimenez-diaz","tag-jose-maria-gonzalez-rave","tag-jose-pena-amaro","tag-juan-luis-cabanillas-moruno","tag-maria-carrasco-poyatos"],"_links":{"self":[{"href":"https:\/\/www.deberes.net\/tesis\/wp-json\/wp\/v2\/posts\/90991","targetHints":{"allow":["GET"]}}],"collection":[{"href":"https:\/\/www.deberes.net\/tesis\/wp-json\/wp\/v2\/posts"}],"about":[{"href":"https:\/\/www.deberes.net\/tesis\/wp-json\/wp\/v2\/types\/post"}],"author":[{"embeddable":true,"href":"https:\/\/www.deberes.net\/tesis\/wp-json\/wp\/v2\/users\/1"}],"replies":[{"embeddable":true,"href":"https:\/\/www.deberes.net\/tesis\/wp-json\/wp\/v2\/comments?post=90991"}],"version-history":[{"count":0,"href":"https:\/\/www.deberes.net\/tesis\/wp-json\/wp\/v2\/posts\/90991\/revisions"}],"wp:attachment":[{"href":"https:\/\/www.deberes.net\/tesis\/wp-json\/wp\/v2\/media?parent=90991"}],"wp:term":[{"taxonomy":"category","embeddable":true,"href":"https:\/\/www.deberes.net\/tesis\/wp-json\/wp\/v2\/categories?post=90991"},{"taxonomy":"post_tag","embeddable":true,"href":"https:\/\/www.deberes.net\/tesis\/wp-json\/wp\/v2\/tags?post=90991"}],"curies":[{"name":"wp","href":"https:\/\/api.w.org\/{rel}","templated":true}]}}