{"id":90996,"date":"2018-03-11T10:09:36","date_gmt":"2018-03-11T10:09:36","guid":{"rendered":"https:\/\/www.deberes.net\/tesis\/sin-categoria\/consideraciones-sobre-el-sentido-del-concepto-arte-publico\/"},"modified":"2018-03-11T10:09:36","modified_gmt":"2018-03-11T10:09:36","slug":"consideraciones-sobre-el-sentido-del-concepto-arte-publico","status":"publish","type":"post","link":"https:\/\/www.deberes.net\/tesis\/escultura\/consideraciones-sobre-el-sentido-del-concepto-arte-publico\/","title":{"rendered":"Consideraciones sobre el sentido del concepto \u00abarte p\u00fablico\u00bb"},"content":{"rendered":"<h2>Tesis doctoral de <strong> Alberto Martinez-arrazubi Berastegui <\/strong><\/h2>\n<p>En esta tesis pretendemos un acercamiento al arte p\u00fablico y lo hacemos desde dos puntos de vista: a) el que procura la experiencia frente al arte p\u00fablico in situ. b) el que procura el recorrido hermen\u00e9utico por la tradici\u00f3n monumental. con ello dejamos clara la continuidad entre la experiencia est\u00e9tica individual, la colectiva y la hist\u00f3rica (tambi\u00e9n la intrahist\u00f3rica), que esta forma art\u00edstica ha generado y genera. Y porque tal continuidad es ya un hecho constatable, aunque no nuevo, creemos necesario insertar hermen\u00e9uticamente nuestro objeto de estudio en la tradici\u00f3n. Adem\u00e1s es nuestra intuici\u00f3n, enriquecida por nuestra experiencia est\u00e9tica y urbana, lo que nos anima por esta v\u00eda de investigaci\u00f3n. el presente trabajo discurre, por tanto, entre los puntos de vista se\u00f1alados y recoge cinco ideas principales que pasamos a resumir: 1\u00c2\u00ba- las obras de la tradici\u00f3n monumental cl\u00e1sica y moderna incorporan una dimensi\u00f3n normativa espec\u00edfica que hemos tratado de investigar mediante un breve recorrido. En \u00e9l, observamos que la permanencia del monumento no es pasiva. Es, desde el punto de vista de su entorno, un \u00abactivo\u00bb que cualifica el monumento porque involucra el esfuerzo o respeto colectivos. 2\u00c2\u00ba-s\u00f3lo si volvemos la vista hacia la evoluci\u00f3n de los valores monumentales tradicionales en la modernidad, desde la perspectiva que nos da la ca\u00edda del muro de berl\u00edn, estaremos en condiciones de verificar hasta qu\u00e9 punto tales valores han sucumbido con la crisis del monumento. el colosalismo y sus fraccionamientos (la publicidad que todo lo llena) demuestran que los valores m\u00e1s criticados de la tradici\u00f3n monumental siguen vigentes hoy y son igualmente eficaces. en cambio, otros ejemplos valores de la monumentalidad cl\u00e1sica son asumidos y continuados por artistas bien contempor\u00e1neos como chillida. 3\u00c2\u00ba-no podemos abordar del todo la cuesti\u00f3n del arte p\u00fablico en la modernidad sin reparar que es ah\u00ed donde propiamente nace el concepto que proyect\u00e1bamos. Es necesario estudiar<\/p>\n<p>&nbsp;<\/p>\n<h3>Datos acad\u00e9micos de la tesis doctoral \u00ab<strong>Consideraciones sobre el sentido del concepto \u00abarte p\u00fablico\u00bb<\/strong>\u00ab<\/h3>\n<ul>\n<li><strong>T\u00edtulo de la tesis:<\/strong>\u00a0 Consideraciones sobre el sentido del concepto \u00abarte p\u00fablico\u00bb <\/li>\n<li><strong>Autor:<\/strong>\u00a0 Alberto Martinez-arrazubi Berastegui <\/li>\n<li><strong>Universidad:<\/strong>\u00a0 Polit\u00e9cnica de Valencia<\/li>\n<li><strong>Fecha de lectura de la tesis:<\/strong>\u00a0 19\/12\/2008<\/li>\n<\/ul>\n<p>&nbsp;<\/p>\n<h3>Direcci\u00f3n y tribunal<\/h3>\n<ul>\n<li><strong>Director de la tesis<\/strong>\n<ul>\n<li>Rom\u00c1\u00a0 De La Calle De La Calle<\/li>\n<\/ul>\n<\/li>\n<li><strong>Tribunal<\/strong>\n<ul>\n<li>Presidente del tribunal: petra Mar\u00eda P\u00e9rez alonso-geta <\/li>\n<li>Ana Mar\u00eda Leyra soriano (vocal)<\/li>\n<li>wenceslao Rambla zaragoza (vocal)<\/li>\n<li>natividad Naval\u00f3n blesa (vocal)<\/li>\n<\/ul>\n<\/li>\n<\/ul>\n<p>&nbsp;<\/p>\n","protected":false},"excerpt":{"rendered":"<p>Tesis doctoral de Alberto Martinez-arrazubi Berastegui En esta tesis pretendemos un acercamiento al arte p\u00fablico y lo hacemos desde dos [&hellip;]<\/p>\n","protected":false},"author":1,"featured_media":0,"comment_status":"open","ping_status":"open","sticky":false,"template":"","format":"standard","meta":{"site-sidebar-layout":"default","site-content-layout":"","ast-site-content-layout":"","site-content-style":"default","site-sidebar-style":"default","ast-global-header-display":"","ast-banner-title-visibility":"","ast-main-header-display":"","ast-hfb-above-header-display":"","ast-hfb-below-header-display":"","ast-hfb-mobile-header-display":"","site-post-title":"","ast-breadcrumbs-content":"","ast-featured-img":"","footer-sml-layout":"","theme-transparent-header-meta":"","adv-header-id-meta":"","stick-header-meta":"","header-above-stick-meta":"","header-main-stick-meta":"","header-below-stick-meta":"","astra-migrate-meta-layouts":"default","ast-page-background-enabled":"default","ast-page-background-meta":{"desktop":{"background-color":"var(--ast-global-color-4)","background-image":"","background-repeat":"repeat","background-position":"center center","background-size":"auto","background-attachment":"scroll","background-type":"","background-media":"","overlay-type":"","overlay-color":"","overlay-gradient":""},"tablet":{"background-color":"","background-image":"","background-repeat":"repeat","background-position":"center center","background-size":"auto","background-attachment":"scroll","background-type":"","background-media":"","overlay-type":"","overlay-color":"","overlay-gradient":""},"mobile":{"background-color":"","background-image":"","background-repeat":"repeat","background-position":"center center","background-size":"auto","background-attachment":"scroll","background-type":"","background-media":"","overlay-type":"","overlay-color":"","overlay-gradient":""}},"ast-content-background-meta":{"desktop":{"background-color":"var(--ast-global-color-5)","background-image":"","background-repeat":"repeat","background-position":"center center","background-size":"auto","background-attachment":"scroll","background-type":"","background-media":"","overlay-type":"","overlay-color":"","overlay-gradient":""},"tablet":{"background-color":"var(--ast-global-color-5)","background-image":"","background-repeat":"repeat","background-position":"center center","background-size":"auto","background-attachment":"scroll","background-type":"","background-media":"","overlay-type":"","overlay-color":"","overlay-gradient":""},"mobile":{"background-color":"var(--ast-global-color-5)","background-image":"","background-repeat":"repeat","background-position":"center center","background-size":"auto","background-attachment":"scroll","background-type":"","background-media":"","overlay-type":"","overlay-color":"","overlay-gradient":""}},"footnotes":""},"categories":[4363,16820],"tags":[188669,23338,16876,17390,122356,31394],"class_list":["post-90996","post","type-post","status-publish","format-standard","hentry","category-escultura","category-politecnica-de-valencia","tag-alberto-Martinez-arrazubi-berastegui","tag-ana-maria-leyra-soriano","tag-natividad-navalon-blesa","tag-petra-maria-perez-alonso-geta","tag-roma-de-la-calle-de-la-calle","tag-wenceslao-rambla-zaragoza"],"_links":{"self":[{"href":"https:\/\/www.deberes.net\/tesis\/wp-json\/wp\/v2\/posts\/90996","targetHints":{"allow":["GET"]}}],"collection":[{"href":"https:\/\/www.deberes.net\/tesis\/wp-json\/wp\/v2\/posts"}],"about":[{"href":"https:\/\/www.deberes.net\/tesis\/wp-json\/wp\/v2\/types\/post"}],"author":[{"embeddable":true,"href":"https:\/\/www.deberes.net\/tesis\/wp-json\/wp\/v2\/users\/1"}],"replies":[{"embeddable":true,"href":"https:\/\/www.deberes.net\/tesis\/wp-json\/wp\/v2\/comments?post=90996"}],"version-history":[{"count":0,"href":"https:\/\/www.deberes.net\/tesis\/wp-json\/wp\/v2\/posts\/90996\/revisions"}],"wp:attachment":[{"href":"https:\/\/www.deberes.net\/tesis\/wp-json\/wp\/v2\/media?parent=90996"}],"wp:term":[{"taxonomy":"category","embeddable":true,"href":"https:\/\/www.deberes.net\/tesis\/wp-json\/wp\/v2\/categories?post=90996"},{"taxonomy":"post_tag","embeddable":true,"href":"https:\/\/www.deberes.net\/tesis\/wp-json\/wp\/v2\/tags?post=90996"}],"curies":[{"name":"wp","href":"https:\/\/api.w.org\/{rel}","templated":true}]}}