{"id":91012,"date":"2018-03-11T10:09:40","date_gmt":"2018-03-11T10:09:40","guid":{"rendered":"https:\/\/www.deberes.net\/tesis\/sin-categoria\/el-general-prim-y-la-gloriosa-revolucion-de-1868\/"},"modified":"2018-03-11T10:09:40","modified_gmt":"2018-03-11T10:09:40","slug":"el-general-prim-y-la-gloriosa-revolucion-de-1868","status":"publish","type":"post","link":"https:\/\/www.deberes.net\/tesis\/historia-de-las-ideas-politicas\/el-general-prim-y-la-gloriosa-revolucion-de-1868\/","title":{"rendered":"El general prim y la gloriosa revoluci\u00f3n de 1868"},"content":{"rendered":"<h2>Tesis doctoral de <strong> Fernando \u00e1lvarez Balbuena <\/strong><\/h2>\n<p>Se trata de analizar el per\u00edodo de nuestra historia que se conoce como \u00absexenio democr\u00e1tico\u00bb, partiendo de un estudio del contexto general de la pol\u00edtica espa\u00f1ola del siglo xix, desde la guerra de la independencia, causa principal de todos los avatares, cambios, revoluciones, guerras y contratiempos que jalonaron todo el siglo, hasta el estallido de la revoluci\u00f3n de 1868. Fue esta revoluci\u00f3n la desembocadura l\u00f3gica del caos nacional, y su pretendida justificaci\u00f3n hist\u00f3rica, se basa en la necesidad de poner orden en el err\u00e1tico rumbo pol\u00edtico y social de espa\u00f1a, que tras el nefasto reinado de fernando vii, las guerras civiles desencadenadas tras su muerte y el reinado de su heredera isabel ii,  siempre bajo la tutela militar del llamado \u00abr\u00e9gimen de los generales\u00bb, hab\u00eda llegado a cotas de corrupci\u00f3n, desorden e inviabilidad que trajeron como consecuencia la rebeli\u00f3n de una parte importante del ej\u00e9rcito y de la marina de guerra, al frente de los cuales estaban prim, topete, serrano, serrano bedoya y los generales que hab\u00edan sido exiliados por el \u00faltimo gobierno de gonz\u00e1lez bravo. A la vez que los militares, y con su apoyo y aquiescencia, se produjo el alzamiento contra el sistema del elemento pol\u00edtico civil, plasmado en los acuerdos de ostende, mediante los cuales se aliaron el partido progresista, el dem\u00f3crata y el liberal, constituyendo por primera vez un frente com\u00fan y compartiendo protagonismo militares y civiles, en un dif\u00edcil acuerdo, que solamente fue posible gracias al tes\u00f3n, capacidad pol\u00edtica y temple personal del general prim, sin cuyo liderazgo la gloriosa revoluci\u00f3n de 1868 no se hubiera realizado. Nuestro estudio se divide en una introducci\u00f3n que estudia el ambiente general de siglo xix, per\u00edodo de nuestra historia lleno, como venimos diciendo, de revoluciones, motines, guerras, pronunciamientos y cambios constantes en el panorama pol\u00edtico. Igualmente fue un siglo inseguro, autoritario, militarista y, en much\u00edsimos aspectos, dif\u00edcil para que hubiera podido producirse el progreso de nuestro pa\u00eds, cuando ya en europa florec\u00edan los altos hornos y la revoluci\u00f3n industrial era una gozosa realidad econ\u00f3mica y su desarrollo pol\u00edtico corr\u00eda parejo con ella. La secuencia de nuestro trabajo es la siguiente: tras la introducci\u00f3n, estudiamos los antecedentes remotos, las perspectivas revolucionarias y el ambiente social del siglo xix, poniendo especial \u00e9nfasis en las consecuencias de la guerra de la independencia y el militarismo que la misma propici\u00f3, y se mantuvo hasta \u00e9pocas recientes. Hacemos una consideraci\u00f3n extensa del general prim y de sus ideas. Continuamos con el pensamiento popular y el esp\u00edritu de las reivindicaciones sociales de la \u00e9poca, para seguir con la llegada de los internacionalistas a espa\u00f1a. Las decepciones de la generaci\u00f3n revolucionaria y de la siguiente. El reinado de don amadeo de saboya, un repaso extenso a la primera rep\u00fablica y unas consideraciones finales sobre el agotamiento del sexenio. Cerramos con las conclusiones que, en n\u00famero de nueve apartados, creemos que aporta algunos aspectos nuevos a la visi\u00f3n del per\u00edodo que nos ocupa.<\/p>\n<p>&nbsp;<\/p>\n<h3>Datos acad\u00e9micos de la tesis doctoral \u00ab<strong>El general prim y la gloriosa revoluci\u00f3n de 1868<\/strong>\u00ab<\/h3>\n<ul>\n<li><strong>T\u00edtulo de la tesis:<\/strong>\u00a0 El general prim y la gloriosa revoluci\u00f3n de 1868 <\/li>\n<li><strong>Autor:<\/strong>\u00a0 Fernando \u00e1lvarez Balbuena <\/li>\n<li><strong>Universidad:<\/strong>\u00a0 Nacional de educaci\u00f3n a distancia<\/li>\n<li><strong>Fecha de lectura de la tesis:<\/strong>\u00a0 19\/12\/2008<\/li>\n<\/ul>\n<p>&nbsp;<\/p>\n<h3>Direcci\u00f3n y tribunal<\/h3>\n<ul>\n<li><strong>Director de la tesis<\/strong>\n<ul>\n<li>Ana Mart\u00ednez Aranc\u00f3n<\/li>\n<\/ul>\n<\/li>\n<li><strong>Tribunal<\/strong>\n<ul>\n<li>Presidente del tribunal: guadalupe G\u00f3mez-ferrer <\/li>\n<li>julio de la Cueva merino (vocal)<\/li>\n<li>faustino Fern\u00e1ndez-miranda alonso (vocal)<\/li>\n<li>eduardo Gonzalez calleja (vocal)<\/li>\n<\/ul>\n<\/li>\n<\/ul>\n<p>&nbsp;<\/p>\n","protected":false},"excerpt":{"rendered":"<p>Tesis doctoral de Fernando \u00e1lvarez Balbuena Se trata de analizar el per\u00edodo de nuestra historia que se conoce como \u00absexenio [&hellip;]<\/p>\n","protected":false},"author":1,"featured_media":0,"comment_status":"open","ping_status":"open","sticky":false,"template":"","format":"standard","meta":{"site-sidebar-layout":"default","site-content-layout":"","ast-site-content-layout":"","site-content-style":"default","site-sidebar-style":"default","ast-global-header-display":"","ast-banner-title-visibility":"","ast-main-header-display":"","ast-hfb-above-header-display":"","ast-hfb-below-header-display":"","ast-hfb-mobile-header-display":"","site-post-title":"","ast-breadcrumbs-content":"","ast-featured-img":"","footer-sml-layout":"","theme-transparent-header-meta":"","adv-header-id-meta":"","stick-header-meta":"","header-above-stick-meta":"","header-main-stick-meta":"","header-below-stick-meta":"","astra-migrate-meta-layouts":"default","ast-page-background-enabled":"default","ast-page-background-meta":{"desktop":{"background-color":"var(--ast-global-color-4)","background-image":"","background-repeat":"repeat","background-position":"center center","background-size":"auto","background-attachment":"scroll","background-type":"","background-media":"","overlay-type":"","overlay-color":"","overlay-gradient":""},"tablet":{"background-color":"","background-image":"","background-repeat":"repeat","background-position":"center center","background-size":"auto","background-attachment":"scroll","background-type":"","background-media":"","overlay-type":"","overlay-color":"","overlay-gradient":""},"mobile":{"background-color":"","background-image":"","background-repeat":"repeat","background-position":"center center","background-size":"auto","background-attachment":"scroll","background-type":"","background-media":"","overlay-type":"","overlay-color":"","overlay-gradient":""}},"ast-content-background-meta":{"desktop":{"background-color":"var(--ast-global-color-5)","background-image":"","background-repeat":"repeat","background-position":"center center","background-size":"auto","background-attachment":"scroll","background-type":"","background-media":"","overlay-type":"","overlay-color":"","overlay-gradient":""},"tablet":{"background-color":"var(--ast-global-color-5)","background-image":"","background-repeat":"repeat","background-position":"center center","background-size":"auto","background-attachment":"scroll","background-type":"","background-media":"","overlay-type":"","overlay-color":"","overlay-gradient":""},"mobile":{"background-color":"var(--ast-global-color-5)","background-image":"","background-repeat":"repeat","background-position":"center center","background-size":"auto","background-attachment":"scroll","background-type":"","background-media":"","overlay-type":"","overlay-color":"","overlay-gradient":""}},"footnotes":""},"categories":[3538,17070],"tags":[82278,58375,7239,188694,157360,188695],"class_list":["post-91012","post","type-post","status-publish","format-standard","hentry","category-historia-de-las-ideas-politicas","category-nacional-de-educacion-a-distancia","tag-ana-Martinez-arancon","tag-eduardo-gonzalez-calleja","tag-faustino-fernandez-miranda-alonso","tag-fernando-alvarez-balbuena","tag-guadalupe-gomez-ferrer","tag-julio-de-la-cueva-merino"],"_links":{"self":[{"href":"https:\/\/www.deberes.net\/tesis\/wp-json\/wp\/v2\/posts\/91012","targetHints":{"allow":["GET"]}}],"collection":[{"href":"https:\/\/www.deberes.net\/tesis\/wp-json\/wp\/v2\/posts"}],"about":[{"href":"https:\/\/www.deberes.net\/tesis\/wp-json\/wp\/v2\/types\/post"}],"author":[{"embeddable":true,"href":"https:\/\/www.deberes.net\/tesis\/wp-json\/wp\/v2\/users\/1"}],"replies":[{"embeddable":true,"href":"https:\/\/www.deberes.net\/tesis\/wp-json\/wp\/v2\/comments?post=91012"}],"version-history":[{"count":0,"href":"https:\/\/www.deberes.net\/tesis\/wp-json\/wp\/v2\/posts\/91012\/revisions"}],"wp:attachment":[{"href":"https:\/\/www.deberes.net\/tesis\/wp-json\/wp\/v2\/media?parent=91012"}],"wp:term":[{"taxonomy":"category","embeddable":true,"href":"https:\/\/www.deberes.net\/tesis\/wp-json\/wp\/v2\/categories?post=91012"},{"taxonomy":"post_tag","embeddable":true,"href":"https:\/\/www.deberes.net\/tesis\/wp-json\/wp\/v2\/tags?post=91012"}],"curies":[{"name":"wp","href":"https:\/\/api.w.org\/{rel}","templated":true}]}}